{"id":326194,"date":"2025-08-18T03:44:15","date_gmt":"2025-08-18T03:44:15","guid":{"rendered":"https:\/\/www.europesays.com\/fr\/326194\/"},"modified":"2025-08-18T03:44:15","modified_gmt":"2025-08-18T03:44:15","slug":"ce-tube-de-lete-quil-a-ecrit-sous-pseudo-et-personne-ne-le-sait","status":"publish","type":"post","link":"https:\/\/www.europesays.com\/fr\/326194\/","title":{"rendered":"ce tube de l&rsquo;\u00e9t\u00e9 qu&rsquo;il a \u00e9crit sous pseudo (et personne ne le sait)"},"content":{"rendered":"<p><img decoding=\"async\" class=\"caas-img has-preview\" alt=\"Christophe Clovis \/ Bestimage\" bad-src=\"https:\/\/www.europesays.com\/fr\/wp-content\/uploads\/2025\/08\/c7f556a2178372ba30da86e976a27435.jpeg\" src=\"https:\/\/www.europesays.com\/fr\/wp-content\/uploads\/2025\/08\/c7f556a2178372ba30da86e976a27435.jpeg\"\/><\/p>\n<p>Christophe Clovis \/ Bestimage<\/p>\n<p>Christophe Clovis \/ Bestimage\u00a0\u00bbMill\u00e9sime\u00a0\u00bb, \u00ab\u00a0Fan\u00a0\u00bb, \u00ab\u00a0Tomb\u00e9 pour elle\u00a0\u00bb, \u00ab\u00a0Lucie\u00a0\u00bb&#8230; En 35 ans de carri\u00e8re, Pascal Obispo a produit plusieurs dizaines de tubes incontournables pour son projet personnel. Et ce n&rsquo;est pas un secret, l&rsquo;auteur-compositeur-interpr\u00e8te aime partager son talent puisqu&rsquo;il a compos\u00e9 beaucoup de chansons phares pour d&rsquo;autres artistes : \u00ab\u00a0Allumer le feu\u00a0\u00bb pour Johnny Hallyday, \u00ab\u00a0Ma libert\u00e9 de penser\u00a0\u00bb pour Florent Pagny ou encore \u00ab\u00a0Zen\u00a0\u00bb de Zazie sont en effet l&rsquo;oeuvre de l&rsquo;artiste bordelais, m\u00eame <a class=\"link \" href=\"https:\/\/www.chartsinfrance.net\/Pascal-Obispo\/news-133183.html\" rel=\"nofollow noopener\" target=\"_blank\" data-ylk=\"slk:s&#039;il n&#039;a jamais pu travailler avec Vanessa Paradis;elm:context_link;itc:0;sec:content-canvas\">s&rsquo;il n&rsquo;a jamais pu travailler avec Vanessa Paradis<\/a> alors qu&rsquo;il en r\u00eavait !<\/p>\n<p>\u00ab\u00a0Il faut bien passer sur des radios que ne veulent pas de vous !\u00a0\u00bb<\/p>\n<p>Mais ce que l&rsquo;on ne savait pas du tout, c&rsquo;est qu&rsquo;\u00e0 l&rsquo;image d&rsquo;autres grandes stars de la chanson <a class=\"link \" href=\"https:\/\/www.chartsinfrance.net\/Jean-Jacques-Goldman\/news-133334.html\" rel=\"nofollow noopener\" target=\"_blank\" data-ylk=\"slk:comme Jean-Jacques Goldman;elm:context_link;itc:0;sec:content-canvas\">comme Jean-Jacques Goldman<\/a>, Pascal Obispo a compos\u00e9 des chansons sous pseudonyme&#8230; et \u00e0 plusieurs reprises, comme il l&rsquo;a racont\u00e9 avec humour \u00e0 Bruno Guillon sur RTL dans \u00ab\u00a0Le Bon Dimanche Show\u00a0\u00bb. \u00ab Je l&rsquo;ai fait moult fois ! Il faut bien passer sur des radios que ne veulent pas de vous ! \u00bb a expliqu\u00e9 le chanteur, pr\u00e9cisant gr\u00e2ce \u00e0 cette pratique avoir r\u00e9ussi \u00e0 \u00eatre diffus\u00e9 par certaines stations qui le snobaient et qui ont longtemps ignor\u00e9 qu&rsquo;il se cachait derri\u00e8re plusieurs de leurs titres les plus \u00e9cout\u00e9s. <br \/>Notamment&#8230; un tube de l&rsquo;\u00e9t\u00e9 sorti en 2005 ! \u00ab Moi j&rsquo;aime faire de la musique, \u00e9crire des chansons. Tu sais que j&rsquo;ai \u00e9t\u00e9 num\u00e9ro 1 \u00e0 un moment donn\u00e9 avec de la musique cubaine, en bo\u00eetes [de nuit], en reggaeton. J&rsquo;ai eu un num\u00e9ro 1 en reggaeton moi, \u00e7a s&rsquo;appelle Ze Peque\u00f1o. C&rsquo;\u00e9tait moi ! C&rsquo;\u00e9tait dr\u00f4le parce que mon pseudo c&rsquo;\u00e9tait Docteur O. Et donc j&rsquo;\u00e9tais num\u00e9ro 1 des clubs avec Ze Pe&#8230;<\/p>\n<p><a href=\"https:\/\/www.chartsinfrance.net\/Pascal-Obispo\/news-133506.html\" rel=\"nofollow noopener\" target=\"_blank\" data-ylk=\"slk:Cliquez ici pour voir la suite;elm:context_link;itc:0;sec:content-canvas\" class=\"link \">Cliquez ici pour voir la suite<\/a><\/p>\n<p>A lire aussi :<\/p>\n<p><a href=\"https:\/\/www.chartsinfrance.net\/Pascal-Obispo\/news-133361.html\" rel=\"nofollow noopener\" target=\"_blank\" data-ylk=\"slk:Pascal Obispo vient-il de donner son dernier concert ?;elm:context_link;itc:0;sec:content-canvas\" class=\"link \">Pascal Obispo vient-il de donner son dernier concert ?<\/a><br \/><a href=\"https:\/\/www.chartsinfrance.net\/Pascal-Obispo\/news-133183.html\" rel=\"nofollow noopener\" target=\"_blank\" data-ylk=\"slk:Pascal Obispo : cette star n&#039;a jamais voulu de ses chansons;elm:context_link;itc:0;sec:content-canvas\" class=\"link \">Pascal Obispo : cette star n&rsquo;a jamais voulu de ses chansons<\/a><br \/><a href=\"https:\/\/www.chartsinfrance.net\/Pascal-Obispo\/news-133075.html\" rel=\"nofollow noopener\" target=\"_blank\" data-ylk=\"slk:Pascal Obispo soulag\u00e9 : Elie Chouraqui jette l&#039;\u00e9ponge;elm:context_link;itc:0;sec:content-canvas\" class=\"link \">Pascal Obispo soulag\u00e9 : Elie Chouraqui jette l&rsquo;\u00e9ponge<\/a><\/p>\n","protected":false},"excerpt":{"rendered":"Christophe Clovis \/ Bestimage Christophe Clovis \/ Bestimage\u00a0\u00bbMill\u00e9sime\u00a0\u00bb, \u00ab\u00a0Fan\u00a0\u00bb, \u00ab\u00a0Tomb\u00e9 pour elle\u00a0\u00bb, \u00ab\u00a0Lucie\u00a0\u00bb&#8230; En 35 ans de carri\u00e8re,&hellip;\n","protected":false},"author":2,"featured_media":326195,"comment_status":"","ping_status":"","sticky":false,"template":"","format":"standard","meta":{"footnotes":""},"categories":[1355],"tags":[7961,58,59,1011,27,7195,1304,1361,873,17603,26569,10245],"class_list":{"0":"post-326194","1":"post","2":"type-post","3":"status-publish","4":"format-standard","5":"has-post-thumbnail","7":"category-musique","8":"tag-bruno-guillon","9":"tag-divertissement","10":"tag-entertainment","11":"tag-fr","12":"tag-france","13":"tag-jean-jacques-goldman","14":"tag-johnny-hallyday","15":"tag-music","16":"tag-musique","17":"tag-pascal-obispo","18":"tag-tube-de-lete","19":"tag-vanessa-paradis"},"share_on_mastodon":{"url":"https:\/\/pubeurope.com\/@fr\/115047711785978591","error":""},"_links":{"self":[{"href":"https:\/\/www.europesays.com\/fr\/wp-json\/wp\/v2\/posts\/326194","targetHints":{"allow":["GET"]}}],"collection":[{"href":"https:\/\/www.europesays.com\/fr\/wp-json\/wp\/v2\/posts"}],"about":[{"href":"https:\/\/www.europesays.com\/fr\/wp-json\/wp\/v2\/types\/post"}],"author":[{"embeddable":true,"href":"https:\/\/www.europesays.com\/fr\/wp-json\/wp\/v2\/users\/2"}],"replies":[{"embeddable":true,"href":"https:\/\/www.europesays.com\/fr\/wp-json\/wp\/v2\/comments?post=326194"}],"version-history":[{"count":0,"href":"https:\/\/www.europesays.com\/fr\/wp-json\/wp\/v2\/posts\/326194\/revisions"}],"wp:featuredmedia":[{"embeddable":true,"href":"https:\/\/www.europesays.com\/fr\/wp-json\/wp\/v2\/media\/326195"}],"wp:attachment":[{"href":"https:\/\/www.europesays.com\/fr\/wp-json\/wp\/v2\/media?parent=326194"}],"wp:term":[{"taxonomy":"category","embeddable":true,"href":"https:\/\/www.europesays.com\/fr\/wp-json\/wp\/v2\/categories?post=326194"},{"taxonomy":"post_tag","embeddable":true,"href":"https:\/\/www.europesays.com\/fr\/wp-json\/wp\/v2\/tags?post=326194"}],"curies":[{"name":"wp","href":"https:\/\/api.w.org\/{rel}","templated":true}]}}