{"id":326204,"date":"2025-08-18T03:51:10","date_gmt":"2025-08-18T03:51:10","guid":{"rendered":"https:\/\/www.europesays.com\/fr\/326204\/"},"modified":"2025-08-18T03:51:10","modified_gmt":"2025-08-18T03:51:10","slug":"pour-trump-il-est-exclu-que-lukraine-recupere-la-crimee-ou-entre-dans-lotan","status":"publish","type":"post","link":"https:\/\/www.europesays.com\/fr\/326204\/","title":{"rendered":"Pour Trump, il est exclu que l\u2019Ukraine r\u00e9cup\u00e8re la Crim\u00e9e ou entre dans l&rsquo;Otan"},"content":{"rendered":"<p>Le pr\u00e9sident am\u00e9ricain a affirm\u00e9 sur son r\u00e9seau social Truth que Volodymyr Zelensky pouvait mettre fin \u00e0 la guerre avec la Russie \u00abpresque imm\u00e9diatement\u00bb.<\/p>\n<p class=\"fig-paragraph\"><a href=\"http:\/\/www.lefigaro.fr\/international\/dossier\/donald-trump-investi-47e-president-des-etats-unis-notre-dossier-pour-tout-comprendre\" data-fig-type=\"Topic\" data-gtm-custom-categorie=\"navigation\" data-gtm-custom-action=\"crossclick\" data-gtm-custom-label=\"Contextuel\" data-gtm-event=\"customEventSPE\" data-fig-domain=\"LEFIGARO\" target=\"_blank\" rel=\"noopener\">Donald Trump<\/a>\u00a0a affirm\u00e9 que le pr\u00e9sident ukrainien Volodymyr Zelensky, qu&rsquo;il doit recevoir lundi, pouvait mettre fin \u00e0 la guerre avec la Russie \u00abpresque imm\u00e9diatement\u00bb, excluant que Kiev r\u00e9cup\u00e8re le contr\u00f4le de la Crim\u00e9e annex\u00e9e par Moscou en 2014 et entre dans l&rsquo;Otan.<\/p>\n<p class=\"fig-paragraph\">\u00abLe pr\u00e9sident ukrainien Zelensky peut mettre fin \u00e0 la guerre avec la Russie presque imm\u00e9diatement s&rsquo;il le veut, ou il peut continuer \u00e0 combattre. Souvenez-vous comment cela a commenc\u00e9. Pas question de r\u00e9cup\u00e9rer la Crim\u00e9e donn\u00e9e par Obama (il y a 12 ans, sans qu&rsquo;un seul coup de feu ne soit tir\u00e9) et PAS QUESTION POUR L&rsquo;UKRAINE D&rsquo;ENTRER DANS L&rsquo;OTAN\u00bb, a \u00e9crit le pr\u00e9sident am\u00e9ricain sur son r\u00e9seau Truth Social.<\/p>\n<p>                                    <a class=\"fig-a11y-skip a11y-hidden\" href=\"#fig-a11y-skip-main-inarticle\"><br \/>\n        Passer la publicit\u00e9<br \/>\n    <\/a><\/p>\n<p class=\"fig-paragraph\">De son c\u00f4t\u00e9, Volodymyr Zelensky, qui est arriv\u00e9 \u00e0 Washington, a dit sur X vouloir mettre fin \u00e0 la guerre \u00abrapidement\u00bb mais avec une \u00abpaix durable\u00bb, \u00e0 quelques heures d\u2019une r\u00e9union lundi avec Donald Trump \u00e0 Washington, o\u00f9 le pr\u00e9sident ukrainien a annonc\u00e9 \u00eatre arriv\u00e9.<\/p>\n<p class=\"fig-paragraph\">\u00abNous avons tous le profond d\u00e9sir de mettre fin \u00e0 cette guerre rapidement et de fa\u00e7on fiable. Et la paix doit \u00eatre durable\u00bb, a \u00e9crit M. Zelensky alors qu\u2019il doit rencontrer le pr\u00e9sident am\u00e9ricain, en pr\u00e9sence de dirigeants europ\u00e9ens qui le soutiennent.<\/p>\n","protected":false},"excerpt":{"rendered":"Le pr\u00e9sident am\u00e9ricain a affirm\u00e9 sur son r\u00e9seau social Truth que Volodymyr Zelensky pouvait mettre fin \u00e0 la&hellip;\n","protected":false},"author":2,"featured_media":326205,"comment_status":"","ping_status":"","sticky":false,"template":"","format":"standard","meta":{"footnotes":""},"categories":[5],"tags":[11,75,1011,27,131,14,12,136,134,28],"class_list":{"0":"post-326204","1":"post","2":"type-post","3":"status-publish","4":"format-standard","5":"has-post-thumbnail","7":"category-international","8":"tag-actualites","9":"tag-donald-trump","10":"tag-fr","11":"tag-france","12":"tag-guerre-en-ukraine","13":"tag-international","14":"tag-news","15":"tag-otan","16":"tag-volodymyr-zelensky","17":"tag-world"},"share_on_mastodon":{"url":"https:\/\/pubeurope.com\/@fr\/115047739147320263","error":""},"_links":{"self":[{"href":"https:\/\/www.europesays.com\/fr\/wp-json\/wp\/v2\/posts\/326204","targetHints":{"allow":["GET"]}}],"collection":[{"href":"https:\/\/www.europesays.com\/fr\/wp-json\/wp\/v2\/posts"}],"about":[{"href":"https:\/\/www.europesays.com\/fr\/wp-json\/wp\/v2\/types\/post"}],"author":[{"embeddable":true,"href":"https:\/\/www.europesays.com\/fr\/wp-json\/wp\/v2\/users\/2"}],"replies":[{"embeddable":true,"href":"https:\/\/www.europesays.com\/fr\/wp-json\/wp\/v2\/comments?post=326204"}],"version-history":[{"count":0,"href":"https:\/\/www.europesays.com\/fr\/wp-json\/wp\/v2\/posts\/326204\/revisions"}],"wp:featuredmedia":[{"embeddable":true,"href":"https:\/\/www.europesays.com\/fr\/wp-json\/wp\/v2\/media\/326205"}],"wp:attachment":[{"href":"https:\/\/www.europesays.com\/fr\/wp-json\/wp\/v2\/media?parent=326204"}],"wp:term":[{"taxonomy":"category","embeddable":true,"href":"https:\/\/www.europesays.com\/fr\/wp-json\/wp\/v2\/categories?post=326204"},{"taxonomy":"post_tag","embeddable":true,"href":"https:\/\/www.europesays.com\/fr\/wp-json\/wp\/v2\/tags?post=326204"}],"curies":[{"name":"wp","href":"https:\/\/api.w.org\/{rel}","templated":true}]}}