{"id":32621,"date":"2025-04-17T22:45:51","date_gmt":"2025-04-17T22:45:51","guid":{"rendered":"https:\/\/www.europesays.com\/fr\/32621\/"},"modified":"2025-04-17T22:45:51","modified_gmt":"2025-04-17T22:45:51","slug":"saint-etienne-metropole-les-poubelles-sentassent-les-negociations-reprennent","status":"publish","type":"post","link":"https:\/\/www.europesays.com\/fr\/32621\/","title":{"rendered":"Saint-\u00c9tienne M\u00e9tropole : les poubelles s&rsquo;entassent, les n\u00e9gociations reprennent"},"content":{"rendered":"<p>Alors que la gr\u00e8ve des agents de collecte de Saint-\u00c9tienne M\u00e9tropole entame sa deuxi\u00e8me semaine, la poursuite du mouvement a \u00e9t\u00e9 vot\u00e9e en assembl\u00e9e g\u00e9n\u00e9rale pour la semaine \u00e0 venir. Une r\u00e9union est, tout de m\u00eame, pr\u00e9vue ce lundi 14 avril avec les \u00e9lus de la M\u00e9tropole.<\/p>\n<p>Les poubelles continuent de s&rsquo;entasser. Et la contestation pourrait durer.<\/p>\n<p>Deuxi\u00e8me semaine de <b>gr\u00e8ve<\/b> pour les agents de collecte de <b>Saint-\u00c9tienne M\u00e9tropole<\/b>. La poursuite du mouvement, entam\u00e9 lundi 7 avril, a \u00e9t\u00e9 vot\u00e9e en assembl\u00e9e g\u00e9n\u00e9rale pour l&rsquo;ensemble de la semaine.<\/p>\n<p>La <b>CGT<\/b> d\u00e9nonce notamment la d\u00e9gradation des conditions de travail et le manque de s\u00e9curit\u00e9 des agents.<\/p>\n<p>Un rassemblement de soutien ce lundi<\/p>\n<p>Les n\u00e9gociations avec la M\u00e9tropole vont reprendre ce lundi 14 avril. Une r\u00e9union est pr\u00e9vue avec les \u00e9lus \u00e0 <b>18h30<\/b>.<\/p>\n<p>Le syndicat appelle d&rsquo;ailleurs \u00e0 un <b>rassemblement de soutien<\/b> des agents devant les locaux de Saint-\u00c9tienne M\u00e9tropole, avenue Gr\u00fcner.<\/p>\n<p><img loading=\"lazy\" decoding=\"async\" src=\"https:\/\/www.europesays.com\/fr\/wp-content\/uploads\/2025\/04\/1744929951_797_img\" width=\"350\" height=\"200\" border=\"0\" title=\"Le piquet de gr\u00c3\u00a8ve des agents de collecte de Saint-\u00c3\u0089tienne M\u00c3\u00a9tropole\"\/><\/p>\n<p>\u25baSoci\u00e9t\u00e9<\/p>\n<p style=\"font-size: 22px;\"><b>Gr\u00e8ve des agents de collecte : aucune poubelle ramass\u00e9e \u00e0 Saint-\u00c9tienne et dans l&rsquo;Ondaine<\/b><\/p>\n<p>Les agents de collecte de Saint-\u00c9tienne M\u00e9tropole&#8230;<\/p>\n<p><\/p>\n","protected":false},"excerpt":{"rendered":"Alors que la gr\u00e8ve des agents de collecte de Saint-\u00c9tienne M\u00e9tropole entame sa deuxi\u00e8me semaine, la poursuite du&hellip;\n","protected":false},"author":2,"featured_media":32622,"comment_status":"","ping_status":"","sticky":false,"template":"","format":"standard","meta":{"footnotes":""},"categories":[9653],"tags":[1111,11,6891,2430,1271,10957,1777,674,1011,27,10956,10958,12,10959,10960,25,9920,4001],"class_list":{"0":"post-32621","1":"post","2":"type-post","3":"status-publish","4":"format-standard","5":"has-post-thumbnail","7":"category-saint-etienne","8":"tag-actu","9":"tag-actualites","10":"tag-agents","11":"tag-auvergne-rhone-alpes","12":"tag-cgt","13":"tag-collecte","14":"tag-eu","15":"tag-europe","16":"tag-fr","17":"tag-france","18":"tag-grve","19":"tag-mtropole","20":"tag-news","21":"tag-poubelles","22":"tag-ramassage","23":"tag-republique-francaise","24":"tag-saint-tienne","25":"tag-saint-etienne"},"share_on_mastodon":{"url":"https:\/\/pubeurope.com\/@fr\/114355738032213492","error":""},"_links":{"self":[{"href":"https:\/\/www.europesays.com\/fr\/wp-json\/wp\/v2\/posts\/32621","targetHints":{"allow":["GET"]}}],"collection":[{"href":"https:\/\/www.europesays.com\/fr\/wp-json\/wp\/v2\/posts"}],"about":[{"href":"https:\/\/www.europesays.com\/fr\/wp-json\/wp\/v2\/types\/post"}],"author":[{"embeddable":true,"href":"https:\/\/www.europesays.com\/fr\/wp-json\/wp\/v2\/users\/2"}],"replies":[{"embeddable":true,"href":"https:\/\/www.europesays.com\/fr\/wp-json\/wp\/v2\/comments?post=32621"}],"version-history":[{"count":0,"href":"https:\/\/www.europesays.com\/fr\/wp-json\/wp\/v2\/posts\/32621\/revisions"}],"wp:featuredmedia":[{"embeddable":true,"href":"https:\/\/www.europesays.com\/fr\/wp-json\/wp\/v2\/media\/32622"}],"wp:attachment":[{"href":"https:\/\/www.europesays.com\/fr\/wp-json\/wp\/v2\/media?parent=32621"}],"wp:term":[{"taxonomy":"category","embeddable":true,"href":"https:\/\/www.europesays.com\/fr\/wp-json\/wp\/v2\/categories?post=32621"},{"taxonomy":"post_tag","embeddable":true,"href":"https:\/\/www.europesays.com\/fr\/wp-json\/wp\/v2\/tags?post=32621"}],"curies":[{"name":"wp","href":"https:\/\/api.w.org\/{rel}","templated":true}]}}