{"id":326211,"date":"2025-08-18T03:56:11","date_gmt":"2025-08-18T03:56:11","guid":{"rendered":"https:\/\/www.europesays.com\/fr\/326211\/"},"modified":"2025-08-18T03:56:11","modified_gmt":"2025-08-18T03:56:11","slug":"meurthe-et-moselle-de-brabois-a-laxou-le-plaisir-dune-marche-pres-de-nancy-jamais-loin-de-la-ville","status":"publish","type":"post","link":"https:\/\/www.europesays.com\/fr\/326211\/","title":{"rendered":"Meurthe-et-Moselle. De Brabois \u00e0 Laxou, le plaisir d\u2019une marche pr\u00e8s de Nancy jamais loin de la ville"},"content":{"rendered":"<p>Mollets aff\u00fbt\u00e9s, pr\u00e9parez-vous, <a href=\"https:\/\/geo.grandnancy.eu\/DOC_SIG\/DOC_URBA\/COMMUNICATION\/STORY_MAP_ITINERAIRES_SENTIERS\/RANDO_FICHES\/BRABOIS_PAR_LES_COTEAUX.pdf\" target=\"_blank\" rel=\"noopener\">Brabois par les coteaux<\/a> est une promenade d\u2019une dizaine de kilom\u00e8tres avec un d\u00e9nivel\u00e9 de 378 m\u00e8tres. Elle permet de marcher dans la for\u00eat et de d\u00e9couvrir un patrimoine parfois m\u00e9connu de la banlieue ouest de Nancy.<\/p>\n<p>Le d\u00e9marrage (balisage rectangle jaune) se fait depuis <a href=\"https:\/\/www.estrepublicain.fr\/culture-loisirs\/2022\/06\/06\/le-camping-de-brabois-a-la-cote-aupres-des-locaux\" target=\"_blank\" rel=\"noopener\">le camping de Brabois<\/a> o\u00f9 il est possible de se garer (mais le bus 16 vous d\u00e9pose aussi).<\/p>\n<p>Un chemin en ligne droite \u00ab\u00a0interminable\u00a0\u00bb<\/p>\n<p>Le parcours traverse l\u2019\u00e9tonnante pelouse de Villers-l\u00e8s-Nancy, avant de s\u2019aventurer dans le bois des Fourasses, sur une ligne droite appel\u00e9e fort justement \u00ab\u00a0L\u2019Interminable\u00a0\u00bb.<\/p>\n<p>Le retour se fait par le surprenant fond d\u2019Hardeval et son ruisseau, avant de longer le parc du ch\u00e2teau de Madame de Graffigny. Attention, la fin est en mont\u00e9e parfois raide dans un beau sentier, qui permet de finir bien fatigu\u00e9.<\/p>\n<p class=\"note\">Parcours disponible sur www.grandnancy.eu<\/p>\n","protected":false},"excerpt":{"rendered":"Mollets aff\u00fbt\u00e9s, pr\u00e9parez-vous, Brabois par les coteaux est une promenade d\u2019une dizaine de kilom\u00e8tres avec un d\u00e9nivel\u00e9 de&hellip;\n","protected":false},"author":2,"featured_media":326212,"comment_status":"","ping_status":"","sticky":false,"template":"","format":"standard","meta":{"footnotes":""},"categories":[9635],"tags":[1111,11,7782,1687,1704,1777,674,1011,27,775,31022,20065,10262,1702,12,3456,25,10261],"class_list":{"0":"post-326211","1":"post","2":"type-post","3":"status-publish","4":"format-standard","5":"has-post-thumbnail","7":"category-nancy","8":"tag-actu","9":"tag-actualites","10":"tag-balades-et-randonnees","11":"tag-culture-loisirs","12":"tag-edition-nancy-et-agglomeration","13":"tag-eu","14":"tag-europe","15":"tag-fr","16":"tag-france","17":"tag-grand-est","18":"tag-le-guide-de-lete-lorraine","19":"tag-magazine-tourisme-et-patrimoine","20":"tag-metropole-du-grand-nancy-54b5","21":"tag-nancy","22":"tag-news","23":"tag-region-lorraine","24":"tag-republique-francaise","25":"tag-villers-les-nancy"},"share_on_mastodon":{"url":"https:\/\/pubeurope.com\/@fr\/115047758761280568","error":""},"_links":{"self":[{"href":"https:\/\/www.europesays.com\/fr\/wp-json\/wp\/v2\/posts\/326211","targetHints":{"allow":["GET"]}}],"collection":[{"href":"https:\/\/www.europesays.com\/fr\/wp-json\/wp\/v2\/posts"}],"about":[{"href":"https:\/\/www.europesays.com\/fr\/wp-json\/wp\/v2\/types\/post"}],"author":[{"embeddable":true,"href":"https:\/\/www.europesays.com\/fr\/wp-json\/wp\/v2\/users\/2"}],"replies":[{"embeddable":true,"href":"https:\/\/www.europesays.com\/fr\/wp-json\/wp\/v2\/comments?post=326211"}],"version-history":[{"count":0,"href":"https:\/\/www.europesays.com\/fr\/wp-json\/wp\/v2\/posts\/326211\/revisions"}],"wp:featuredmedia":[{"embeddable":true,"href":"https:\/\/www.europesays.com\/fr\/wp-json\/wp\/v2\/media\/326212"}],"wp:attachment":[{"href":"https:\/\/www.europesays.com\/fr\/wp-json\/wp\/v2\/media?parent=326211"}],"wp:term":[{"taxonomy":"category","embeddable":true,"href":"https:\/\/www.europesays.com\/fr\/wp-json\/wp\/v2\/categories?post=326211"},{"taxonomy":"post_tag","embeddable":true,"href":"https:\/\/www.europesays.com\/fr\/wp-json\/wp\/v2\/tags?post=326211"}],"curies":[{"name":"wp","href":"https:\/\/api.w.org\/{rel}","templated":true}]}}