{"id":326215,"date":"2025-08-18T04:03:28","date_gmt":"2025-08-18T04:03:28","guid":{"rendered":"https:\/\/www.europesays.com\/fr\/326215\/"},"modified":"2025-08-18T04:03:28","modified_gmt":"2025-08-18T04:03:28","slug":"anciens-arnaud-nordin-jespere-quils-sont-descendus-pour-mieux-remonter","status":"publish","type":"post","link":"https:\/\/www.europesays.com\/fr\/326215\/","title":{"rendered":"[Anciens] Arnaud Nordin : \u201cJ\u2019esp\u00e8re qu\u2019ils sont descendus pour mieux remonter\u201d"},"content":{"rendered":"<p>Meilleur buteur pailladin de la saison 2024-25 dont il n\u2019a jou\u00e9 que la moiti\u00e9 en orange et bleu, Arnaud Nordin fait partie des joueurs dont les d\u00e9parts \u00e0 l\u2019hiver \u00e9taient financi\u00e8rement in\u00e9vitables. D\u00e9sormais \u00e0 Mayence, il ne souhaite que le meilleur pour son ancien club qu\u2019il aurait pu aider un peu plus longtemps.<\/p>\n<p>\u201c\u00c7\u2019a \u00e9t\u00e9 une ann\u00e9e vraiment difficile, malheureusement \u00e7a s\u2019est fait au 50\u00e8me anniversaire du club. On aurait pr\u00e9f\u00e9r\u00e9 que \u00e7a ne se fasse pas tout court, m\u00eame l\u2019ann\u00e9e prochaine ou l\u2019ann\u00e9e d\u2019apr\u00e8s. Apr\u00e8s c\u2019est vrai malheureusement \u00e7a faisait deux, trois, peut-\u00eatre quatre ans qu\u2019on flirtait un peu avec cette zone rouge. (Son d\u00e9part \u00e0 l\u2019hiver dans ce contexte) C\u2019\u00e9tait compliqu\u00e9, on avait un petit peu d\u2019espoir vu qu\u2019on revenait de deux victoires, je pars juste apr\u00e8s Monaco (2-1). On arrive \u00e0 battre Monaco, ce qui n\u2019est pas facile \u00e0 faire ; la semaine d\u2019apr\u00e8s, ils regagnent contre Toulouse (2-1) \u00e0 l\u2019ext\u00e9rieur il me semble. On \u00e9tait peut-\u00eatre repartis pour quelque chose, malheureusement le transfert a fait que j\u2019ai d\u00fb partir (sic).<\/p>\n<p>Je pense que les supporters nous ont support\u00e9s le plus longtemps possible, ils ont \u00e9t\u00e9 indulgents. Ils savaient forc\u00e9ment qu\u2019on n\u2019\u00e9tait pas la meilleure \u00e9quipe du championnat. Je ne pense pas qu\u2019on \u00e9tait la pire non plus. Malheureusement, il y a eu beaucoup de faits qui sont venus un peu gangr\u00e9ner cette saison. J\u2019esp\u00e8re qu\u2019ils sont descendus pour mieux remonter. En tout cas, c\u2019est tout ce que je souhaite \u00e0 ce club parce que ce sont des gens vraiment formidables. J\u2019y ai d\u00e9couvert un pr\u00e9sident, Michel M\u00e9zy, des coachs vraiment inoubliables. Je pense qu\u2019ils m\u00e9ritent \u00e7a, et surtout aussi parce que c\u2019est un des seuls clubs fran\u00e7ais qui entre guillemets n\u2019est pas aid\u00e9 par des fonds \u00e9trangers.\u201d<\/p>\n<p>Twitter CapteMedia<\/p>\n<p> https:\/\/twitter.com\/captemedia\/status\/1953868634972881214?t=8GUCwnpqYYk3yxyD6hILrw&#038;s=19<\/p>\n<p>  <script async src=\"https:\/\/platform.twitter.com\/widgets.js\" charset=\"utf-8\"><\/script><\/p>\n","protected":false},"excerpt":{"rendered":"Meilleur buteur pailladin de la saison 2024-25 dont il n\u2019a jou\u00e9 que la moiti\u00e9 en orange et bleu,&hellip;\n","protected":false},"author":2,"featured_media":326216,"comment_status":"","ping_status":"","sticky":false,"template":"","format":"standard","meta":{"footnotes":""},"categories":[9599],"tags":[328,1111,11,8132,1777,674,1011,27,2208,12,2680,25,240],"class_list":{"0":"post-326215","1":"post","2":"type-post","3":"status-publish","4":"format-standard","5":"has-post-thumbnail","7":"category-montpellier","8":"tag-a-la-une","9":"tag-actu","10":"tag-actualites","11":"tag-anciens","12":"tag-eu","13":"tag-europe","14":"tag-fr","15":"tag-france","16":"tag-montpellier","17":"tag-news","18":"tag-occitanie","19":"tag-republique-francaise","20":"tag-temoignage"},"share_on_mastodon":{"url":"https:\/\/pubeurope.com\/@fr\/115047786311092930","error":""},"_links":{"self":[{"href":"https:\/\/www.europesays.com\/fr\/wp-json\/wp\/v2\/posts\/326215","targetHints":{"allow":["GET"]}}],"collection":[{"href":"https:\/\/www.europesays.com\/fr\/wp-json\/wp\/v2\/posts"}],"about":[{"href":"https:\/\/www.europesays.com\/fr\/wp-json\/wp\/v2\/types\/post"}],"author":[{"embeddable":true,"href":"https:\/\/www.europesays.com\/fr\/wp-json\/wp\/v2\/users\/2"}],"replies":[{"embeddable":true,"href":"https:\/\/www.europesays.com\/fr\/wp-json\/wp\/v2\/comments?post=326215"}],"version-history":[{"count":0,"href":"https:\/\/www.europesays.com\/fr\/wp-json\/wp\/v2\/posts\/326215\/revisions"}],"wp:featuredmedia":[{"embeddable":true,"href":"https:\/\/www.europesays.com\/fr\/wp-json\/wp\/v2\/media\/326216"}],"wp:attachment":[{"href":"https:\/\/www.europesays.com\/fr\/wp-json\/wp\/v2\/media?parent=326215"}],"wp:term":[{"taxonomy":"category","embeddable":true,"href":"https:\/\/www.europesays.com\/fr\/wp-json\/wp\/v2\/categories?post=326215"},{"taxonomy":"post_tag","embeddable":true,"href":"https:\/\/www.europesays.com\/fr\/wp-json\/wp\/v2\/tags?post=326215"}],"curies":[{"name":"wp","href":"https:\/\/api.w.org\/{rel}","templated":true}]}}