{"id":326220,"date":"2025-08-18T04:09:24","date_gmt":"2025-08-18T04:09:24","guid":{"rendered":"https:\/\/www.europesays.com\/fr\/326220\/"},"modified":"2025-08-18T04:09:24","modified_gmt":"2025-08-18T04:09:24","slug":"le-stade-rennais-a-trouve-le-remplacant-darnaud-kalimuendo","status":"publish","type":"post","link":"https:\/\/www.europesays.com\/fr\/326220\/","title":{"rendered":"Le Stade Rennais a trouv\u00e9 le rempla\u00e7ant d\u2019Arnaud Kalimuendo"},"content":{"rendered":"<p>Vainqueur de l\u2019Olympique de Marseille (1-0) lors de la premi\u00e8re journ\u00e9e de <a href=\"https:\/\/www.footmercato.net\/france\/ligue-1\/\" rel=\"nofollow noopener\" target=\"_blank\">Ligue 1<\/a>, le Stade Rennais n\u2019a pas manqu\u00e9 son entr\u00e9e en lice. Pour autant, le club breton continue de s\u2019activer sur le mercato estival. Il faut dire que la direction rennaise est dans l\u2019obligation de se renforcer apr\u00e8s avoir c\u00e9d\u00e9 de nombreux cadres.<\/p>\n<p>            La suite apr\u00e8s cette publicit\u00e9<\/p>\n<p>Outre les d\u00e9parts de Baptiste Santamaria, Henrik Meister, Kazeem Olaigbe, Kyogo Furuhashi, Azor Matusiwa, Lorenz Assignon ou encore Adrien Truffert, le SRFC est \u00e9galement en passe de vendre <a href=\"https:\/\/www.footmercato.net\/joueur\/arnaud-kalimuendo\/\" rel=\"nofollow noopener\" target=\"_blank\">Arnaud Kalimuendo<\/a> du c\u00f4t\u00e9 de Nottingham Forest. D\u00e8s lors, si Mousa Al-Tamari et le jeune Mohamed Kader Me\u00eft\u00e9 peuvent, aujourd\u2019hui, \u00e9voluer \u00e0 la pointe de l\u2019attaque rennaise, le club a besoin de renforts offensifs. <\/p>\n<p>            La suite apr\u00e8s cette publicit\u00e9<\/p>\n<p>        Rennes discute avec le Sporting CP<\/p>\n<p>Dans cette optique, si les Rennais s\u2019appr\u00eatent \u00e0 r\u00e9cup\u00e9rer 30 millions d\u2019euros dans l\u2019op\u00e9ration Kalimuendo, des arriv\u00e9es sont \u00e0 pr\u00e9voir. Ce dimanche, L\u2019Equipe affirme, \u00e0 ce titre, que les Rouge et Noir s\u2019int\u00e9ressent \u00e0 <a href=\"https:\/\/www.footmercato.net\/joueur\/conrad-harder\/\" rel=\"nofollow noopener\" target=\"_blank\">Conrad Harder<\/a>, l\u2019attaquant du <a href=\"https:\/\/www.footmercato.net\/club\/sporting-clube-de-portugal\/\" rel=\"nofollow noopener\" target=\"_blank\">Sporting CP<\/a>. International danois depuis le 23 mars, l\u2019avant-centre de 20 ans a inscrit 11 buts en 47 matches, toutes comp\u00e9titions confondues, avec le club portugais lors de la saison pass\u00e9e.<\/p>\n<p>Arriv\u00e9 au sein du club lisbo\u00e8te \u00e0 l\u2019\u00e9t\u00e9 2024 en provenance du FC Nordsjaelland, le natif de Holte, gaucher d\u20191m85, est, aujourd\u2019hui, estim\u00e9 \u00e0 24 millions d\u2019euros selon le site sp\u00e9cialis\u00e9 Transfermarkt. Le quotidien pr\u00e9cise que des discussions sont en cours entre <a href=\"https:\/\/www.footmercato.net\/club\/stade-rennais-fc\/\" rel=\"nofollow noopener\" target=\"_blank\">Rennes<\/a> et le Sporting o\u00f9 il est sous contrat jusqu\u2019en 2029. Affaire \u00e0 suivre\u2026<\/p>\n<p>\n    Pub. le 17\/08\/2025 16:56<br \/>\n            &#8211; MAJ le 17\/08\/2025 22:20\n    <\/p>\n","protected":false},"excerpt":{"rendered":"Vainqueur de l\u2019Olympique de Marseille (1-0) lors de la premi\u00e8re journ\u00e9e de Ligue 1, le Stade Rennais n\u2019a&hellip;\n","protected":false},"author":2,"featured_media":319115,"comment_status":"","ping_status":"","sticky":false,"template":"","format":"standard","meta":{"footnotes":""},"categories":[2821],"tags":[1111,11,829,1777,674,1011,27,12,584,25],"class_list":{"0":"post-326220","1":"post","2":"type-post","3":"status-publish","4":"format-standard","5":"has-post-thumbnail","7":"category-rennes","8":"tag-actu","9":"tag-actualites","10":"tag-bretagne","11":"tag-eu","12":"tag-europe","13":"tag-fr","14":"tag-france","15":"tag-news","16":"tag-rennes","17":"tag-republique-francaise"},"share_on_mastodon":{"url":"https:\/\/pubeurope.com\/@fr\/115047809952965529","error":""},"_links":{"self":[{"href":"https:\/\/www.europesays.com\/fr\/wp-json\/wp\/v2\/posts\/326220","targetHints":{"allow":["GET"]}}],"collection":[{"href":"https:\/\/www.europesays.com\/fr\/wp-json\/wp\/v2\/posts"}],"about":[{"href":"https:\/\/www.europesays.com\/fr\/wp-json\/wp\/v2\/types\/post"}],"author":[{"embeddable":true,"href":"https:\/\/www.europesays.com\/fr\/wp-json\/wp\/v2\/users\/2"}],"replies":[{"embeddable":true,"href":"https:\/\/www.europesays.com\/fr\/wp-json\/wp\/v2\/comments?post=326220"}],"version-history":[{"count":0,"href":"https:\/\/www.europesays.com\/fr\/wp-json\/wp\/v2\/posts\/326220\/revisions"}],"wp:featuredmedia":[{"embeddable":true,"href":"https:\/\/www.europesays.com\/fr\/wp-json\/wp\/v2\/media\/319115"}],"wp:attachment":[{"href":"https:\/\/www.europesays.com\/fr\/wp-json\/wp\/v2\/media?parent=326220"}],"wp:term":[{"taxonomy":"category","embeddable":true,"href":"https:\/\/www.europesays.com\/fr\/wp-json\/wp\/v2\/categories?post=326220"},{"taxonomy":"post_tag","embeddable":true,"href":"https:\/\/www.europesays.com\/fr\/wp-json\/wp\/v2\/tags?post=326220"}],"curies":[{"name":"wp","href":"https:\/\/api.w.org\/{rel}","templated":true}]}}