{"id":326221,"date":"2025-08-18T04:10:22","date_gmt":"2025-08-18T04:10:22","guid":{"rendered":"https:\/\/www.europesays.com\/fr\/326221\/"},"modified":"2025-08-18T04:10:22","modified_gmt":"2025-08-18T04:10:22","slug":"une-sortie-de-lautoroute-a35-fermee-durant-pres-de-deux-semaines-des-lundi","status":"publish","type":"post","link":"https:\/\/www.europesays.com\/fr\/326221\/","title":{"rendered":"une sortie de l&rsquo;autoroute A35 ferm\u00e9e durant pr\u00e8s de deux semaines d\u00e8s lundi"},"content":{"rendered":"<p>            Par<br \/>\n        <strong><br \/>\n            <a href=\"https:\/\/actu.fr\/auteur\/redaction-strasbourg\" title=\"Consulter tous les articles de R\u00e9daction Strasbourg\" target=\"_blank\" rel=\"noopener\">R\u00e9daction Strasbourg<\/a><br \/>\n        <\/strong><\/p>\n<p>        Publi\u00e9 le<\/p>\n<p>            17 ao\u00fbt 2025 \u00e0 7h34        <\/p>\n<p>L\u2019\u00e9t\u00e9 et ses traditionnels travaux se poursuivent, cette fois sur <a href=\"https:\/\/actu.fr\/tag\/autoroute-35-a35\" target=\"_blank\" rel=\"noopener\">l\u2019autoroute A35<\/a><strong>.<\/strong> Dans le cadre de <strong>travaux de renouvellement de la chauss\u00e9e<\/strong> sur la RD 147,<strong> l\u2019\u00e9changeur n\u00b0\u00a09<\/strong> \u00e0 hauteur d\u2019<strong>Innenheim<\/strong> (<a href=\"http:\/\/actu.fr\/strasbourg\/\" target=\"_blank\" rel=\"noopener\">Bas-Rhin<\/a>) sera<strong> ferm\u00e9 \u00e0 la circulation<\/strong> durant pr\u00e8s de deux semaines d\u00e8s lundi 18\u00a0ao\u00fbt \u00e0 7\u2009h et jusqu\u2019au vendredi 29\u00a0ao\u00fbt \u00e0 20\u2009h.<\/p>\n<p>Des d\u00e9viations mises en place<\/p>\n<p class=\" wall-content\">Durant pr\u00e8s de deux semaines, la sortie autorouti\u00e8re situ\u00e9e \u00e0 moins de 20\u00a0km de Strasbourg sera donc ferm\u00e9e <strong>dans les deux sens de circulation.<\/strong><\/p>\n<p class=\" wall-content\">Plusieurs d\u00e9viations seront mises en place pour rejoindre Innenheim et les communes alentours.<\/p>\n<ul class=\" wall-content\">\n<li><strong>Dans le sens Strasbourg vers Colmar<\/strong>\u2009: par l\u2019A35 en direction de Colmar, sortie \u00e9changeur n\u00b0\u00a010 Krautergersheim, RD207 puis RD215 en direction d\u2019Innenheim<\/li>\n<li><strong>Dans le sens Colmar vers Strasbourg<\/strong> (avant sortie n\u00b0\u00a09)\u2009: sortie \u00e9changeur n\u00b0\u00a010 Krautergersheim, RD207 pour RD215 en direction d\u2019Innenheim<\/li>\n<li><strong>Dans le sens Colmar vers Strasbourg<\/strong> (apr\u00e8s la sortie n\u00b0\u00a09)\u2009: par A35 en direction de Strasbourg puis sortir n\u00b0\u00a08 Duppigheim et RD215 en direction d\u2019Innenheim.<\/li>\n<\/ul>\n<p class=\" wall-content\">En cas d\u2019intemp\u00e9ries ou de probl\u00e8me technique, les travaux pr\u00e9vus peuvent \u00eatre <strong>report\u00e9s dans un maximum de cinq jours ouvr\u00e9s<\/strong> apr\u00e8s la fin de p\u00e9riode initialement pr\u00e9vue. L\u2019axe devrait donc \u00e0 nouveau \u00eatre accessible aux automobilistes pour la <a href=\"https:\/\/actu.fr\/tag\/rentree-scolaire\" target=\"_blank\" rel=\"noopener\">rentr\u00e9e scolaire<\/a>.<\/p>\n<p class=\" wall-content\">Suivez toute l\u2019actualit\u00e9 de vos villes et m\u00e9dias favoris en vous inscrivant \u00e0 <a href=\"https:\/\/moncompte.actu.fr\" title=\"D\u00e9couvez Mon Actu\" rel=\"nofollow noopener\" data-trk=\"{&quot;cta&quot;:{&quot;action&quot;:&quot;https:\\\/\\\/moncompte.actu.fr&quot;,&quot;category&quot;:&quot;mon compte&quot;,&quot;from&quot;:&quot;article footer&quot;,&quot;name&quot;:&quot;Mon actu&quot;,&quot;type&quot;:&quot;cta&quot;}}\" target=\"_blank\">Mon Actu<\/a>.<\/p>\n<ul class=\"ac-article-tag wall-content\">\n<li><a href=\"https:\/\/actu.fr\/tag\/autoroute-35-a35\" data-trk=\"{&quot;cta&quot;:{&quot;action&quot;:&quot;Autoroute 35 (A35)&quot;,&quot;category&quot;:&quot;tag&quot;,&quot;from&quot;:&quot;article footer&quot;,&quot;name&quot;:&quot;Autoroute 35 (A35)&quot;,&quot;type&quot;:&quot;cta&quot;}}\" target=\"_blank\" rel=\"noopener\">#Autoroute 35 (A35)<\/a><\/li>\n<li><a href=\"https:\/\/actu.fr\/tag\/travaux\" data-trk=\"{&quot;cta&quot;:{&quot;action&quot;:&quot;Travaux&quot;,&quot;category&quot;:&quot;tag&quot;,&quot;from&quot;:&quot;article footer&quot;,&quot;name&quot;:&quot;Travaux&quot;,&quot;type&quot;:&quot;cta&quot;}}\" target=\"_blank\" rel=\"noopener\">#Travaux<\/a><\/li>\n<\/ul>\n","protected":false},"excerpt":{"rendered":"Par R\u00e9daction Strasbourg Publi\u00e9 le 17 ao\u00fbt 2025 \u00e0 7h34 L\u2019\u00e9t\u00e9 et ses traditionnels travaux se poursuivent, cette&hellip;\n","protected":false},"author":2,"featured_media":326222,"comment_status":"","ping_status":"","sticky":false,"template":"","format":"standard","meta":{"footnotes":""},"categories":[2820],"tags":[1111,11,16458,1777,674,1011,27,775,12,25,104,640,2086],"class_list":{"0":"post-326221","1":"post","2":"type-post","3":"status-publish","4":"format-standard","5":"has-post-thumbnail","7":"category-strasbourg","8":"tag-actu","9":"tag-actualites","10":"tag-autoroute-35-a35","11":"tag-eu","12":"tag-europe","13":"tag-fr","14":"tag-france","15":"tag-grand-est","16":"tag-news","17":"tag-republique-francaise","18":"tag-societe","19":"tag-strasbourg","20":"tag-travaux"},"share_on_mastodon":{"url":"https:\/\/pubeurope.com\/@fr\/115047813809992461","error":""},"_links":{"self":[{"href":"https:\/\/www.europesays.com\/fr\/wp-json\/wp\/v2\/posts\/326221","targetHints":{"allow":["GET"]}}],"collection":[{"href":"https:\/\/www.europesays.com\/fr\/wp-json\/wp\/v2\/posts"}],"about":[{"href":"https:\/\/www.europesays.com\/fr\/wp-json\/wp\/v2\/types\/post"}],"author":[{"embeddable":true,"href":"https:\/\/www.europesays.com\/fr\/wp-json\/wp\/v2\/users\/2"}],"replies":[{"embeddable":true,"href":"https:\/\/www.europesays.com\/fr\/wp-json\/wp\/v2\/comments?post=326221"}],"version-history":[{"count":0,"href":"https:\/\/www.europesays.com\/fr\/wp-json\/wp\/v2\/posts\/326221\/revisions"}],"wp:featuredmedia":[{"embeddable":true,"href":"https:\/\/www.europesays.com\/fr\/wp-json\/wp\/v2\/media\/326222"}],"wp:attachment":[{"href":"https:\/\/www.europesays.com\/fr\/wp-json\/wp\/v2\/media?parent=326221"}],"wp:term":[{"taxonomy":"category","embeddable":true,"href":"https:\/\/www.europesays.com\/fr\/wp-json\/wp\/v2\/categories?post=326221"},{"taxonomy":"post_tag","embeddable":true,"href":"https:\/\/www.europesays.com\/fr\/wp-json\/wp\/v2\/tags?post=326221"}],"curies":[{"name":"wp","href":"https:\/\/api.w.org\/{rel}","templated":true}]}}