{"id":326223,"date":"2025-08-18T04:12:30","date_gmt":"2025-08-18T04:12:30","guid":{"rendered":"https:\/\/www.europesays.com\/fr\/326223\/"},"modified":"2025-08-18T04:12:30","modified_gmt":"2025-08-18T04:12:30","slug":"les-ultras-sen-prennent-a-la-gestion-de-blueco","status":"publish","type":"post","link":"https:\/\/www.europesays.com\/fr\/326223\/","title":{"rendered":"les ultras s\u2019en prennent \u00e0 la gestion de BlueCo"},"content":{"rendered":"<p>Malgr\u00e9 un mercato on\u00e9reux, avec plus de 100 millions d\u2019euros d\u00e9pens\u00e9s, les supporters du RC <a href=\"https:\/\/www.footmercato.net\/club\/rc-strasbourg-alsace\/\" rel=\"nofollow noopener\" target=\"_blank\">Strasbourg<\/a> ne sont pas satisfaits de la gestion de leur club. Ce dimanche, le groupe Ultra Boys 90 a vivement critiqu\u00e9 la gestion de BlueCo, propri\u00e9taire du RCSA depuis juin 2023 et \u00e0 la t\u00eate de Chelsea depuis mai 2022, en pointant du doigt la perte d\u2019ind\u00e9pendance du club alsacien due \u00e0 la multipropri\u00e9t\u00e9.<\/p>\n<p>            La suite apr\u00e8s cette publicit\u00e9<\/p>\n<p>\u00abLes probl\u00e9matiques que nous soulevons depuis la prise de pouvoir par BlueCo ne se sont pas estomp\u00e9es par magie pendant cette intersaison. Au contraire m\u00eame. Le mercato effectu\u00e9 jusqu\u2019ici prouve jusqu\u2019\u00e0 l\u2019absurde que le Racing n\u2019est plus un club qui prend des d\u00e9cisions pour son propre int\u00e9r\u00eat. Nous assistons au contraire \u00e0 une fuite en avant o\u00f9 Chelsea m\u00e8ne la barque au d\u00e9triment de l\u2019ind\u00e9pendance de notre club\u00bb, peut-on notamment lire dans leur communiqu\u00e9. Les Ultra Boys 90 regrettent \u00e9galement que le co-propri\u00e9taire Behdad Eghbali n\u2019ait pas honor\u00e9 sa promesse de rencontrer le groupe de supporters \u00e0 la fin de la saison derni\u00e8re. \u00abNous avons toujours d\u00e9fendu un football enracin\u00e9, populaire, port\u00e9 par des tribunes vivantes et une histoire unique. Aujourd\u2019hui, on tente de nous imposer un mod\u00e8le o\u00f9 les clubs sont g\u00e9r\u00e9s comme des franchises de fast-food\u00bb, ont-ils d\u00e9nonc\u00e9.<\/p>\n<p>\n    Pub. le 17\/08\/2025 19:21<br \/>\n            &#8211; MAJ le 18\/08\/2025 03:59\n    <\/p>\n","protected":false},"excerpt":{"rendered":"Malgr\u00e9 un mercato on\u00e9reux, avec plus de 100 millions d\u2019euros d\u00e9pens\u00e9s, les supporters du RC Strasbourg ne sont&hellip;\n","protected":false},"author":2,"featured_media":326224,"comment_status":"","ping_status":"","sticky":false,"template":"","format":"standard","meta":{"footnotes":""},"categories":[2820],"tags":[1111,11,1777,674,1011,27,775,12,25,640],"class_list":{"0":"post-326223","1":"post","2":"type-post","3":"status-publish","4":"format-standard","5":"has-post-thumbnail","7":"category-strasbourg","8":"tag-actu","9":"tag-actualites","10":"tag-eu","11":"tag-europe","12":"tag-fr","13":"tag-france","14":"tag-grand-est","15":"tag-news","16":"tag-republique-francaise","17":"tag-strasbourg"},"share_on_mastodon":{"url":"https:\/\/pubeurope.com\/@fr\/115047821746280817","error":""},"_links":{"self":[{"href":"https:\/\/www.europesays.com\/fr\/wp-json\/wp\/v2\/posts\/326223","targetHints":{"allow":["GET"]}}],"collection":[{"href":"https:\/\/www.europesays.com\/fr\/wp-json\/wp\/v2\/posts"}],"about":[{"href":"https:\/\/www.europesays.com\/fr\/wp-json\/wp\/v2\/types\/post"}],"author":[{"embeddable":true,"href":"https:\/\/www.europesays.com\/fr\/wp-json\/wp\/v2\/users\/2"}],"replies":[{"embeddable":true,"href":"https:\/\/www.europesays.com\/fr\/wp-json\/wp\/v2\/comments?post=326223"}],"version-history":[{"count":0,"href":"https:\/\/www.europesays.com\/fr\/wp-json\/wp\/v2\/posts\/326223\/revisions"}],"wp:featuredmedia":[{"embeddable":true,"href":"https:\/\/www.europesays.com\/fr\/wp-json\/wp\/v2\/media\/326224"}],"wp:attachment":[{"href":"https:\/\/www.europesays.com\/fr\/wp-json\/wp\/v2\/media?parent=326223"}],"wp:term":[{"taxonomy":"category","embeddable":true,"href":"https:\/\/www.europesays.com\/fr\/wp-json\/wp\/v2\/categories?post=326223"},{"taxonomy":"post_tag","embeddable":true,"href":"https:\/\/www.europesays.com\/fr\/wp-json\/wp\/v2\/tags?post=326223"}],"curies":[{"name":"wp","href":"https:\/\/api.w.org\/{rel}","templated":true}]}}