{"id":326225,"date":"2025-08-18T04:13:11","date_gmt":"2025-08-18T04:13:11","guid":{"rendered":"https:\/\/www.europesays.com\/fr\/326225\/"},"modified":"2025-08-18T04:13:11","modified_gmt":"2025-08-18T04:13:11","slug":"mama-shelter-hotel-du-couvent-anantara-plaza-que-pensent-les-clients-des-nouveaux-etablissements-de-luxe-implantes-a-nice","status":"publish","type":"post","link":"https:\/\/www.europesays.com\/fr\/326225\/","title":{"rendered":"Mama Shelter, H\u00f4tel du Couvent, Anantara Plaza&#8230; Que pensent les clients des nouveaux \u00e9tablissements de luxe implant\u00e9s \u00e0 Nice?"},"content":{"rendered":"<p>les h\u00f4tels de luxe ont fleuri \u00e0 Nice depuis deux ans. Mais les prestations de ces \u00e9tablissements 4 ou 5-\u00e9toiles sont-elles \u00e0 la hauteur de leurs tarifs et des exigences de leurs clients?<\/p>\n<p>Nous sommes all\u00e9s voir les avis laiss\u00e9s sur la plateforme TripAdvisor concernant quelques-uns des \u00e9tablissements de luxe qui ont r\u00e9cemment ouvert leurs portes.<\/p>\n<p>Nuisances sonores, tarifs trop \u00e9lev\u00e9s et rapport qualit\u00e9-prix pas toujours au rendez-vous ont \u00e9t\u00e9 soulign\u00e9s. Mais on trouve aussi des visiteurs conquis et \u00e9merveill\u00e9s. Si les notes attribu\u00e9es sont toutes au-dessus de 4, les commentaires ne sont pas toujours tendres.<\/p>\n<p>L\u2019h\u00f4tel du Couvent: un \u00ab\u00a0endroit merveilleux\u00a0\u00bb o\u00f9 \u00ab\u00a0le luxe se paie\u00a0\u00bb<\/p>\n<p>Avec une note de 4,6\/5 sur TripAdvisor, l\u2019h\u00f4tel du Couvent, dans le Vieux-Nice, est d\u00e9crit comme \u00ab\u00a0un endroit merveilleux pour s\u00e9journer \u00e0 Nice\u00a0\u00bb, par Nadine M. qui y a s\u00e9journ\u00e9 5 jours avec son mari au mois de mai. Attribuant la note maximale de 5\/5 \u00e0 l\u2019\u00e9tablissement.<\/p>\n<p>M\u00eame son de cloche pour Billy W. qui a test\u00e9 l\u2019\u00e9tablissement en juin: \u00ab\u00a0La simplicit\u00e9 et le go\u00fbt du couvent \u00e9taient de classe mondiale\u00a0\u00bb.<\/p>\n<p>Mais comme rien ne peut \u00eatre parfait, quelques b\u00e9mols sont recens\u00e9s. Comme le fait que les taxis ne peuvent d\u00e9poser les clients \u00e0 l\u2019entr\u00e9e de l\u2019h\u00f4tel \u00ab\u00a0car ils ne sont pas autoris\u00e9s \u00e0 conduire dans cette partie de Nice\u00a0\u00bb, a pu constater Annab52 lors de son s\u00e9jour en juillet.<\/p>\n<p>Pour Jo Ponte, il s\u2019agit d\u2019un \u00ab\u00a0bel endroit\u00a0\u00bb, mais \u00ab\u00a0le luxe se paie\u00a0\u00bb. Ce dernier d\u00e9plore les tarifs \u00e9lev\u00e9s pour de \u00ab\u00a0petits cocktails et petits en-cas\u00a0\u00bb.<\/p>\n<p>\u00ab\u00a0Tr\u00e8s mauvais rapport qualit\u00e9 prix\u00a0\u00bb ou \u00ab\u00a0lieu d\u2019exception\u00a0\u00bb pour l\u2019Anantara Plaza?<\/p>\n<p>Plusieurs clients du mois de juillet ont laiss\u00e9 des commentaires sur leur s\u00e9jour \u00e0 l\u2019Anantara Plaza, situ\u00e9 en face du jardin Albert-Ier. \u00ab\u00a0D\u00e9cevant\u00a0\u00bb pour Marie G. qui ne m\u00e2che pas ses mots: \u00ab\u00a0Tr\u00e8s mauvais rapport qualit\u00e9 prix, \u00e0 500 euros la petite chambre, bruyante sur la rue, avec un balcon de 1,50m2\u00a0\u00bb.<\/p>\n<p>Autre b\u00e9mol pour Steve S.: \u00ab\u00a0Vous serez soumis \u00e0 tous les bruits associ\u00e9s aux tables et chaises au-dessus de vous au restaurant sur le toit\u00a0\u00bb, s\u2019il s\u2019agit d\u2019une chambre au 5e \u00e9tage. Il sugg\u00e8re de r\u00e9server jusqu\u2019au 4e \u00e9tage.<\/p>\n<p>Pierre et Romain ont, eux, \u00e9t\u00e9 enchant\u00e9s par ce \u00ab\u00a0lieu d\u2019exception \u00e0 la d\u00e9coration belle \u00e9poque\u00a0\u00bb et pr\u00e9cisent qu\u2019\u00a0\u00bbici tout est raffinement et chic \u00e0 la fran\u00e7aise\u00a0\u00bb.<\/p>\n<p>La note attribu\u00e9e par les clients \u00e0 l\u2019h\u00f4tel Anantara s\u2019\u00e9l\u00e8ve \u00e0 4,3\/5.<\/p>\n<p>Des avis tr\u00e8s mitig\u00e9s pour le Mama Shelter<\/p>\n<p>Du c\u00f4t\u00e9 de Riquier, le Mama Shelter obtient une note de 4,2\/5 mais r\u00e9colte des avis tr\u00e8s mitig\u00e9s, que ce soit pour l\u2019h\u00f4tel ou pour la restauration.<\/p>\n<p>\u00ab\u00a0Maman ne t\u2019aime pas, elle aime ton argent\u00a0\u00bb, l\u00e2che Armin T. qui a s\u00e9journ\u00e9 dans l\u2019\u00e9tablissement en avril. Ce dernier se plaint du cadre de l\u2019h\u00f4tel et du manque de services. \u00ab\u00a0On ne nous a pas propos\u00e9 de changer de chambre m\u00eame apr\u00e8s des jours de d\u00e9g\u00e2ts des eaux\u00a0\u00bb, raconte-t-il. Un constat partag\u00e9 par Jade T. qui indique dans son commentaire: \u00ab\u00a0Bien mais manque de prestations\u00a0\u00bb.<\/p>\n<p>Pour d\u2019autres le Mama Shelter est une \u00ab\u00a0excellente adresse\u00a0\u00bb. \u00ab\u00a0Nous adorons cet endroit\u00a0\u00bb, s\u2019enthousiasme Delphine M. qui ajoute: \u00ab\u00a0La d\u00e9co est originale et d\u00e9cal\u00e9e! Le restaurant est d\u00e9licieux, le brunch est incroyable et le rooftop est id\u00e9al pour d\u00e9compresser autour d\u2019un verre et grignoter un morceau\u00a0\u00bb.<\/p>\n<p>De \u00ab\u00a0m\u00e9diocre\u00a0\u00bb \u00e0 \u00ab\u00a0parfait\u00a0\u00bb pour Maison Albar &#8211; Le Victoria<\/p>\n<p>L\u2019\u00e9tablissement 5-\u00e9toiles de l\u2019avenue de Su\u00e8de d\u00e9croche 4,2\/5.<\/p>\n<p>Pour Charbonneauseb, qui est venu en juillet chez Maison Albar, \u00ab\u00a0il reste des ajustements \u00e0 faire\u00a0\u00bb. Ce client pointe notamment \u00ab\u00a0un service plut\u00f4t m\u00e9diocre malheureusement\u00a0\u00bb. \u00ab\u00a0On a attendu 2 heures avant d\u2019avoir notre chambre\u00a0\u00bb, partage Arnaudvdm qui trouve l\u2019h\u00f4tel \u00ab\u00a0cher mais bien plac\u00e9\u00a0\u00bb.<\/p>\n<p>Satof75 a, en revanche, pass\u00e9 un \u00ab\u00a0tr\u00e8s beau s\u00e9jour o\u00f9 les r\u00e8gles de l\u2019h\u00f4tellerie haut de gamme [ont \u00e9t\u00e9] appliqu\u00e9es avec une grande rigueur\u00a0\u00bb, au d\u00e9but du mois. Ainsi que Bernard M. qui \u00e9crit que \u00ab\u00a0l\u2019accueil, la chambre, la qualit\u00e9 du petit-d\u00e9jeuner et du restaurant ont tous contribu\u00e9 \u00e0 rendre ce s\u00e9jour parfait\u00a0\u00bb.<\/p>\n<p>              <img ci-src=\"https:\/\/www.nicematin.com\/vie-locale\/protec\/DATA_ART_16091666-9SEwPE3o.jpg?vh=f1dbd8&amp;ci_seal=2ba5940d08\" alt=\"\"\/><br \/>\n        L\u2019h\u00f4tel Maison Albar &#8211; Le Victoria, avenue de Su\u00e8de. Photo C. D. <\/p>\n","protected":false},"excerpt":{"rendered":"les h\u00f4tels de luxe ont fleuri \u00e0 Nice depuis deux ans. Mais les prestations de ces \u00e9tablissements 4&hellip;\n","protected":false},"author":2,"featured_media":326226,"comment_status":"","ping_status":"","sticky":false,"template":"","format":"standard","meta":{"footnotes":""},"categories":[2819],"tags":[1111,11,1777,674,1011,27,12,2401,882,25,3366],"class_list":{"0":"post-326225","1":"post","2":"type-post","3":"status-publish","4":"format-standard","5":"has-post-thumbnail","7":"category-nice","8":"tag-actu","9":"tag-actualites","10":"tag-eu","11":"tag-europe","12":"tag-fr","13":"tag-france","14":"tag-news","15":"tag-nice","16":"tag-provence-alpes-cote-dazur","17":"tag-republique-francaise","18":"tag-vie-locale"},"share_on_mastodon":{"url":"https:\/\/pubeurope.com\/@fr\/115047825675461040","error":""},"_links":{"self":[{"href":"https:\/\/www.europesays.com\/fr\/wp-json\/wp\/v2\/posts\/326225","targetHints":{"allow":["GET"]}}],"collection":[{"href":"https:\/\/www.europesays.com\/fr\/wp-json\/wp\/v2\/posts"}],"about":[{"href":"https:\/\/www.europesays.com\/fr\/wp-json\/wp\/v2\/types\/post"}],"author":[{"embeddable":true,"href":"https:\/\/www.europesays.com\/fr\/wp-json\/wp\/v2\/users\/2"}],"replies":[{"embeddable":true,"href":"https:\/\/www.europesays.com\/fr\/wp-json\/wp\/v2\/comments?post=326225"}],"version-history":[{"count":0,"href":"https:\/\/www.europesays.com\/fr\/wp-json\/wp\/v2\/posts\/326225\/revisions"}],"wp:featuredmedia":[{"embeddable":true,"href":"https:\/\/www.europesays.com\/fr\/wp-json\/wp\/v2\/media\/326226"}],"wp:attachment":[{"href":"https:\/\/www.europesays.com\/fr\/wp-json\/wp\/v2\/media?parent=326225"}],"wp:term":[{"taxonomy":"category","embeddable":true,"href":"https:\/\/www.europesays.com\/fr\/wp-json\/wp\/v2\/categories?post=326225"},{"taxonomy":"post_tag","embeddable":true,"href":"https:\/\/www.europesays.com\/fr\/wp-json\/wp\/v2\/tags?post=326225"}],"curies":[{"name":"wp","href":"https:\/\/api.w.org\/{rel}","templated":true}]}}