{"id":326227,"date":"2025-08-18T04:15:01","date_gmt":"2025-08-18T04:15:01","guid":{"rendered":"https:\/\/www.europesays.com\/fr\/326227\/"},"modified":"2025-08-18T04:15:01","modified_gmt":"2025-08-18T04:15:01","slug":"logc-nice-battu-a-domicile-par-le-tefece-pour-sa-premiere-en-ligue-1-0-1","status":"publish","type":"post","link":"https:\/\/www.europesays.com\/fr\/326227\/","title":{"rendered":"L&rsquo;OGC Nice battu \u00e0 domicile par le T\u00e9f\u00e9c\u00e9 pour sa premi\u00e8re en Ligue 1 (0-1)"},"content":{"rendered":"<p>Pire, il a perdu contre moins fort que lui cette fois. Au-del\u00e0 de la tr\u00e8s mauvaise op\u00e9ration comptable livr\u00e9e devant son public, c&rsquo;est surtout la prestation globalement insipide du Gym qui inqui\u00e8te toujours \u00e0 deux semaines de la fin du mercato.<\/p>\n<p>Sans parler de quelques individualit\u00e9s totalement transparentes.<\/p>\n<p>Ce fut d&rsquo;abord le n\u00e9ant pendant 45 minutes. Toulouse, qui avait pourtant encaiss\u00e9 13 buts en deux matchs de pr\u00e9paration sans en rendre aucun \u00e0 Leipzig et Stuttgard (7 et 6-0), a eu les meilleures occasions.<\/p>\n<p>Et Diouf a m\u00eame failli leur offrir l&rsquo;ouverture du score sur un plateau sur une passe en retrait anodine de Bah (19&prime;). Apr\u00e8s le repos, Bouanani est un poil sorti du triangle des Bermudes qu&rsquo;il formait avec Clauss et Louchet pour offrir quelques occasions de but au Gym (50&prime;, 53&prime;, 54&prime;) mais sans grosse frayeur non plus pour Guillaume Restes et les Toulousains.<\/p>\n<p>Au contraire, c&rsquo;est Y\u00e9hvann Diouf qui a confirm\u00e9 tous les doutes qui entourent son arriv\u00e9e avec une frappe de Sidib\u00e9 une nouvelle fois encaiss\u00e9e sur son premier poteau. Certes puissante, elle arrivait droit sur lui (89&prime;, 0-1).<\/p>\n<p>Trois matchs officiels, trois d\u00e9faites, c&rsquo;est ce qu&rsquo;on appelle un vrai d\u00e9part catastrophe pour la saison II de Franck Haise \u00e0 l&rsquo;OGC Nice.<\/p>\n","protected":false},"excerpt":{"rendered":"Pire, il a perdu contre moins fort que lui cette fois. Au-del\u00e0 de la tr\u00e8s mauvaise op\u00e9ration comptable&hellip;\n","protected":false},"author":2,"featured_media":326228,"comment_status":"","ping_status":"","sticky":false,"template":"","format":"standard","meta":{"footnotes":""},"categories":[2819],"tags":[1111,11,1777,674,63,1011,27,12,2401,882,25,60],"class_list":{"0":"post-326227","1":"post","2":"type-post","3":"status-publish","4":"format-standard","5":"has-post-thumbnail","7":"category-nice","8":"tag-actu","9":"tag-actualites","10":"tag-eu","11":"tag-europe","12":"tag-football","13":"tag-fr","14":"tag-france","15":"tag-news","16":"tag-nice","17":"tag-provence-alpes-cote-dazur","18":"tag-republique-francaise","19":"tag-sports"},"share_on_mastodon":{"url":"https:\/\/pubeurope.com\/@fr\/115047833455388606","error":""},"_links":{"self":[{"href":"https:\/\/www.europesays.com\/fr\/wp-json\/wp\/v2\/posts\/326227","targetHints":{"allow":["GET"]}}],"collection":[{"href":"https:\/\/www.europesays.com\/fr\/wp-json\/wp\/v2\/posts"}],"about":[{"href":"https:\/\/www.europesays.com\/fr\/wp-json\/wp\/v2\/types\/post"}],"author":[{"embeddable":true,"href":"https:\/\/www.europesays.com\/fr\/wp-json\/wp\/v2\/users\/2"}],"replies":[{"embeddable":true,"href":"https:\/\/www.europesays.com\/fr\/wp-json\/wp\/v2\/comments?post=326227"}],"version-history":[{"count":0,"href":"https:\/\/www.europesays.com\/fr\/wp-json\/wp\/v2\/posts\/326227\/revisions"}],"wp:featuredmedia":[{"embeddable":true,"href":"https:\/\/www.europesays.com\/fr\/wp-json\/wp\/v2\/media\/326228"}],"wp:attachment":[{"href":"https:\/\/www.europesays.com\/fr\/wp-json\/wp\/v2\/media?parent=326227"}],"wp:term":[{"taxonomy":"category","embeddable":true,"href":"https:\/\/www.europesays.com\/fr\/wp-json\/wp\/v2\/categories?post=326227"},{"taxonomy":"post_tag","embeddable":true,"href":"https:\/\/www.europesays.com\/fr\/wp-json\/wp\/v2\/tags?post=326227"}],"curies":[{"name":"wp","href":"https:\/\/api.w.org\/{rel}","templated":true}]}}