{"id":326235,"date":"2025-08-18T04:21:12","date_gmt":"2025-08-18T04:21:12","guid":{"rendered":"https:\/\/www.europesays.com\/fr\/326235\/"},"modified":"2025-08-18T04:21:12","modified_gmt":"2025-08-18T04:21:12","slug":"un-geant-du-btp-installe-son-siege-dans-ce-secteur-pres-de-toulouse","status":"publish","type":"post","link":"https:\/\/www.europesays.com\/fr\/326235\/","title":{"rendered":"Un g\u00e9ant du BTP installe son si\u00e8ge dans ce secteur, pr\u00e8s de Toulouse"},"content":{"rendered":"<p>            Par<br \/>\n        <strong><br \/>\n            <a href=\"https:\/\/actu.fr\/auteur\/guillaume-laurens\" title=\"Consulter tous les articles de Guillaume Laurens\" rel=\"nofollow noopener\" target=\"_blank\">Guillaume Laurens<\/a><br \/>\n        <\/strong><\/p>\n<p>        Publi\u00e9 le<\/p>\n<p>            18 ao\u00fbt 2025 \u00e0 6h04        <\/p>\n<p>G\u00e9ant fran\u00e7ais du BTP, <strong>NGE<\/strong> est sous les feux des projecteurs ces derni\u00e8res ann\u00e9es, \u00e9tant l\u2019un des acteurs majeurs du chantier de la <a href=\"https:\/\/actu.fr\/tag\/autoroute-castres-toulouse-a69\" rel=\"nofollow noopener\" target=\"_blank\">fameuse <strong>A69<\/strong><\/a>, l\u2019autoroute reliant Castres \u00e0 Toulouse, dont il sera aussi <a href=\"https:\/\/actu.fr\/occitanie\/lagarrigue_81130\/concessionnaire-debut-des-travaux-les-annonces-de-jean-castex-sur-l-autoroute-toulouse-castres_45183516.html\" rel=\"nofollow noopener\" target=\"_blank\">le futur concessionnaire<\/a>. Mais au-del\u00e0 de ce projet phare, il est actuellement en premi\u00e8re ligne du c\u00f4t\u00e9 de <a href=\"https:\/\/actu.fr\/occitanie\/muret_31395\" rel=\"nofollow noopener\" target=\"_blank\"><strong>Muret<\/strong> <\/a>(Haute-Garonne), au sud de la Ville rose cette fois, o\u00f9 ce groupe fran\u00e7ais ind\u00e9pendant en pleine expansion \u2014 qui \u0153uvre en r\u00e9alit\u00e9 dans toute une palette de m\u00e9tiers \u2014, s\u2019offre de nouvelles fondations. Ce qu\u2019il faut savoir.<\/p>\n<p>NGE va r\u00e9unir 450 salari\u00e9s \u00e0 Muret<\/p>\n<p class=\" wall-content\">C\u2019est pr\u00e9cis\u00e9ment sur le <strong>site des Bonnets<\/strong>, pr\u00e8s du lac \u00e9ponyme, sur la zone d\u2019activit\u00e9s \u00e9conomiques situ\u00e9e pr\u00e8s des pistes de l\u2019a\u00e9rodrome de Muret-Lherm, que NGE a lanc\u00e9 d\u00e9but 2025 la <strong>construction<\/strong> d\u2019un nouveau site, qui sera son <strong>si\u00e8ge r\u00e9gional<\/strong>.\u00a0<\/p>\n<p class=\" wall-content\">Si sa direction r\u00e9gionale \u00e9tait d\u00e9j\u00e0 implant\u00e9e dans la ville sous-pr\u00e9fecture, le groupe de BTP s\u2019installe durablement \u00e0 Muret, o\u00f9 il va rassembler sur un site unique l\u2019ensemble de ses collaborateurs de Midi-Pyr\u00e9n\u00e9es : le personnel de la direction r\u00e9gionale et ses services fonctionnels, le personnel du service m\u00e9canique, ainsi que le personnel d\u2019exploitation de ses diff\u00e9rentes agences. \u00ab\u00a0Cela repr\u00e9sente environ<strong> 450 salari\u00e9s\u00a0\u00bb,<\/strong> glisse <strong>Alain Sirven,<\/strong> responsable commercial r\u00e9gional chez NGE. \u00ab\u00a0Ils travaillent aujourd\u2019hui \u00e0 Muret, mais aussi \u00e0 Toulouse et Villefranche-de-Lauragais\u00a0\u00bb.<\/p>\n<blockquote class=\"ac-article-quote wall-content\">\n<p>Nous voulions rester sur Muret et les salari\u00e9s sont contents d&rsquo;\u00eatre tous r\u00e9unis au m\u00eame endroit.<\/p>\n<p>    <strong>Alain Sirven\u00a0<\/strong><br \/>\n        Responsable commercial r\u00e9gional chez NGE    <\/p><\/blockquote>\n<p>    <a href=\"https:\/\/www.google.com\/maps\/embed?pb=!1m17!1m12!1m3!1d724.1233910890525!2d1.2745702697205294!3d43.4502919717981!2m3!1f0!2f0!3f0!3m2!1i1024!2i768!4f13.1!3m2!1m1!2zNDPCsDI3JzAxLjEiTiAxwrAxNiczMC44IkU!5e0!3m2!1sfr!2sfr!4v1754398761724!5m2!1sfr!2sfr\" title=\"Ouvrie le lien\" rel=\"nofollow noopener\" target=\"_blank\">Cliquez ici pour visualiser le contenu<\/a><\/p>\n<p>Un terrain de trois hectares<\/p>\n<p class=\" wall-content\">\u00c0 deux pas de <a href=\"https:\/\/actu.fr\/occitanie\/muret_31395\/pres-de-toulouse-l-ete-est-de-retour-cette-plage-en-bord-de-lac-rouvre_62784808.html\" rel=\"nofollow noopener\" target=\"_blank\">la guinguette de Muret-Plage, l\u2019une des plus cot\u00e9es de la r\u00e9gion<\/a>, NGE s\u2019est offert une parcelle d\u2019environ<strong> 3 hectares<\/strong> (\u00e0 90 % constructible) dont l\u2019achat pour une valeur de <strong>1,2 million d\u2019euros<\/strong> avait \u00e9t\u00e9 valid\u00e9 \u00e0 l\u2019unanimit\u00e9 par les \u00e9lus du Muretain Agglo.<\/p>\n<p class=\" wall-content\">Pour le pr\u00e9sident <strong>Andr\u00e9 Mandement<\/strong>, par ailleurs maire (PS) de Muret, \u00ab\u00a0c\u2019est un bel exemple de concr\u00e9tisation de l\u2019action conjugu\u00e9e de la Ville et du Muretain Agglo en faveur du d\u00e9veloppement \u00e9conomique de notre territoire, cr\u00e9ateur de richesse et d\u2019emploi\u00a0\u00bb. Le premier magistrat s\u2019est d\u2019ailleurs rendu sur site en cette fin juillet 2025, aux c\u00f4t\u00e9s du directeur g\u00e9n\u00e9ral des services de la ville, <strong>Jean-Michel Eeckhoutte.<\/strong><\/p>\n<p>Bureaux, atelier de r\u00e9paration et laboratoire<\/p>\n<p class=\" wall-content\">Les travaux sont r\u00e9alis\u00e9s par les diff\u00e9rentes filiales de NGE. Dot\u00e9 d\u2019un <strong>b\u00e2timent principal<\/strong> de deux \u00e9tages, ce vaste site pr\u00e9voit 2 700 m\u00b2 de <strong>bureaux<\/strong>, ainsi qu\u2019un vestiaire et un r\u00e9fectoire.<\/p>\n<p class=\" wall-content\">Sont \u00e9galement au programme : un <strong>atelier de r\u00e9paration<\/strong> des engins sur 1 000 m\u00b2, un <strong>laboratoire d\u2019\u00e9tudes <\/strong>de 100 m\u00b2, des <strong>b\u00e2timents de stockage<\/strong>\u00a0sur 2 400 m\u00b2. Quelque <strong>200 places de stationnement<\/strong>, dont 20 pour poids lourds, figurent sur les plans de NGE, qui va profiter de ce chantier d\u2019envergure pour installer <strong>6 000 m\u00b2 de panneaux photovolta\u00efques<\/strong>.<\/p>\n<p>    <img   decoding=\"async\" loading=\"lazy\" src=\"https:\/\/www.europesays.com\/fr\/wp-content\/uploads\/2025\/08\/siege-regional-nge-muret-toulouse-gl-2-960x640.jpg\" alt=\"Le nouveau si\u00e8ge r\u00e9gional de NGE \u00e0 Muret comptera notamment 2 700 m2 de bureaux\" width=\"960\" height=\"640\"\/><br \/>\n    Le nouveau si\u00e8ge r\u00e9gional de NGE \u00e0 Muret comptera notamment 2 700 m2 de bureaux (\u00a9G.L. \/ Actu Toulouse)NGE, 16 000 collaborateurs dans le monde<\/p>\n<p class=\" wall-content\">Bien au-del\u00e0 de Muret et de la r\u00e9gion, NGE est un poids lourd du secteur du BTP, qui emploie plus de <strong>16 000 collaborateurs<\/strong> partout dans le monde et a r\u00e9alis\u00e9 un chiffre d\u2019affaires record de<strong> 4,6 milliards d\u2019euros<\/strong> en 2024 (+ 38,7%).<\/p>\n<p class=\" wall-content\">Au-del\u00e0 du projet d\u2019autoroute A69, le groupe, en plein d\u00e9veloppement dans la r\u00e9gion, \u0153uvre en r\u00e9alit\u00e9 dans toute une palette de m\u00e9tiers. S\u2019adressant \u00e0 \u00ab\u00a0des clients publics et priv\u00e9s\u00a0\u00bb, il leur propose \u00ab\u00a0une offre multim\u00e9tiers\u00a0\u00bb via diff\u00e9rentes filiales (GUINTOLI, EHTP, NGE GC\u2026).<\/p>\n<p class=\" wall-content\">Dans les cordes de NGE ? VRD et terrassement, canalisations et r\u00e9seaux, g\u00e9nie civil, route et \u00e9quipement de la route, travaux g\u00e9otechniques et de s\u00e9curisation, travaux ferroviaires, b\u00e2timents et espaces verts\u2026 Le groupe pr\u00e9voit la livraison de son nouveau si\u00e8ge r\u00e9gional \u00e0 Muret pour <strong>d\u00e9cembre 2025.<\/strong><\/p>\n<p class=\" wall-content\">Suivez toute l\u2019actualit\u00e9 de vos villes et m\u00e9dias favoris en vous inscrivant \u00e0 <a href=\"https:\/\/moncompte.actu.fr\" title=\"D\u00e9couvez Mon Actu\" rel=\"nofollow noopener\" data-trk=\"{&quot;cta&quot;:{&quot;action&quot;:&quot;https:\\\/\\\/moncompte.actu.fr&quot;,&quot;category&quot;:&quot;mon compte&quot;,&quot;from&quot;:&quot;article footer&quot;,&quot;name&quot;:&quot;Mon actu&quot;,&quot;type&quot;:&quot;cta&quot;}}\" target=\"_blank\">Mon Actu<\/a>.<\/p>\n","protected":false},"excerpt":{"rendered":"Par Guillaume Laurens Publi\u00e9 le 18 ao\u00fbt 2025 \u00e0 6h04 G\u00e9ant fran\u00e7ais du BTP, NGE est sous les&hellip;\n","protected":false},"author":2,"featured_media":326236,"comment_status":"","ping_status":"","sticky":false,"template":"","format":"standard","meta":{"footnotes":""},"categories":[2816],"tags":[1111,11,33,1777,674,1011,27,12,2680,25,2312],"class_list":{"0":"post-326235","1":"post","2":"type-post","3":"status-publish","4":"format-standard","5":"has-post-thumbnail","7":"category-toulouse","8":"tag-actu","9":"tag-actualites","10":"tag-economie","11":"tag-eu","12":"tag-europe","13":"tag-fr","14":"tag-france","15":"tag-news","16":"tag-occitanie","17":"tag-republique-francaise","18":"tag-toulouse"},"share_on_mastodon":{"url":"https:\/\/pubeurope.com\/@fr\/115047857111531433","error":""},"_links":{"self":[{"href":"https:\/\/www.europesays.com\/fr\/wp-json\/wp\/v2\/posts\/326235","targetHints":{"allow":["GET"]}}],"collection":[{"href":"https:\/\/www.europesays.com\/fr\/wp-json\/wp\/v2\/posts"}],"about":[{"href":"https:\/\/www.europesays.com\/fr\/wp-json\/wp\/v2\/types\/post"}],"author":[{"embeddable":true,"href":"https:\/\/www.europesays.com\/fr\/wp-json\/wp\/v2\/users\/2"}],"replies":[{"embeddable":true,"href":"https:\/\/www.europesays.com\/fr\/wp-json\/wp\/v2\/comments?post=326235"}],"version-history":[{"count":0,"href":"https:\/\/www.europesays.com\/fr\/wp-json\/wp\/v2\/posts\/326235\/revisions"}],"wp:featuredmedia":[{"embeddable":true,"href":"https:\/\/www.europesays.com\/fr\/wp-json\/wp\/v2\/media\/326236"}],"wp:attachment":[{"href":"https:\/\/www.europesays.com\/fr\/wp-json\/wp\/v2\/media?parent=326235"}],"wp:term":[{"taxonomy":"category","embeddable":true,"href":"https:\/\/www.europesays.com\/fr\/wp-json\/wp\/v2\/categories?post=326235"},{"taxonomy":"post_tag","embeddable":true,"href":"https:\/\/www.europesays.com\/fr\/wp-json\/wp\/v2\/tags?post=326235"}],"curies":[{"name":"wp","href":"https:\/\/api.w.org\/{rel}","templated":true}]}}