{"id":326241,"date":"2025-08-18T04:26:17","date_gmt":"2025-08-18T04:26:17","guid":{"rendered":"https:\/\/www.europesays.com\/fr\/326241\/"},"modified":"2025-08-18T04:26:17","modified_gmt":"2025-08-18T04:26:17","slug":"metropole-de-lyon-bien-etre-precoce-ou-pression-esthetique-le-boom-des-spas-pour-enfants-divise","status":"publish","type":"post","link":"https:\/\/www.europesays.com\/fr\/326241\/","title":{"rendered":"M\u00e9tropole de Lyon. Bien-\u00eatre pr\u00e9coce ou pression esth\u00e9tique\u00a0? Le boom des spas pour enfants divise"},"content":{"rendered":"<p>\u00ab\u00a0C\u2019est un super moment partag\u00e9 avec ma maman\u00a0\u00bb, souffle timidement Cassandre, 10 ans. Ce jour-l\u00e0, la fillette vient de recevoir un massage, suivi d\u2019une petite beaut\u00e9 des mains. Pour le vernis, elle a tranch\u00e9\u00a0: ce sera dor\u00e9.<\/p>\n<p>\u00c0 ses c\u00f4t\u00e9s, Alexandra, sa m\u00e8re, savoure ce moment \u00e0 deux. \u00c0 40 ans, elle d\u00e9crit une exp\u00e9rience \u00ab\u00a0extraordinaire\u00a0\u00bb. C\u2019\u00e9tait leur premi\u00e8re visite au Borrelly Spa, \u00e0 Lyon.<\/p>\n<p>\u00ab\u00a0Prendre soin de soi\u00a0\u00bb<\/p>\n<p>L\u2019\u00e9tablissement propose des soins pour enfants d\u00e8s 3 ans\u00a0: massage de 25 minutes \u00e0 partir de 35\u00a0euros, manucure \u00e0 28\u00a0euros, ou formules duo parent-enfant. Une offre de plus en plus r\u00e9pandue, alors que le bien-\u00eatre pour les plus jeunes devient une nouvelle tendance. \u00ab\u00a0On a commenc\u00e9 pendant les vacances,&#8230;<\/p>\n","protected":false},"excerpt":{"rendered":"\u00ab\u00a0C\u2019est un super moment partag\u00e9 avec ma maman\u00a0\u00bb, souffle timidement Cassandre, 10 ans. Ce jour-l\u00e0, la fillette vient&hellip;\n","protected":false},"author":2,"featured_media":326242,"comment_status":"","ping_status":"","sticky":false,"template":"","format":"standard","meta":{"footnotes":""},"categories":[1889],"tags":[1111,11,2430,35980,24073,3152,2757,3153,3154,1777,674,107,1011,27,2428,2756,12,25,2429,4604,104],"class_list":{"0":"post-326241","1":"post","2":"type-post","3":"status-publish","4":"format-standard","5":"has-post-thumbnail","7":"category-lyon","8":"tag-actu","9":"tag-actualites","10":"tag-auvergne-rhone-alpes","11":"tag-chassieu","12":"tag-craponne","13":"tag-edition-est-lyonnais","14":"tag-edition-lyon-villeurbanne","15":"tag-edition-ouest-lyonnais","16":"tag-edition-sud-lyonnais","17":"tag-eu","18":"tag-europe","19":"tag-fil-info","20":"tag-fr","21":"tag-france","22":"tag-lyon","23":"tag-lyon-bassin","24":"tag-news","25":"tag-republique-francaise","26":"tag-rhone","27":"tag-selection-abonne","28":"tag-societe"},"share_on_mastodon":{"url":"https:\/\/pubeurope.com\/@fr\/115047876699507415","error":""},"_links":{"self":[{"href":"https:\/\/www.europesays.com\/fr\/wp-json\/wp\/v2\/posts\/326241","targetHints":{"allow":["GET"]}}],"collection":[{"href":"https:\/\/www.europesays.com\/fr\/wp-json\/wp\/v2\/posts"}],"about":[{"href":"https:\/\/www.europesays.com\/fr\/wp-json\/wp\/v2\/types\/post"}],"author":[{"embeddable":true,"href":"https:\/\/www.europesays.com\/fr\/wp-json\/wp\/v2\/users\/2"}],"replies":[{"embeddable":true,"href":"https:\/\/www.europesays.com\/fr\/wp-json\/wp\/v2\/comments?post=326241"}],"version-history":[{"count":0,"href":"https:\/\/www.europesays.com\/fr\/wp-json\/wp\/v2\/posts\/326241\/revisions"}],"wp:featuredmedia":[{"embeddable":true,"href":"https:\/\/www.europesays.com\/fr\/wp-json\/wp\/v2\/media\/326242"}],"wp:attachment":[{"href":"https:\/\/www.europesays.com\/fr\/wp-json\/wp\/v2\/media?parent=326241"}],"wp:term":[{"taxonomy":"category","embeddable":true,"href":"https:\/\/www.europesays.com\/fr\/wp-json\/wp\/v2\/categories?post=326241"},{"taxonomy":"post_tag","embeddable":true,"href":"https:\/\/www.europesays.com\/fr\/wp-json\/wp\/v2\/tags?post=326241"}],"curies":[{"name":"wp","href":"https:\/\/api.w.org\/{rel}","templated":true}]}}