{"id":326245,"date":"2025-08-18T04:30:38","date_gmt":"2025-08-18T04:30:38","guid":{"rendered":"https:\/\/www.europesays.com\/fr\/326245\/"},"modified":"2025-08-18T04:30:38","modified_gmt":"2025-08-18T04:30:38","slug":"video-six-departements-du-sud-en-alerte-rouge-aux-incendies-les-pompiers-sur-le-qui-vive","status":"publish","type":"post","link":"https:\/\/www.europesays.com\/fr\/326245\/","title":{"rendered":"VIDEO. Six d\u00e9partements du Sud en alerte rouge aux incendies, les pompiers sur le qui-vive"},"content":{"rendered":"<p>            lire plus tard<\/p>\n<p id=\"dialog__title\" class=\"dialog__title\">Pour sauvegarder cet article, connectez-vous ou cr\u00e9ez un compte franceinfo<\/p>\n<p class=\"dialog__description\">Sans paiement. Sans abonnement.<\/p>\n<p>        Fermer la fen\u00eatre d\u2019activation des notifications France Info<\/p>\n<p>            cr\u00e9er votre compte<\/p>\n<p>            se connecter<\/p>\n<p>        Fermer la fen\u00eatre de pr\u00e9sentation<\/p>\n<p>    Publi\u00e9 le 17\/08\/2025 13:58<\/p>\n<p>      Mis \u00e0 jour le 17\/08\/2025 15:46<\/p>\n<p>        Temps de lecture : 2min &#8211; vid\u00e9o : 2min<\/p>\n<p>    <img decoding=\"async\" class=\"francetv-player-wrapper__image\" alt=\"Six d\u00e9partements sont en alerte rouge pour risque d'incendies, dimanche 17 ao\u00fbt, dont l'Aude, d\u00e9j\u00e0 durement touch\u00e9. Face \u00e0 la menace des feux, 1 600 pompiers sont d\u00e9j\u00e0 pr\u00eats \u00e0 intervenir dans les secteurs concern\u00e9s.\"  width=\"432\" height=\"243\" src=\"https:\/\/www.europesays.com\/fr\/wp-content\/uploads\/2025\/08\/incendies-risque-extreme-sur-l-aude-68a1c11091c83706784766.jpg\" fetchpriority=\"high\"\/><\/p>\n<p>              Six d\u00e9partements sont en alerte rouge pour risque d&rsquo;incendies, dimanche 17 ao\u00fbt, dont l&rsquo;Aude, d\u00e9j\u00e0 durement touch\u00e9. Face \u00e0 la menace des feux, 1 600 pompiers sont d\u00e9j\u00e0 pr\u00eats \u00e0 intervenir dans les secteurs concern\u00e9s.<br \/>\n                    (France 2)<\/p>\n<p>      2min<\/p>\n<p>\n  Six d\u00e9partements sont en alerte rouge pour risque d&rsquo;incendies, dimanche 17 ao\u00fbt, dont l&rsquo;Aude, d\u00e9j\u00e0 durement touch\u00e9. Face \u00e0 la menace des feux, 1 600 pompiers sont d\u00e9j\u00e0 pr\u00eats \u00e0 intervenir dans les secteurs concern\u00e9s.\n<\/p>\n<p><strong>Ce texte correspond \u00e0 une partie de la retranscription du reportage ci-dessus. Cliquez sur la vid\u00e9o pour le regarder en int\u00e9gralit\u00e9.<\/strong><\/p>\n<p>400 hectares de garrigue dans l&rsquo;H\u00e9rault, partis en fum\u00e9e la semaine derni\u00e8re. Par chance, l&rsquo;incendie a \u00e9t\u00e9 stopp\u00e9 avant d&rsquo;atteindre le petit village de Mireval. Le maire en garde un souvenir particuli\u00e8rement \u00e9prouvant. \u00ab\u00a0Il y a eu du vent qui a tourn\u00e9 ce jour-l\u00e0 et l&rsquo;incendie, qui \u00e9tait \u00e0 nos portes, est tr\u00e8s vite arriv\u00e9 sur la commune. En quatre heures, nous avions les flammes aux portes du village. C&rsquo;est vraiment angoissant\u00a0\u00bb, raconte Christophe Durand.\u00a0<\/p>\n<p>Et l&rsquo;inqui\u00e9tude est de nouveau palpable, dimanche 17 ao\u00fbt : le d\u00e9partement est en vigilance rouge, risque d&rsquo;incendie tr\u00e8s \u00e9lev\u00e9. Dans la matin\u00e9e, il sensibilise ses habitants. Neuf feux sur dix sont d&rsquo;origine humaine. \u00ab\u00a0On est en vigilance extr\u00eame par rapport aux incendies\u00a0\u00bb, dit-il \u00e0 une habitante. \u00ab\u00a0J&rsquo;ai peur que \u00e7a continue comme \u00e7a. Si on ne forme pas les gens et qu&rsquo;ils sont irresponsables, c&rsquo;est tout\u00a0\u00bb, s&rsquo;inqui\u00e8te cette derni\u00e8re.<\/p>\n<p>Le risque de d\u00e9part de feu est d&rsquo;autant plus important en ce week-end du 15 ao\u00fbt, charg\u00e9 sur les routes. \u00ab\u00a0Quand on prend l&rsquo;autoroute ou toutes les routes et qu&rsquo;on voit les feux de part et d&rsquo;autre, ce n&rsquo;est pas acceptable. Il faut \u00eatre super vigilant\u00a0\u00bb, affirme un voyageur.<\/p>\n<p>En salle op\u00e9rationnelle, les pompiers sont pr\u00eats, les yeux riv\u00e9s sur plus d&rsquo;une dizaine de cam\u00e9ras qui d\u00e9tectent la moindre fum\u00e9e. \u00ab\u00a0On se pr\u00e9pare \u00e0 toutes les situations possibles. C&rsquo;est pour cela qu&rsquo;on a mis un dispositif cons\u00e9quent sur le terrain, et qu&rsquo;on est pr\u00eat aussi en salle op\u00e9rationnelle ici avec un renforcement de nos effectifs pour faire face\u00a0\u00bb, indique Herv\u00e9 Weill, lieutenant-colonel du SDIS 34 des Comit\u00e9s Communaux Feux de For\u00eat de l&rsquo;Aude.<\/p>\n<p>Dans leur travail de rep\u00e9rage, les pompiers sont \u00e9paul\u00e9s par les b\u00e9n\u00e9voles des comit\u00e9s des feux de for\u00eat. Dans l&rsquo;est de l&rsquo;Aude, ceux-ci patrouillent de nouveau, \u00e0 l&rsquo;endroit m\u00eame o\u00f9 a eu lieu <a target=\"_blank\" rel=\"noopener nofollow\" href=\"https:\/\/www.franceinfo.fr\/environnement\/evenements-meteorologiques-extremes\/incendies-et-feux-de-foret\/incendie-meurtrier-dans-l-aude\/direct-incendie-meurtrier-dans-l-aude-le-feu-continue-de-ravager-le-massif-des-corbieres-mais-diminue-en-intensite_7422496.html\">le gigantesque incendie du 5 ao\u00fbt dernier<\/a>. \u00ab\u00a0Le r\u00f4le des patrouilleurs, c&rsquo;est de surveiller, au loin, les collines et les massifs\u00a0\u00bb, pr\u00e9cise l&rsquo;un d&rsquo;eux.<\/p>\n<p>Cet apr\u00e8s-midi, la tramontane se l\u00e8ve avec des rafales \u00e0 60 km\/h, une temp\u00e9rature \u00e0 39 degr\u00e9s. L&rsquo;Aude n&rsquo;a pas connu un tel niveau de risque d&rsquo;incendie depuis 2016.<\/p>\n","protected":false},"excerpt":{"rendered":"lire plus tard Pour sauvegarder cet article, connectez-vous ou cr\u00e9ez un compte franceinfo Sans paiement. Sans abonnement. Fermer&hellip;\n","protected":false},"author":2,"featured_media":326246,"comment_status":"","ping_status":"","sticky":false,"template":"","format":"standard","meta":{"footnotes":""},"categories":[1888],"tags":[1111,1928,11,1927,1777,674,1011,27,12,1926,626,1925,25],"class_list":{"0":"post-326245","1":"post","2":"type-post","3":"status-publish","4":"format-standard","5":"has-post-thumbnail","7":"category-paris","8":"tag-actu","9":"tag-actu-paris","10":"tag-actualites","11":"tag-actualites-paris","12":"tag-eu","13":"tag-europe","14":"tag-fr","15":"tag-france","16":"tag-news","17":"tag-news-paris","18":"tag-paris","19":"tag-paris-news","20":"tag-republique-francaise"},"share_on_mastodon":{"url":"https:\/\/pubeurope.com\/@fr\/115047892998746415","error":""},"_links":{"self":[{"href":"https:\/\/www.europesays.com\/fr\/wp-json\/wp\/v2\/posts\/326245","targetHints":{"allow":["GET"]}}],"collection":[{"href":"https:\/\/www.europesays.com\/fr\/wp-json\/wp\/v2\/posts"}],"about":[{"href":"https:\/\/www.europesays.com\/fr\/wp-json\/wp\/v2\/types\/post"}],"author":[{"embeddable":true,"href":"https:\/\/www.europesays.com\/fr\/wp-json\/wp\/v2\/users\/2"}],"replies":[{"embeddable":true,"href":"https:\/\/www.europesays.com\/fr\/wp-json\/wp\/v2\/comments?post=326245"}],"version-history":[{"count":0,"href":"https:\/\/www.europesays.com\/fr\/wp-json\/wp\/v2\/posts\/326245\/revisions"}],"wp:featuredmedia":[{"embeddable":true,"href":"https:\/\/www.europesays.com\/fr\/wp-json\/wp\/v2\/media\/326246"}],"wp:attachment":[{"href":"https:\/\/www.europesays.com\/fr\/wp-json\/wp\/v2\/media?parent=326245"}],"wp:term":[{"taxonomy":"category","embeddable":true,"href":"https:\/\/www.europesays.com\/fr\/wp-json\/wp\/v2\/categories?post=326245"},{"taxonomy":"post_tag","embeddable":true,"href":"https:\/\/www.europesays.com\/fr\/wp-json\/wp\/v2\/tags?post=326245"}],"curies":[{"name":"wp","href":"https:\/\/api.w.org\/{rel}","templated":true}]}}