{"id":326247,"date":"2025-08-18T04:31:27","date_gmt":"2025-08-18T04:31:27","guid":{"rendered":"https:\/\/www.europesays.com\/fr\/326247\/"},"modified":"2025-08-18T04:31:27","modified_gmt":"2025-08-18T04:31:27","slug":"cest-dans-une-autre-grande-ville-que-vitaa-a-fait-son-premier-achat-immobilier","status":"publish","type":"post","link":"https:\/\/www.europesays.com\/fr\/326247\/","title":{"rendered":"C\u2019est dans une autre grande ville que Vitaa a fait son premier achat immobilier"},"content":{"rendered":"<p>Les personnalit\u00e9s sont de plus en plus nombreuses \u00e0 quitter l&rsquo;agitation parisienne pour s&rsquo;installer dans une r\u00e9gion. C&rsquo;est notamment le cas de Vitaa, qui s&rsquo;est install\u00e9e non pas \u00e0 la campagne, mais dans une autre grande ville de France !<\/p>\n<p>Depuis quelque temps, <strong>les c\u00e9l\u00e9brit\u00e9s sont de plus en plus nombreuses \u00e0 quitter Paris pour rejoindre la province<\/strong>. Derniers exemples en date, avec <a href=\"https:\/\/fr.news.yahoo.com\/m%C3%A9lanie-page-quitt%C3%A9-paris-femme-160800945.html\" data-ylk=\"slk:M\u00e9lanie Page;elm:context_link;itc:0;sec:content-canvas;outcm:mb_qualified_link;_E:mb_qualified_link;ct:story;\" class=\"link  yahoo-link\" rel=\"nofollow noopener\" target=\"_blank\">M\u00e9lanie Page<\/a>, <a href=\"https:\/\/fr.news.yahoo.com\/vanessa-demouy-quitt%C3%A9-paris-p%C3%A9riph%C3%A9rie-140000626.html\" data-ylk=\"slk:Vanessa Demouy qui s&#039;est install\u00e9e en p\u00e9riph\u00e9rie montpelli\u00e9raine;elm:context_link;itc:0;sec:content-canvas;outcm:mb_qualified_link;_E:mb_qualified_link;ct:story;\" class=\"link  yahoo-link\" rel=\"nofollow noopener\" target=\"_blank\">Vanessa Demouy qui s&rsquo;est install\u00e9e en p\u00e9riph\u00e9rie montpelli\u00e9raine<\/a>, ou encore <a href=\"https:\/\/fr.news.yahoo.com\/acteur-fran%C3%A7ais-quitt%C3%A9-paris-alpes-194000901.html\" data-ylk=\"slk:Sami Bouajila;elm:context_link;itc:0;sec:content-canvas;outcm:mb_qualified_link;_E:mb_qualified_link;ct:story;\" class=\"link  yahoo-link\" rel=\"nofollow noopener\" target=\"_blank\">Sami Bouajila<\/a><strong>.<\/strong> Et ils sont loin d&rsquo;\u00eatre les seuls. Dans une r\u00e9cente interview accord\u00e9e \u00e0 Lyon People, <a href=\"https:\/\/www.purepeople.com\/people\/vitaa_p753\" rel=\"nofollow noopener\" target=\"_blank\" data-ylk=\"slk:Vitaa;elm:context_link;itc:0;sec:content-canvas\" class=\"link \"><strong>Vitaa<\/strong><\/a> <a href=\"https:\/\/fr.news.yahoo.com\/j-besoin-prier-5-fois-064500889.html\" data-ylk=\"slk:s&#039;est notamment confi\u00e9e sur sa vie loin de Paris;elm:context_link;itc:0;sec:content-canvas;outcm:mb_qualified_link;_E:mb_qualified_link;ct:story;\" class=\"link  yahoo-link\" rel=\"nofollow noopener\" target=\"_blank\"><strong>s&rsquo;est notamment confi\u00e9e sur sa vie loin de Paris<\/strong><\/a>.<\/p>\n<p>Pour rappel, il y a deux ans, <a href=\"https:\/\/fr.news.yahoo.com\/face-%C3%A0-cam%C3%A9ra-vitaa-raconte-185000730.html\" data-ylk=\"slk:la chanteuse \u00e9tait victime d&#039;un grave cambriolage;elm:context_link;itc:0;sec:content-canvas;outcm:mb_qualified_link;_E:mb_qualified_link;ct:story;\" class=\"link  yahoo-link\" rel=\"nofollow noopener\" target=\"_blank\">la chanteuse \u00e9tait victime d&rsquo;un grave cambriolage<\/a> dans son domicile de Rueil-Malmaison, pr\u00e8s de la capitale. Depuis,<a href=\"https:\/\/fr.news.yahoo.com\/vitaa-molest%C3%A9e-chanteuse-famille-traumatis%C3%A9es-124600396.html\" data-ylk=\"slk:elle et ses proches restent traumatis\u00e9s par cet \u00e9v\u00e9nement;elm:context_link;itc:0;sec:content-canvas;outcm:mb_qualified_link;_E:mb_qualified_link;ct:story;\" class=\"link  yahoo-link\" rel=\"nofollow noopener\" target=\"_blank\"> elle et ses proches restent traumatis\u00e9s par cet \u00e9v\u00e9nement<\/a>. <a href=\"https:\/\/fr.news.yahoo.com\/vitaa-d%C3%A9voile-photo-famille-mari-132000340.html\" data-ylk=\"slk:Vitaa et sa famille;elm:context_link;itc:0;sec:content-canvas;outcm:mb_qualified_link;_E:mb_qualified_link;ct:story;\" class=\"link  yahoo-link\" rel=\"nofollow noopener\" target=\"_blank\">Vitaa et sa famille<\/a> ont donc choisi de poser leurs valises \u00e0 <strong>plusieurs centaines de kilom\u00e8tres de la capitale, \u00e0 Lyon<\/strong>, et ainsi, prendre un nouveau d\u00e9part.<\/p>\n<p>Vitaa a fait son premier achat dans sa ville de c\u0153ur<\/p>\n<p>Dans les colonnes du m\u00e9dia r\u00e9gional, <a href=\"https:\/\/fr.news.yahoo.com\/j-besoin-prier-5-fois-064500889.html\" data-ylk=\"slk:la chanteuse, qui s&#039;est r\u00e9cemment confi\u00e9e sur sa foi et comment elle l&#039;aide au quotidien;elm:context_link;itc:0;sec:content-canvas;outcm:mb_qualified_link;_E:mb_qualified_link;ct:story;\" class=\"link  yahoo-link\" rel=\"nofollow noopener\" target=\"_blank\">la chanteuse, qui s&rsquo;est r\u00e9cemment confi\u00e9e sur sa foi et comment elle l&rsquo;aide au quotidien<\/a>, a r\u00e9v\u00e9l\u00e9 habiter \u00e0 Lyon depuis deux ans : \u00ab\u00a0<strong>J&rsquo;ai achet\u00e9 un appartement en campagne lyonnaise <\/strong><strong>parce que c&rsquo;\u00e9tait important pour moi de m&rsquo;installer pr\u00e8s de mes proches<\/strong>\u00ab\u00a0. Un choix du c\u0153ur, plus qu&rsquo;une d\u00e9cision pratique, puisque cela contraint Vitaa \u00e0 prendre le train plusieurs fois par mois pour sa couverture m\u00e9diatique.<\/p>\n<p>Et si Vitaa a d\u00e9cid\u00e9 de faire son premier achat immobilier loin de Paris, c&rsquo;est parce qu&rsquo;elle n&rsquo;aime pas la vie parisienne : \u00ab\u00a0<strong>Je ne me suis jamais sentie bien \u00e0 Paris, et j&rsquo;aime ma ville<\/strong>. Je ne pourrai pas m&rsquo;installer \u00e0 Paris, j&rsquo;y suis que quand je fais des promos, je fais les allers-retours. Mais d\u00e8s que j&rsquo;ai voulu acheter, je savais que j&rsquo;allais acheter \u00e0 Lyon\u00a0\u00bb.<\/p>\n<p>Et parmi les coups de c\u0153urs lyonnais de Vitaa, <strong>il y a le quartier du Vieux Lyon<\/strong>, comme elle le r\u00e9v\u00e8le dans cette m\u00eame interview : \u00ab\u00a0J&rsquo;adore ce quartier, je trouve que c&rsquo;est trop mignon\u00a0\u00bb. Si vous \u00eates du coin, vous aurez donc peut-\u00eatre la chance de croiser la chanteuse aux c\u00f4t\u00e9s des siens !<\/p>\n<p><a href=\"https:\/\/www.purepeople.com\/article\/je-ne-pourrai-pas-minstaller-a-paris-cest-dans-une-autre-grande-ville-que-vitaa-a-fait-son-premier-achat-immobilier_a541326\/1\" rel=\"nofollow noopener\" target=\"_blank\" data-ylk=\"slk:Article original sur Purepeople;elm:context_link;itc:0;sec:content-canvas\" class=\"link \">Article original sur Purepeople<\/a><\/p>\n","protected":false},"excerpt":{"rendered":"Les personnalit\u00e9s sont de plus en plus nombreuses \u00e0 quitter l&rsquo;agitation parisienne pour s&rsquo;installer dans une r\u00e9gion. C&rsquo;est&hellip;\n","protected":false},"author":2,"featured_media":326248,"comment_status":"","ping_status":"","sticky":false,"template":"","format":"standard","meta":{"footnotes":""},"categories":[1888],"tags":[1111,1928,11,1927,1777,674,1011,27,46310,12,1926,626,1925,25,46311,24431,26648],"class_list":{"0":"post-326247","1":"post","2":"type-post","3":"status-publish","4":"format-standard","5":"has-post-thumbnail","7":"category-paris","8":"tag-actu","9":"tag-actu-paris","10":"tag-actualites","11":"tag-actualites-paris","12":"tag-eu","13":"tag-europe","14":"tag-fr","15":"tag-france","16":"tag-grande-ville-de-france","17":"tag-news","18":"tag-news-paris","19":"tag-paris","20":"tag-paris-news","21":"tag-republique-francaise","22":"tag-sami-bouajila","23":"tag-vanessa-demouy","24":"tag-vitaa"},"share_on_mastodon":{"url":"https:\/\/pubeurope.com\/@fr\/115047896480595306","error":""},"_links":{"self":[{"href":"https:\/\/www.europesays.com\/fr\/wp-json\/wp\/v2\/posts\/326247","targetHints":{"allow":["GET"]}}],"collection":[{"href":"https:\/\/www.europesays.com\/fr\/wp-json\/wp\/v2\/posts"}],"about":[{"href":"https:\/\/www.europesays.com\/fr\/wp-json\/wp\/v2\/types\/post"}],"author":[{"embeddable":true,"href":"https:\/\/www.europesays.com\/fr\/wp-json\/wp\/v2\/users\/2"}],"replies":[{"embeddable":true,"href":"https:\/\/www.europesays.com\/fr\/wp-json\/wp\/v2\/comments?post=326247"}],"version-history":[{"count":0,"href":"https:\/\/www.europesays.com\/fr\/wp-json\/wp\/v2\/posts\/326247\/revisions"}],"wp:featuredmedia":[{"embeddable":true,"href":"https:\/\/www.europesays.com\/fr\/wp-json\/wp\/v2\/media\/326248"}],"wp:attachment":[{"href":"https:\/\/www.europesays.com\/fr\/wp-json\/wp\/v2\/media?parent=326247"}],"wp:term":[{"taxonomy":"category","embeddable":true,"href":"https:\/\/www.europesays.com\/fr\/wp-json\/wp\/v2\/categories?post=326247"},{"taxonomy":"post_tag","embeddable":true,"href":"https:\/\/www.europesays.com\/fr\/wp-json\/wp\/v2\/tags?post=326247"}],"curies":[{"name":"wp","href":"https:\/\/api.w.org\/{rel}","templated":true}]}}