{"id":326273,"date":"2025-08-18T04:44:26","date_gmt":"2025-08-18T04:44:26","guid":{"rendered":"https:\/\/www.europesays.com\/fr\/326273\/"},"modified":"2025-08-18T04:44:26","modified_gmt":"2025-08-18T04:44:26","slug":"les-grands-gagnants-et-les-grands-perdants-du-bmw-championship","status":"publish","type":"post","link":"https:\/\/www.europesays.com\/fr\/326273\/","title":{"rendered":"Les grands gagnants et les grands perdants du BMW Championship"},"content":{"rendered":"<p>\t\t\t\t\t\t<img width=\"770\" height=\"556\" src=\"https:\/\/www.europesays.com\/fr\/wp-content\/uploads\/2025\/07\/afp__20250719__679q9vj__v1__midres__776351158-770x556.jpg\" class=\"img-responsive wp-post-image\" alt=\"Photo by HENRY NICHOLLS \/ AFP\" decoding=\"async\" fetchpriority=\"high\"  \/>\t\t\t\t\t<\/p>\n<p>\t\t\t\t\t\t Partager cet article <\/p>\n<p class=\"screen-reader-text juiz_sps_maybe_hidden_text\">Partager la publication \u00ab\u00a0Les grands gagnants et les grands perdants du BMW Championship\u00a0\u00bb<\/p>\n<p><strong>Harry Hall, Akshay Bhatia et Viktor Hovland disputeront le Tour Championship, tandis que de grandes figures comme Xander Schauffele et Rickie Fowler manqueront le rendez-vous final de la FedEx Cup et ne sont pas automatiquement qualifi\u00e9s pour les Majeurs en 2026.<\/strong><\/p>\n<p>\t\t\t\t\t<a id=\"181434\" href=\"https:\/\/www.omegaeuropeanmasters.com\/fr\/tickets\/tickets\" target=\"_blank\" rel=\"sponsorised nofollow noopener\"><img decoding=\"async\" src=\"data:image\/svg+xml,%3Csvg%20xmlns=\" http:=\"\" class=\"img-responsive\" alt=\"\" data-lazy-src=\"https:\/\/www.europesays.com\/fr\/wp-content\/uploads\/2025\/08\/omegamasters-e02-billetterie-om25-1170x275-1.jpg\"\/><\/a><\/p>\n<p>Le 3e tour du <strong>BMW Championship<\/strong> 2025 \u00e0 <strong>Caves Valley<\/strong> aura \u00e9t\u00e9 celui des grands bouleversements dans la course aux playoffs. Au terme d\u2019un week-end sous haute tension, <strong>Harry Hall<\/strong> est le seul joueur \u00e0 s\u2019\u00eatre hiss\u00e9 dans le top 30 gr\u00e2ce \u00e0 une remont\u00e9e spectaculaire, validant ainsi une premi\u00e8re participation au <strong>Tour Championship<\/strong>.<\/p>\n<p>L\u2019un des meilleurs joueurs europ\u00e9ens ces derniers mois, statistiquement parlant, l\u2019Anglais pourrait se mettre \u00e0 esp\u00e9rer recevoir une \u00ab\u00a0wild card\u00a0\u00bb pour la <strong>Ryder Cup<\/strong>.<\/p>\n<p><a href=\"https:\/\/www.pgatour.com\/fedexcup\" rel=\"nofollow noopener\" target=\"_blank\">Le classement complet de la FedEx Cup<\/a><\/p>\n<p>\t\t\t\t\t<a id=\"182585\" href=\"https:\/\/www.golfcapdagde.com\/\" target=\"_blank\" rel=\"sponsorised nofollow noopener\"><img decoding=\"async\" src=\"data:image\/svg+xml,%3Csvg%20xmlns=\" http:=\"\" class=\"img-responsive\" alt=\"\" data-lazy-src=\"https:\/\/www.europesays.com\/fr\/wp-content\/uploads\/2025\/06\/capdagdegolf-e01-experience-golf-1170x275-1.gif\"\/><\/a><\/p>\n<blockquote class=\"twitter-tweet\" data-media-max-width=\"560\">\n<p dir=\"ltr\" lang=\"en\">Executing perfectly when he needed it most \ud83d\ude4c<\/p>\n<p>Harry Hall all but locked up his spot in the <a href=\"https:\/\/twitter.com\/TOURChamp?ref_src=twsrc%5Etfw\" rel=\"nofollow noopener\" target=\"_blank\">@TOURChamp<\/a> after his chip-in birdie on 17. <a href=\"https:\/\/t.co\/3wIsKPGJj2\" rel=\"nofollow\">pic.twitter.com\/3wIsKPGJj2<\/a><\/p>\n<p>\u2014 PGA TOUR (@PGATOUR) <a href=\"https:\/\/twitter.com\/PGATOUR\/status\/1957243633838493791?ref_src=twsrc%5Etfw\" rel=\"nofollow noopener\" target=\"_blank\">August 18, 2025<\/a><\/p>\n<\/blockquote>\n<p>\t\t\t\t\t<a id=\"179385\" href=\"https:\/\/tickets.europeantour.com\/eut\/#\/c6906933-bb43-434b-a22d-0ae172a572d4\/shop\/custom-pack?fac=EUT&amp;locale=fr&amp;skin=pgaetodf&amp;utm_campaign=ODF&amp;utm_content=Ticketing&amp;utm_medium=Web&amp;utm_source=Partner&amp;utm_term=PavonGolfPlanete\" target=\"_blank\" rel=\"sponsorised nofollow noopener\"><img decoding=\"async\" src=\"data:image\/svg+xml,%3Csvg%20xmlns=\" http:=\"\" class=\"img-responsive\" alt=\"\" data-lazy-src=\"https:\/\/www.europesays.com\/fr\/wp-content\/uploads\/2025\/07\/opendefrance-e03-plateau-1407-1170x275-1.jpg\"\/><\/a><\/p>\n<p><strong>Akshay Bhatia<\/strong>, auteur d\u2019un <a href=\"https:\/\/www.golfplanete.com\/actualites\/pga-tour-bmw-championship-akshay-bhatia-relance-ses-chances-spectaculairement-dans-la-feex-cup\/\" rel=\"nofollow noopener\" target=\"_blank\">3e tour \u00e9tincelant<\/a>, et <strong>Viktor Hovland<\/strong>, vainqueur du Tour Championship et de la <strong>FedEx Cup<\/strong> en \u00a02023, sont eux aussi qualifi\u00e9s pour disputer le prestigieux titre final.<\/p>\n<blockquote><p>\nJe vais appr\u00e9cier de me reposer et de prendre du recul.<\/p>\n<p>Xander Schauffele<\/p>\n<\/blockquote>\n<p>Malgr\u00e9 un dernier tour boucl\u00e9 en 66 (-4), <strong>Xander Schauffele<\/strong>, habitu\u00e9 d\u2019<strong>East Lake<\/strong>, a termin\u00e9 loin du compte et vit sa premi\u00e8re \u00e9viction apr\u00e8s huit ann\u00e9es cons\u00e9cutives de qualification. \u00ab Il n\u2019y a rien de pire que de donner le meilleur de soi-m\u00eame et de mal jouer, a-t-il confi\u00e9. C\u2019est la pire des combinaisons. Certains le vivent, d\u2019autres non. Cela faisait longtemps que je ne l\u2019avais pas ressenti, et cette sensation dure depuis quelques semaines, ce qui est extr\u00eamement frustrant. Je vais appr\u00e9cier de me reposer et de prendre du recul. \u00bb<\/p>\n<p>Le num\u00e9ro 3 mondial a termin\u00e9 loin du top 30 de la FedExCup apr\u00e8s une saison d\u00e9cevante qui n\u2019a jamais vraiment d\u00e9marr\u00e9 en raison d\u2019une blessure. Le double vainqueur de Majeurs cherchera \u00e0 se ressaisir avant son rendez-vous pour la <strong>Ryder Cup<\/strong> \u00e0 <strong>Bethpage Black<\/strong>.<\/p>\n<p>\t\t\t\t\t<a id=\"174987\" href=\"https:\/\/www.sudfrancegolf.com\/fr\/\" target=\"_blank\" rel=\"sponsorised nofollow noopener\"><img decoding=\"async\" src=\"data:image\/svg+xml,%3Csvg%20xmlns=\" http:=\"\" class=\"img-responsive\" alt=\"\" data-lazy-src=\"https:\/\/www.europesays.com\/fr\/wp-content\/uploads\/2025\/06\/giesudfrancegolf-e02-egolf-pass-2025-v2-1170x275-1.gif\"\/><\/a><br \/>\nFowler quitte aussi la sc\u00e8ne<\/p>\n<p>Virtuellement qualifi\u00e9 avec cinq trous \u00e0 jouer,<strong> Rickie Fowler<\/strong> a \u00e9t\u00e9 recal\u00e9 au m\u00eame titre que <strong>Thomas Detry<\/strong> et <strong>Jason Day <\/strong>ou encore <strong>Ryan Fox<\/strong>, vainqueur \u00e0 deux reprises en d\u00e9but de saison.<\/p>\n<p>Le Californien a rat\u00e9 les greens du 14 et du 15 et conc\u00e9d\u00e9 un bogey et un double bogey r\u00e9dhibitoires. \u00ab Je suis \u00e9videmment d\u00e9\u00e7u, a-t-il d\u00e9clar\u00e9 apr\u00e8s avoir tout de m\u00eame pris une belle 7e place. Je me suis senti de plus en plus \u00e0 l\u2019aise au fil des semaines, et je me sentais tr\u00e8s bien cette semaine.\u00a0\u00bb<\/p>\n<p>\t\t\t\t\t<a id=\"182475\" href=\"https:\/\/www.golfplanete.com\/jeux-concours-golf-planete\/\" target=\"_blank\" rel=\"sponsorised nofollow noopener\"><img decoding=\"async\" src=\"data:image\/svg+xml,%3Csvg%20xmlns=\" http:=\"\" class=\"img-responsive\" alt=\"\" data-lazy-src=\"https:\/\/www.europesays.com\/fr\/wp-content\/uploads\/2025\/08\/motocaddy-j09-m-tourchampionship-770x385-1.gif\"\/><\/a><\/p>\n<blockquote class=\"twitter-tweet\" data-media-max-width=\"560\">\n<p dir=\"ltr\" lang=\"en\">Now projected inside the top 30 \ud83d\udcaa<\/p>\n<p>With a birdie on the seventh, <a href=\"https:\/\/twitter.com\/RickieFowler?ref_src=twsrc%5Etfw\" rel=\"nofollow noopener\" target=\"_blank\">@RickieFowler<\/a> is the bubble boy for the <a href=\"https:\/\/twitter.com\/TOURChamp?ref_src=twsrc%5Etfw\" rel=\"nofollow noopener\" target=\"_blank\">@TOURChamp<\/a>.<\/p>\n<p>\ud83d\udcfa NBC <a href=\"https:\/\/t.co\/wkY4zRVHhN\" rel=\"nofollow\">pic.twitter.com\/wkY4zRVHhN<\/a><\/p>\n<p>\u2014 PGA TOUR (@PGATOUR) <a href=\"https:\/\/twitter.com\/PGATOUR\/status\/1957150797050855650?ref_src=twsrc%5Etfw\" rel=\"nofollow noopener\" target=\"_blank\">August 17, 2025<\/a><\/p>\n<\/blockquote>\n<p>\t\t\t\t<img loading=\"lazy\" decoding=\"async\" src=\"data:image\/svg+xml,%3Csvg%20xmlns=\" http:=\"\" attributionsrc=\"\" border=\"0\" height=\"1\" width=\"1\" alt=\"Advertisement\" data-lazy-src=\"https:\/\/www.europesays.com\/fr\/wp-content\/uploads\/2025\/05\/B33047934.421787844;dc_trk_aid=614154864;dc_trk_cid=235296214;ord=[timestamp];dc_lat=;dc_rdid=;tag_f.gif\"\/><\/p>\n<p>\t\t\t\t\t<a id=\"173261\" href=\"https:\/\/ad.doubleclick.net\/ddm\/trackclk\/N1153799.3770024GOLFPLANATE\/B33047934.421787844;dc_trk_aid=614154864;dc_trk_cid=235296214;dc_lat=;dc_rdid=;tag_for_child_directed_treatment=;tfua=;gdpr=${GDPR};gdpr_consent=${GDPR_CONSENT_755};ltd=;dc_tdv=1\" target=\"_blank\" rel=\"sponsorised nofollow noopener\"><img decoding=\"async\" src=\"data:image\/svg+xml,%3Csvg%20xmlns=\" http:=\"\" class=\"img-responsive\" alt=\"\" data-lazy-src=\"https:\/\/www.europesays.com\/fr\/wp-content\/uploads\/2025\/05\/callaway-e03-aione-square2square-1170x275-1.jpg\"\/><\/a><br \/>\nLe classement de la FedEx Cup<\/p>\n<p><img loading=\"lazy\" decoding=\"async\" class=\"alignnone size-image-largeur-770 wp-image-182643\" src=\"data:image\/svg+xml,%3Csvg%20xmlns=\" http:=\"\" alt=\"\" width=\"770\" height=\"1120\" data-lazy- data-lazy- data-lazy-src=\"https:\/\/www.europesays.com\/fr\/wp-content\/uploads\/2025\/08\/bmw-championship-fedex-cup-770x1120.jpg\"\/><\/p>\n<p>\t\t\t\t\t<a id=\"180462\" href=\"https:\/\/www.makilas-golftour.com\/sejour\/makilas-agadir-2023-2-2\/\" target=\"_blank\" rel=\"sponsorised nofollow noopener\"><img decoding=\"async\" src=\"data:image\/svg+xml,%3Csvg%20xmlns=\" http:=\"\" class=\"img-responsive\" alt=\"\" data-lazy-src=\"https:\/\/www.europesays.com\/fr\/wp-content\/uploads\/2025\/07\/challengeorganisation-e01-rencontres-agadir-1170x275-1.jpeg\"\/><\/a><\/p>\n<p>Photo : HENRY NICHOLLS \/ AFP<\/p>\n<p>\t\t\t<script async src=\"https:\/\/platform.twitter.com\/widgets.js\" charset=\"utf-8\"><\/script><\/p>\n","protected":false},"excerpt":{"rendered":"Partager cet article Partager la publication \u00ab\u00a0Les grands gagnants et les grands perdants du BMW Championship\u00a0\u00bb Harry Hall,&hellip;\n","protected":false},"author":2,"featured_media":259914,"comment_status":"","ping_status":"","sticky":false,"template":"","format":"standard","meta":{"footnotes":""},"categories":[1418],"tags":[1011,27,1472,60],"class_list":{"0":"post-326273","1":"post","2":"type-post","3":"status-publish","4":"format-standard","5":"has-post-thumbnail","7":"category-golf","8":"tag-fr","9":"tag-france","10":"tag-golf","11":"tag-sports"},"share_on_mastodon":{"url":"https:\/\/pubeurope.com\/@fr\/115047947538591095","error":""},"_links":{"self":[{"href":"https:\/\/www.europesays.com\/fr\/wp-json\/wp\/v2\/posts\/326273","targetHints":{"allow":["GET"]}}],"collection":[{"href":"https:\/\/www.europesays.com\/fr\/wp-json\/wp\/v2\/posts"}],"about":[{"href":"https:\/\/www.europesays.com\/fr\/wp-json\/wp\/v2\/types\/post"}],"author":[{"embeddable":true,"href":"https:\/\/www.europesays.com\/fr\/wp-json\/wp\/v2\/users\/2"}],"replies":[{"embeddable":true,"href":"https:\/\/www.europesays.com\/fr\/wp-json\/wp\/v2\/comments?post=326273"}],"version-history":[{"count":0,"href":"https:\/\/www.europesays.com\/fr\/wp-json\/wp\/v2\/posts\/326273\/revisions"}],"wp:featuredmedia":[{"embeddable":true,"href":"https:\/\/www.europesays.com\/fr\/wp-json\/wp\/v2\/media\/259914"}],"wp:attachment":[{"href":"https:\/\/www.europesays.com\/fr\/wp-json\/wp\/v2\/media?parent=326273"}],"wp:term":[{"taxonomy":"category","embeddable":true,"href":"https:\/\/www.europesays.com\/fr\/wp-json\/wp\/v2\/categories?post=326273"},{"taxonomy":"post_tag","embeddable":true,"href":"https:\/\/www.europesays.com\/fr\/wp-json\/wp\/v2\/tags?post=326273"}],"curies":[{"name":"wp","href":"https:\/\/api.w.org\/{rel}","templated":true}]}}