{"id":326274,"date":"2025-08-18T04:46:21","date_gmt":"2025-08-18T04:46:21","guid":{"rendered":"https:\/\/www.europesays.com\/fr\/326274\/"},"modified":"2025-08-18T04:46:21","modified_gmt":"2025-08-18T04:46:21","slug":"feu-dartifice-tricolore-a-quillan","status":"publish","type":"post","link":"https:\/\/www.europesays.com\/fr\/326274\/","title":{"rendered":"Feu d\u2019artifice tricolore \u00e0 Quillan"},"content":{"rendered":"<p>\n                                                                    l&rsquo;essentiel<br \/>\n                                                                Crit\u00e9rium de Quillan. Lenny Martinez, le petit prince du cyclisme fran\u00e7ais, s\u2019est impos\u00e9 sur ce 80e crit\u00e9rium de Quillan dans un rush solitaire et violent d\u00e9clench\u00e9 dans le dernier tour. La r\u00e9daction de L\u2019Ind\u00e9pendant y \u00e9tait et vous raconte.\n                            <\/p>\n<p>Lenny Martinez, au nom des siens !<\/p>\n<p>Au volant d\u2019une voiture allemande, aux quatre anneaux, autant rutilante que puissante, Lenny Martinez est l\u2019un des derniers coureurs \u00e0 se garer sur le parking VIP r\u00e9serv\u00e9 aux concurrents de l\u2019\u00e9preuve. Sans pression ni impatience : \u00ab\u00a0c\u2019est mon seul crit\u00e9rium cet \u00e9t\u00e9. Je ne suis qu\u2019\u00e0 trois heures de la maison, je vis en Andorre, et pour moi, c\u2019est comme des vacances\u00a0\u00bb assure le sourire aux l\u00e8vres celui qui, \u00e0 22 ans, s\u2019est d\u00e9j\u00e0 impos\u00e9 en 2025 notamment sur une \u00e9tape du tour de Romandie, de Paris-Nice et du crit\u00e9rium du Dauphin\u00e9.<\/p>\n<p><b>Lenny Martinez parie Jordan Jegat<\/b><\/p>\n<p>Lenny est le petit-fils de Mariano Martinez, meilleur grimpeur du tour de France 1978, le 1er de Bernard Hinault et le fils de Miguel Martinez, champion olympique, champion du monde de VTT en 2002. Mais les deux hommes ne sont jamais parvenus \u00e0 s\u2019imposer \u00e0 Quillan. Lenny pourrait-il inscrire le nom de la fratrie en ce 15 ao\u00fbt. Le jeune homme, \u00e0 la notori\u00e9t\u00e9 grandissante mais pas encore envahissante, en doute : \u00ab\u00a0pour moi, c\u2019est Jordan Jegat qui devrait gagner. C\u2019est mon favori en tout cas.\u00a0\u00bb<\/p>\n<p>Entre autographes et selfies, celui qui a port\u00e9 durant plusieurs jours le maillot blanc \u00e0 pois rouges en juillet dernier sur le Tour de France, qui a franchi seul en t\u00eate le sommet du col du Tourmalet, r\u00e9pond \u00e0 toutes les sollicitations. Une de ses supportrices, maillot de meilleur grimpeur \u00e0 la main, lui dit qu\u2019elle a r\u00eav\u00e9 que Lenny ram\u00e8ne la belle tunique aux Champs-\u00c9lys\u00e9es. Lenny lui r\u00e9pond : \u00ab\u00a0\u00e7a fait plaisir de donner du bonheur aux gens. Mais c\u2019\u00e9tait aussi un grand plaisir sur le tour d\u2019essayer d\u2019aller le chercher. C\u2019\u00e9tait un beau d\u00e9fi et je suppose que dans les prochaines ann\u00e9es, je pourrais r\u00e9ussir.\u00a0\u00bb<\/p>\n<p>Apr\u00e8s une semaine de repos, Lenny a repris l\u2019entra\u00eenement en vue de la suite et la fin de sa saison qui passeront par les classiques de Qu\u00e9bec et de Montr\u00e9al avant une potentielle s\u00e9lection avec l\u2019\u00e9quipe de France pour les championnats du monde au Rwanda, \u00e0 Kigali, fin septembre et finir par le tour de Lombardie en Italie. D\u2019ailleurs, c\u2019est sur son v\u00e9lo d\u2019entra\u00eenement que le coureur fran\u00e7ais va parcourir les 75 tours (84,375 km) du crit\u00e9rium. Un petit coup de chiffon sur la m\u00e9canique, un coup d\u2019\u0153il sur son d\u00e9railleur avec un grand plateau de 54 et un petit de 34, \u00ab\u00a0en Andorre, il n\u2019y a pas beaucoup de plat\u00a0\u00bb explique-t-il. Puis ajoute : \u00ab\u00a0mais sur le tour, \u00e7a ne suffit pas, il faut un 56 ou un 58 dents.\u00a0\u00bb Les connaisseurs appr\u00e9cieront.<\/p>\n<p><b>Course d\u2019usure<\/b><\/p>\n<p>16 h 30. Patrick Quinta, le boss du crit\u00e9rium, l\u00e2che les fauves. C\u2019est Alexandre Delettre, le co\u00e9quipier de Jordan Jegat qui broie de suite les p\u00e9dales et donne le ton. \u00c7a va cogner ce vendredi 15 ao\u00fbt dans les ruelles de Quillan. Il fait 40 \u00b0C \u00e0 l\u2019ombre et la chaleur sera donc de la partie. Du coup, \u00e0 mi-course, les organisateurs supprimeront trois tours de circuit. Beau geste. Les relances sont viriles et \u00e0 ce jeu, Victor Koretzky, vice-champion olympique de VTT \u00e0 Paris 2024, accompagn\u00e9 d\u2019Alexandre Cabrera, 41 ans, tous les deux soci\u00e9taires du v\u00e9lo Sprint Narbonnais, feront quelques tours ensemble en \u00e9chapp\u00e9e devant le peloton. Histoire de faire plaisir \u00e0 Michel Blaya, leur ancien pr\u00e9sident, pas peu fier, qui immortalise la sc\u00e8ne avec son appareil photo. Mais l\u2019allure ne faiblit pas. Bien au contraire. \u00c0 cinq tours de l\u2019arriv\u00e9e, Jordan Jegat, colle une mine sur la ligne d\u2019arriv\u00e9e. La chasse s\u2019organise. Lenny Martinez et le peloton recolle \u00e0 l\u2019homme de t\u00eate sous la cloche.<\/p>\n<p>Le sprint semble in\u00e9vitable mais \u00e0 l\u2019entr\u00e9e du boulevard Jean Bourrel, c\u2019est le grimpeur de poche qui appara\u00eet. Seul ! Celui-ci r\u00e9siste au retour de Jordan Jegat, Yukiya Arashiro, Cl\u00e9ment Champoussin et inscrit son nom sur le palmar\u00e8s du plus crit\u00e9rium de France. \u00ab\u00a0Je pensais que Jordan aller gagn\u00e9 mais sur la fin, j\u2019ai de bonnes jambes. Elles devraient encore pouvoir m\u2019amener au podium\u00a0\u00bb dit-il avec le sourire d\u2019un coureur qui avait bien cach\u00e9 son jeu.<\/p>\n<p>\u00c0 ses c\u00f4t\u00e9s, pas f\u00e2ch\u00e9 du tout, Jordan Jegat en rigole aussi : \u00ab\u00a0c\u2019\u00e9tait mon 1er crit\u00e9rium \u00e0 Quillan. C\u2019\u00e9tait tr\u00e8s bien. Il faisait chaud. C\u2019\u00e9tait une superbe course. Il fallait toujours rester plac\u00e9 pour ne pas trop subir les relances. Lenny ? Il \u00e9tait tr\u00e8s fort. Je finis 2e. C\u2019est pas mal.\u00a0\u00bb<\/p>\n<p>A noter la 5e place et 1er amateur d\u2019Eroan Punzano, l\u2019enfant de Quillan, qui a 18 ans, non seulement n\u2019a pas pris un tour dans la vue, c\u2019\u00e9tait sa principale crainte mais a remport\u00e9 le sprint du peloton \u00e0 quelques secondes du vainqueur. \u00c0 noter \u00e9galement que Yukiha Arashiro, 3e de l\u2019\u00e9preuve et d\u00e9j\u00e0 venu 15 fois \u00e0 Quillan pourrait en 2026 monter une liste pour les prochaines \u00e9lections municipales. Pas s\u00fbr quand m\u00eame !<\/p>\n","protected":false},"excerpt":{"rendered":"l&rsquo;essentiel Crit\u00e9rium de Quillan. Lenny Martinez, le petit prince du cyclisme fran\u00e7ais, s\u2019est impos\u00e9 sur ce 80e crit\u00e9rium&hellip;\n","protected":false},"author":2,"featured_media":326275,"comment_status":"","ping_status":"","sticky":false,"template":"","format":"standard","meta":{"footnotes":""},"categories":[1416],"tags":[1011,27,479,1468,60],"class_list":{"0":"post-326274","1":"post","2":"type-post","3":"status-publish","4":"format-standard","5":"has-post-thumbnail","7":"category-rugby","8":"tag-fr","9":"tag-france","10":"tag-rugby","11":"tag-rugby-football","12":"tag-sports"},"share_on_mastodon":{"url":"https:\/\/pubeurope.com\/@fr\/115047955446527401","error":""},"_links":{"self":[{"href":"https:\/\/www.europesays.com\/fr\/wp-json\/wp\/v2\/posts\/326274","targetHints":{"allow":["GET"]}}],"collection":[{"href":"https:\/\/www.europesays.com\/fr\/wp-json\/wp\/v2\/posts"}],"about":[{"href":"https:\/\/www.europesays.com\/fr\/wp-json\/wp\/v2\/types\/post"}],"author":[{"embeddable":true,"href":"https:\/\/www.europesays.com\/fr\/wp-json\/wp\/v2\/users\/2"}],"replies":[{"embeddable":true,"href":"https:\/\/www.europesays.com\/fr\/wp-json\/wp\/v2\/comments?post=326274"}],"version-history":[{"count":0,"href":"https:\/\/www.europesays.com\/fr\/wp-json\/wp\/v2\/posts\/326274\/revisions"}],"wp:featuredmedia":[{"embeddable":true,"href":"https:\/\/www.europesays.com\/fr\/wp-json\/wp\/v2\/media\/326275"}],"wp:attachment":[{"href":"https:\/\/www.europesays.com\/fr\/wp-json\/wp\/v2\/media?parent=326274"}],"wp:term":[{"taxonomy":"category","embeddable":true,"href":"https:\/\/www.europesays.com\/fr\/wp-json\/wp\/v2\/categories?post=326274"},{"taxonomy":"post_tag","embeddable":true,"href":"https:\/\/www.europesays.com\/fr\/wp-json\/wp\/v2\/tags?post=326274"}],"curies":[{"name":"wp","href":"https:\/\/api.w.org\/{rel}","templated":true}]}}