{"id":326277,"date":"2025-08-18T04:49:08","date_gmt":"2025-08-18T04:49:08","guid":{"rendered":"https:\/\/www.europesays.com\/fr\/326277\/"},"modified":"2025-08-18T04:49:08","modified_gmt":"2025-08-18T04:49:08","slug":"motogp-nouveau-classement-apres-le-drapeau-a-damier-autrichien-les-francais-retrogradent","status":"publish","type":"post","link":"https:\/\/www.europesays.com\/fr\/326277\/","title":{"rendered":"MotoGP Nouveau classement apr\u00e8s le drapeau \u00e0 damier autrichien, les Fran\u00e7ais r\u00e9trogradent !"},"content":{"rendered":"<p>Le Grand-Prix d\u2019Autriche de MotoGP 2025 n\u2019aura clairement pas \u00e9t\u00e9 tr\u00e8s fructueux pour nos pilotes Fran\u00e7ais. En effet, Johann Zarco n\u2019aura marqu\u00e9 que 5 points (un le samedi et quatre le dimanche) sur le Red Bull Ring, cette ann\u00e9e. Tandis que Fabio Quartararo n\u2019aura r\u00e9colt\u00e9 qu\u2019une maigre unit\u00e9, en se classant quinzi\u00e8me, \u00e0 l\u2019issue de l\u2019\u00e9preuve principale.<\/p>\n<p>MotoGP : les Fran\u00e7ais plongent, sursaut en Hongrie ?<\/p>\n<p>R\u00e9sultat, la chute vertigineuse des deux hommes se poursuit, au championnat des pilotes. Car, non seulement Zarco et Quartararo perdent le contact avec les concurrents luttant pour le top six mais en plus, ils voient Fermin Aldeguer, brillant en Autriche, leur passer devant. Ainsi, Johann et Fabio glissent, d\u00e9sormais, aux 9\u00e8me et 10\u00e8me places de la hi\u00e9rarchie, dans cet ordre. Et si, dans le cas du pilote Yamaha, il n\u2019y avait sans doute pas grand chose \u00e0 faire, chez Honda, JZ5 avait clairement mati\u00e8re \u00e0 faire mieux.<\/p>\n<p>Car Joan Mir s\u2019est class\u00e9 sixi\u00e8me de la course, dimanche dernier. La preuve que la limite de la Honda n\u2019avait pas \u00e9t\u00e9 trouv\u00e9e par le Fran\u00e7ais. Mais apr\u00e8s une s\u00e9rie de chutes, il faut dire que le tricolore avait \u00e0 coeur de terminer et donc, de marquer des points. Pour le reste, ce trac\u00e9 du Red Bull Ring n\u2019avait jamais apport\u00e9 de grands r\u00e9sultats au pilote LCR. On imagine, donc, qu\u2019il s\u2019agissait probablement d\u2019une fausse note. Rattrapage le week-end prochain, en Hongrie ?<\/p>\n<p>Toujours dans ce classement des pilotes, Francesco Bagnaia peine \u00e0 se relever. Et alors qu\u2019il avait la possibilit\u00e9 d\u2019inscrire plus de points qu\u2019Alex Marquez ce week-end, il n\u2019en n\u2019aura rien \u00e9t\u00e9. La faute \u00e0 des probl\u00e8mes sur sa Ducati, qui ne tourne visiblement pas comme celle de Marc Marquez. Sur le Red Bull Ring, tout du moins. Aussi, Marco Bezzecchi se rapproche dangereusement de la troisi\u00e8me place d\u00e9tenue par le pilote Ducati officiel. Le pilote Aprilia Racing ayant marqu\u00e9 de gros points, en Autriche. 43 points le s\u00e9parent, d\u00e9sormais, d\u2019un nouveau top 3 final en MotoGP.<\/p>\n<p>Notons, par ailleurs, que trois pilotes sont actuellement \u00e0 \u00e9galit\u00e9 \u00e0 la la cinqui\u00e8me place \u00e0 savoir, les deux hommes du VR46 et Pedro Acosta, auteur d\u2019un excellent Grand-Prix \u201c\u00e0 la maison\u201d, pour KTM.<\/p>\n<p>\u201c\u00c9videmment, ce n\u2019\u00e9tait pas le r\u00e9sultat escompt\u00e9 pour ce premier week-end apr\u00e8s la pause estivale. Le week-end a \u00e9t\u00e9 difficile pour de nombreuses raisons ; disons que, pour une raison ou une autre, nous n\u2019avons jamais trouv\u00e9 le bon feeling avec les meilleurs. Il nous faut maintenant analyser certaines donn\u00e9es pour comprendre ce qui s\u2019est pass\u00e9 et arriver au parc Balaton plus impatients que jamais de retrouver les places que nous m\u00e9ritons. Nous sommes all\u00e9s en Hongrie avec la Panigale V4 il y a deux semaines, et cette exp\u00e9rience nous aidera \u00e0 mieux appr\u00e9hender le circuit d\u00e8s les premi\u00e8res s\u00e9ances.\u201c, d\u00e9clarait Pablo Nieto, le patron de la VR46, apr\u00e8s un Grand-Prix d\u2019Autriche d\u00e9cevant, marqu\u00e9 notamment par l\u2019abandon sur casse m\u00e9canique de Fabio di Giannantonio.<\/p>\n<p>Place au classement complet, avant le Grand-Prix de Hongrie de MotoGP 2025.<\/p>\n<p>1. Marc Marquez (ESP\/Ducati) 418 points<br \/>2. Alex Marquez (ESP\/Ducati-Gresini) 276 points<br \/>3. Francesco Bagnaia (ITA\/Ducati) 221 points<br \/>4. Marco Bezzecchi (ITA\/Aprilia) 178 points<br \/>5. Fabio Di Giannantonio (ITA\/Ducati-VR46) 144 points<br \/>6. Franco Morbidelli (ITA\/Ducati-VR46) 144 points<br \/>7. Pedro Acosta (ESP \/ KTM) 144 points<br \/>8. Ferm\u00edn Aldeguer (ESP\/Ducati-Gresini) 121 points<br \/>9. Johann Zarco (FRA\/Honda-LCR) 114 points<br \/>10. Fabio Quartararo (FRA\/Yamaha) 103 points<br \/>11.\u00a0Brad Binder (RSA\/KTM) 82 points<br \/>12. Raul Fernandez (ESP\/Aprilia-Trackhouse) 73 points<br \/>13. Maverick Vinales (FRA\/Tech3) 69 points<br \/>14.\u00a0Enea Bastianini (ITA\/KTM-Tech3) 63 points<br \/>15. Luca Marini (ITA\/Honda) 55 points<br \/>16. Ai Ogura (JPN\/Aprilia-Trackhouse) 53 points<br \/>17. Jack Miller (AUS\/Yamaha-Pramac) 52 points<br \/>18. Joan Mir (ESP\/Honda) 42 points<br \/>19. Alex Rins (ESP\/Yamaha) 42 points<br \/>20. Takaaki Nakagami (JPN\/Team HRC) 10 points<br \/>21. Jorge Martin (ESP\/Aprilia) 9 points<br \/>22. Pol Espargaro (ESP\/Tehc 3) 8 points<br \/>23. Lorenzo Savadori (ITA\/Aprilia) 8 points<br \/>24. Miguel Oliveira (POR\/Yamaha-Pramac) 6 points<br \/>25. Augusto Fernandez (ESP\/Yamaha-Pramac) 6 points<br \/>26. Somkiat Chantra (THA\/Honda-LCR) 1 point<\/p>\n<blockquote class=\"twitter-tweet\">\n<p dir=\"ltr\" lang=\"en\">It\u2019s all going to plan for <a href=\"https:\/\/twitter.com\/marcmarquez93?ref_src=twsrc%5Etfw\" target=\"_blank\" rel=\"noopener\">@marcmarquez93<\/a> in the <a href=\"https:\/\/twitter.com\/hashtag\/MotoGP?src=hash&amp;ref_src=twsrc%5Etfw\" target=\"_blank\" rel=\"noopener\">#MotoGP<\/a> World Championship standings \ud83d\ude0e<a href=\"https:\/\/twitter.com\/hashtag\/AustrianGP?src=hash&amp;ref_src=twsrc%5Etfw\" target=\"_blank\" rel=\"noopener\">#AustrianGP<\/a> \ud83c\udde6\ud83c\uddf9 <a href=\"https:\/\/t.co\/tYujVJoWEH\">pic.twitter.com\/tYujVJoWEH<\/a><\/p>\n<p>\u2014 MotoGP\u2122\ud83c\udfc1 (@MotoGP) <a href=\"https:\/\/twitter.com\/MotoGP\/status\/1957095073654374864?ref_src=twsrc%5Etfw\" target=\"_blank\" rel=\"noopener\">August 17, 2025<\/a><\/p>\n<\/blockquote>\n<p>Article publi\u00e9 le 18\/08\/2025 \u00e0 6h21<\/p>\n<p>                                                            <script async src=\"https:\/\/platform.twitter.com\/widgets.js\" charset=\"utf-8\"><\/script><\/p>\n","protected":false},"excerpt":{"rendered":"Le Grand-Prix d\u2019Autriche de MotoGP 2025 n\u2019aura clairement pas \u00e9t\u00e9 tr\u00e8s fructueux pour nos pilotes Fran\u00e7ais. En effet,&hellip;\n","protected":false},"author":2,"featured_media":326278,"comment_status":"","ping_status":"","sticky":false,"template":"","format":"standard","meta":{"footnotes":""},"categories":[1413],"tags":[1981,1011,27,1457,1456,1458,60],"class_list":{"0":"post-326277","1":"post","2":"type-post","3":"status-publish","4":"format-standard","5":"has-post-thumbnail","7":"category-moto","8":"tag-classement","9":"tag-fr","10":"tag-france","11":"tag-moto","12":"tag-motocycle","13":"tag-motogp","14":"tag-sports"},"share_on_mastodon":{"url":"https:\/\/pubeurope.com\/@fr\/115047967209561655","error":""},"_links":{"self":[{"href":"https:\/\/www.europesays.com\/fr\/wp-json\/wp\/v2\/posts\/326277","targetHints":{"allow":["GET"]}}],"collection":[{"href":"https:\/\/www.europesays.com\/fr\/wp-json\/wp\/v2\/posts"}],"about":[{"href":"https:\/\/www.europesays.com\/fr\/wp-json\/wp\/v2\/types\/post"}],"author":[{"embeddable":true,"href":"https:\/\/www.europesays.com\/fr\/wp-json\/wp\/v2\/users\/2"}],"replies":[{"embeddable":true,"href":"https:\/\/www.europesays.com\/fr\/wp-json\/wp\/v2\/comments?post=326277"}],"version-history":[{"count":0,"href":"https:\/\/www.europesays.com\/fr\/wp-json\/wp\/v2\/posts\/326277\/revisions"}],"wp:featuredmedia":[{"embeddable":true,"href":"https:\/\/www.europesays.com\/fr\/wp-json\/wp\/v2\/media\/326278"}],"wp:attachment":[{"href":"https:\/\/www.europesays.com\/fr\/wp-json\/wp\/v2\/media?parent=326277"}],"wp:term":[{"taxonomy":"category","embeddable":true,"href":"https:\/\/www.europesays.com\/fr\/wp-json\/wp\/v2\/categories?post=326277"},{"taxonomy":"post_tag","embeddable":true,"href":"https:\/\/www.europesays.com\/fr\/wp-json\/wp\/v2\/tags?post=326277"}],"curies":[{"name":"wp","href":"https:\/\/api.w.org\/{rel}","templated":true}]}}