{"id":326287,"date":"2025-08-18T04:54:21","date_gmt":"2025-08-18T04:54:21","guid":{"rendered":"https:\/\/www.europesays.com\/fr\/326287\/"},"modified":"2025-08-18T04:54:21","modified_gmt":"2025-08-18T04:54:21","slug":"le-photographe-gilles-regnier-magnifie-les-grandes-marees-dans-ses-cliches","status":"publish","type":"post","link":"https:\/\/www.europesays.com\/fr\/326287\/","title":{"rendered":"le photographe Gilles R\u00e9gnier magnifie les grandes mar\u00e9es dans ses clich\u00e9s"},"content":{"rendered":"<p>            Par<br \/>\n        <strong><br \/>\n            <a href=\"https:\/\/actu.fr\/auteur\/nicolas-mouchel\" title=\"Consulter tous les articles de Nicolas Mouchel\" rel=\"nofollow noopener\" target=\"_blank\">Nicolas Mouchel<\/a><br \/>\n        <\/strong><\/p>\n<p>        Publi\u00e9 le<\/p>\n<p>            16 ao\u00fbt 2025 \u00e0 10h00        <\/p>\n<p>Durant tout le mois d\u2019ao\u00fbt\u00a02025, <a href=\"https:\/\/mediatheque-dives.c3rb.org\/\" rel=\"nofollow noopener\" target=\"_blank\">la m\u00e9diath\u00e8que Jacques Pr\u00e9vert de Dives-sur-Mer<\/a> (Calvados) accueille une exposition des photographies grand format de <a href=\"https:\/\/www.gillesregnier.com\/index.html\" rel=\"nofollow noopener\" target=\"_blank\">Gilles R\u00e9gnier<\/a>, repr\u00e9sentant une partie de son travail consacr\u00e9 aux grandes mar\u00e9es, de la Baie du Mont-Saint-Michel \u00e0 \u00c9tretat en passant par le Cotentin, le Bessin ou l\u2019estuaire de la Seine.<\/p>\n<p class=\" wall-content\">Le photographe, originaire de Rouen et domicili\u00e9 \u00e0 Vire, est un passionn\u00e9 dont le go\u00fbt pour la mer n\u2019a d\u2019\u00e9gal que sa fascination pour le milieu marin. C\u2019est, de plus, un autodidacte de la photographie, pass\u00e9 professionnel il y a quelques ann\u00e9es. \u00ab\u2009J\u2019ai commenc\u00e9 par des contrats professionnels en suivant des skippers, en 2001. Puis je suis devenu photographe \u00e0 plein temps, notamment gr\u00e2ce \u00e0 ma participation \u00e0 Normandie impressionniste \u00e0 l\u2019\u00e9t\u00e9 2013, \u00e7a m\u2019a servi de rampe de lancement\u2009\u00bb pr\u00e9cise celui qui a \u00e9t\u00e9 photographe de r\u00e9gate durant une dizaine d\u2019ann\u00e9es, sur toutes les fa\u00e7ades maritimes de France.<\/p>\n<p>    <img   decoding=\"async\" loading=\"lazy\" class=\"size-large\" src=\"https:\/\/www.europesays.com\/fr\/wp-content\/uploads\/2025\/08\/ce83c65ced986f293c65ced98f693cv-960x640.jpg\" alt=\"Gilles R\u00e9gnier expose ses photographies des grandes mar\u00e9es \u00e0 la m\u00e9diath\u00e8que de Dives-sur-Mer.\" width=\"960\" height=\"640\"\/><br \/>\n    Des clich\u00e9s qui font ressortir l\u2019aspect esth\u00e9tique du ph\u00e9nom\u00e8ne. \u00a9Le Pays d\u2019Auge\/Nicolas MOUCHELUne alchimie entre les \u00e9l\u00e9ments et les variations de lumi\u00e8res<\/p>\n<p class=\" wall-content\">L\u2019exposition qu\u2019il pr\u00e9sente \u00e0 Dives-sur-Mer \u00ab\u2009vise \u00e0 sensibiliser et \u00e0 permettre d\u2019observer l\u2019amplitude d\u2019une mar\u00e9e descendante ou montante, \u00e0 plusieurs heures de la journ\u00e9e\u2009\u00bb pr\u00e9cise l\u2019artiste qui n\u2019h\u00e9site pas \u00e0 patienter le temps d\u2019une mar\u00e9e, durant six heures, \u00ab\u2009sur le m\u00eame angle, la m\u00eame focale, le m\u00eame point de vue\u2009\u00bb afin d\u2019obtenir les clich\u00e9s souhait\u00e9s.<\/p>\n<blockquote class=\"ac-article-quote wall-content\">\n<p>Ces photographies sont l\u2019occasion d\u2019un double regard d\u2019une mar\u00e9e. D\u2019un c\u00f4t\u00e9, elles font voir la mar\u00e9e haute, un \u00e9l\u00e9ment cl\u00e9 d\u2019une amplitude. De l\u2019autre, elles s\u2019offrent au regard d\u2019une mar\u00e9e basse, qui met en relief les d\u00e9tails d\u2019un paysage marin.<\/p>\n<p>Gilles R\u00e9gnier<\/p><\/blockquote>\n<p class=\" wall-content\">Ce travail, Gilles R\u00e9gnier l\u2019a entam\u00e9 en 2005, et l\u2019a poursuivi sur la dur\u00e9e, \u00ab\u2009j\u2019ai fait une pause pour avancer dans d\u2019autres projets, et j\u2019y suis revenu, \u00e7a ne me quitte pas, je suis en connexion avec ce ph\u00e9nom\u00e8ne naturel et astronomique\u2009\u00bb.<\/p>\n<p>Vid\u00e9os : en ce moment sur Actu<\/p>\n<p class=\" wall-content\">En r\u00e9sultent des clich\u00e9s parfois impressionnants, d\u2019autres plus apais\u00e9s et calmes, mettant en avant la physionomie des lieux et les diff\u00e9rentes strates de lumi\u00e8res captur\u00e9es. \u00ab\u2009Je souhaitais voir cette alchimie entre les \u00e9l\u00e9ments, les variations de lumi\u00e8res, et d\u00e9couvrir un paysage maritime qui se d\u00e9couvre et se recouvre suivant la mar\u00e9e\u2009\u00bb. Autour de ce ph\u00e9nom\u00e8ne naturel, le photographe donne \u00e9galement \u00e0 voir les \u00e0-c\u00f4t\u00e9s\u2009: la p\u00eache \u00e0 pied, les ostr\u00e9iculteurs\u2026<\/p>\n<p>    <img   decoding=\"async\" loading=\"lazy\" class=\"size-large\" src=\"https:\/\/www.europesays.com\/fr\/wp-content\/uploads\/2025\/08\/52e5c65ced98696e5c65ced98cae5cv-960x640.jpg\" alt=\"Gilles R\u00e9gnier expose ses photographies des grandes mar\u00e9es \u00e0 la m\u00e9diath\u00e8que de Dives-sur-Mer.\" width=\"960\" height=\"640\"\/><br \/>\n    L\u2019exposition pr\u00e9sente \u00e9galement les \u00e0-c\u00f4t\u00e9s de ce ph\u00e9nom\u00e8ne naturel. \u00a9Le Pays d\u2019Auge\/Nicolas MOUCHELCollection, transmission et d\u00e9cryptage<\/p>\n<p class=\" wall-content\">Ce travail a n\u00e9cessit\u00e9 un investissement personnel long, \u00ab\u2009il a fallu des ann\u00e9es pour constituer une collection, \u00e7a repr\u00e9sente une cinquantaine de sites photographi\u00e9s\u2009\u00bb. 34 photos ont \u00e9t\u00e9 extraites pour l\u2019exposition de Dives-sur-Mer qui couvre essentiellement les bords de mer de Normandie, repr\u00e9sent\u00e9s sur d\u2019imposants \u00ab\u2009tableaux\u2009\u00bb, de diff\u00e9rents formats et supports. Le photographe n\u2019exclut pas de se pencher sur le ph\u00e9nom\u00e8ne sur la C\u00f4te fleurie, \u00ab\u2009c\u2019est pr\u00e9vu, oui, je vais explorer l\u2019estuaire de la Dives, il y a ici un int\u00e9r\u00eat visuel dynamique, notamment avec les ports\u2009\u00bb.<\/p>\n<p class=\" wall-content\">Un temps fort avait lieu mardi dernier, en marge de l\u2019exposition, avec une \u00ab\u2009lecture photographique\u2009\u00bb \u00e0 la m\u00e9diath\u00e8que, un temps d\u2019\u00e9vocation du travail du photographe et d\u2019\u00e9change avec le public, qu\u2019il propose dans les m\u00e9diath\u00e8ques ou encore les r\u00e9sidences seniors. \u00ab\u2009\u00c7a permet de d\u00e9crypter, d\u2019avoir le t\u00e9moignage, la sensibilit\u00e9 du public, il y a toujours un \u00e9merveillement qui va se d\u00e9clencher, cette interaction peut stimuler, c\u2019est aussi une forme de transmission\u2009\u00bb.<\/p>\n<p class=\" wall-content\">Pour la suite, Gilles R\u00e9gnier a commenc\u00e9 un nouveau projet autour de la for\u00eat, \u00ab\u2009un sujet qui me semble de plus en plus sensible et pertinent avec le r\u00e9chauffement climatique\u2009\u00bb.<\/p>\n<p>Exposition jusqu\u2019au 30\u00a0ao\u00fbt 2025 \u00e0 la m\u00e9diath\u00e8que Jacques Pr\u00e9vert de Dives-sur-Mer. Acc\u00e8s libre.<\/p>\n<p class=\" wall-content\">Suivez toute l\u2019actualit\u00e9 de vos villes et m\u00e9dias favoris en vous inscrivant \u00e0 <a href=\"https:\/\/moncompte.actu.fr\" title=\"D\u00e9couvez Mon Actu\" rel=\"nofollow noopener\" data-trk=\"{&quot;cta&quot;:{&quot;action&quot;:&quot;https:\\\/\\\/moncompte.actu.fr&quot;,&quot;category&quot;:&quot;mon compte&quot;,&quot;from&quot;:&quot;article footer&quot;,&quot;name&quot;:&quot;Mon actu&quot;,&quot;type&quot;:&quot;cta&quot;}}\" target=\"_blank\">Mon Actu<\/a>.<\/p>\n","protected":false},"excerpt":{"rendered":"Par Nicolas Mouchel Publi\u00e9 le 16 ao\u00fbt 2025 \u00e0 10h00 Durant tout le mois d\u2019ao\u00fbt\u00a02025, la m\u00e9diath\u00e8que Jacques&hellip;\n","protected":false},"author":2,"featured_media":326288,"comment_status":"","ping_status":"","sticky":false,"template":"","format":"standard","meta":{"footnotes":""},"categories":[1358],"tags":[1348,1384,1385,1386,58,59,1011,27,1652],"class_list":{"0":"post-326287","1":"post","2":"type-post","3":"status-publish","4":"format-standard","5":"has-post-thumbnail","7":"category-arts-et-design","8":"tag-arts","9":"tag-arts-and-design","10":"tag-arts-et-design","11":"tag-design","12":"tag-divertissement","13":"tag-entertainment","14":"tag-fr","15":"tag-france","16":"tag-loisirs-culture"},"share_on_mastodon":{"url":"https:\/\/pubeurope.com\/@fr\/115047987012730830","error":""},"_links":{"self":[{"href":"https:\/\/www.europesays.com\/fr\/wp-json\/wp\/v2\/posts\/326287","targetHints":{"allow":["GET"]}}],"collection":[{"href":"https:\/\/www.europesays.com\/fr\/wp-json\/wp\/v2\/posts"}],"about":[{"href":"https:\/\/www.europesays.com\/fr\/wp-json\/wp\/v2\/types\/post"}],"author":[{"embeddable":true,"href":"https:\/\/www.europesays.com\/fr\/wp-json\/wp\/v2\/users\/2"}],"replies":[{"embeddable":true,"href":"https:\/\/www.europesays.com\/fr\/wp-json\/wp\/v2\/comments?post=326287"}],"version-history":[{"count":0,"href":"https:\/\/www.europesays.com\/fr\/wp-json\/wp\/v2\/posts\/326287\/revisions"}],"wp:featuredmedia":[{"embeddable":true,"href":"https:\/\/www.europesays.com\/fr\/wp-json\/wp\/v2\/media\/326288"}],"wp:attachment":[{"href":"https:\/\/www.europesays.com\/fr\/wp-json\/wp\/v2\/media?parent=326287"}],"wp:term":[{"taxonomy":"category","embeddable":true,"href":"https:\/\/www.europesays.com\/fr\/wp-json\/wp\/v2\/categories?post=326287"},{"taxonomy":"post_tag","embeddable":true,"href":"https:\/\/www.europesays.com\/fr\/wp-json\/wp\/v2\/tags?post=326287"}],"curies":[{"name":"wp","href":"https:\/\/api.w.org\/{rel}","templated":true}]}}