{"id":326289,"date":"2025-08-18T04:55:17","date_gmt":"2025-08-18T04:55:17","guid":{"rendered":"https:\/\/www.europesays.com\/fr\/326289\/"},"modified":"2025-08-18T04:55:17","modified_gmt":"2025-08-18T04:55:17","slug":"les-recommandations-de-lecture-en-poche-de-notre-chroniqueuse-bookaddictlyonnaise","status":"publish","type":"post","link":"https:\/\/www.europesays.com\/fr\/326289\/","title":{"rendered":"Les recommandations de lecture en poche de notre chroniqueuse Bookaddictlyonnaise"},"content":{"rendered":"<p><strong>1. La foudre, Pierrick Bailly aux \u00e9ditions Folio\u00a0<\/strong><\/p>\n<p>\u00a0<\/p>\n<p><img decoding=\"async\" alt=\"\" class=\"image-size-large\" data-amp-height=\"1600\" data-amp-width=\"971\" data-data-cke-saved-src=\"https:\/\/www.europesays.com\/fr\/wp-content\/uploads\/2025\/08\/image\/1371318\/20250817\/ob_990da9_files-5.jpg\" src=\"https:\/\/www.europesays.com\/fr\/wp-content\/uploads\/2025\/08\/image\/1371318\/20250817\/ob_990da9_files-5.jpg\"\/><\/p>\n<p>Histoire d&rsquo;une passion avec comme cadre le haut Jura \u2764\ufe0f.<\/p>\n<p>Premier roman que je lis de cet auteur (j&rsquo;ai juste vu et beaucoup aim\u00e9 Le roman de Jim, je vois d&rsquo;ailleurs au moins un pont entre ses deux histoires puisque les deux h\u00e9ros se retrouvent avec l&rsquo;enfant\/les enfants d&rsquo;un autre homme) et assur\u00e9ment pas le dernier.\u00a0<br \/>\u00ab La Foudre \u00bb raconte les tourments d\u2019un homme qui s\u2019\u00e9prend de la femme d\u2019un ami de jeunesse, emprisonn\u00e9 pour meurtre.<\/p>\n<p>C&rsquo;est violent, sentimental, tellurique, d\u00e9chirant. Avec en toile de fond la beaut\u00e9 des \u00a0paysages du Jura que Pierrick Bailly raconte si bien\u00a0 .<\/p>\n<p><img decoding=\"async\" alt=\"\" data-amp-height=\"763\" data-amp-width=\"573\" data-data-cke-saved-src=\"https:\/\/www.europesays.com\/fr\/wp-content\/uploads\/2025\/08\/image\/1371318\/20250817\/ob_8162bd_foudreeee.png\" src=\"https:\/\/www.europesays.com\/fr\/wp-content\/uploads\/2025\/08\/image\/1371318\/20250817\/ob_8162bd_foudreeee.png\"\/><\/p>\n<p><strong>-L&rsquo;ile Sigr\u00edur Hagal\u00edn BJ\u00d6RNSD\u00d3TTIR chez BABEL\u00a0<\/strong><\/p>\n<p>\u00a0<\/p>\n<p><img decoding=\"async\" alt=\"\" data-amp-height=\"749\" data-amp-width=\"468\" data-data-cke-saved-src=\"https:\/\/www.europesays.com\/fr\/wp-content\/uploads\/2025\/08\/image\/1371318\/20250817\/ob_3ef20d_9782330187309.jpg\" src=\"https:\/\/www.europesays.com\/fr\/wp-content\/uploads\/2025\/08\/image\/1371318\/20250817\/ob_3ef20d_9782330187309.jpg\"\/><\/p>\n<p>\u00a0L&rsquo;Islande, l&rsquo;autre pays des (sublimes) romans\u00a0<\/p>\n<p>\u00a0<\/p>\n<p>D\u00e8s les premi\u00e8res pages, de ce roman,\u00a0 je me suis dit\u00a0 que c&rsquo;\u00e9tait un vrai\u00a0 \u00e9gal d&rsquo;\u00eatre en Islande. Je ne sais pas expliquer pourquoi mais la litt\u00e9rature islandaise me fait toujours un effet particulier, comme une connexion.<\/p>\n<p>\u00a0Lecture de l&rsquo;\u00eele termin\u00e9e. L&rsquo;Islande se retrouve totalement coup\u00e9e du monde et bascule peu \u00e0 peu dans un r\u00e9gime totalitaire. Une m\u00e9taphore du repli sur soi qui envahit le monde ? C&rsquo;est fort, intelligent, prenant, puissamment \u00e9crit et toujours aussi brillamment traduit par Eric Boury mais ca manque d&rsquo;un petit quelque chose pour m&#8217;emporter totalement\u00a0<\/p>\n<p>Si vous voulez lire cette autrice, <a href=\"https:\/\/actes-sud.fr\/contributeurs\/sigriur-hagalin-bjornsdottir\" hreflang=\"fr\" style=\"box-sizing: border-box; background-color: transparent; color: rgb(67, 11, 13); text-decoration: underline; outline: -webkit-focus-ring-color auto 5px; outline-offset: -2px;\" rel=\"nofollow noopener\" target=\"_blank\">Sigr\u00edur Hagal\u00edn BJ\u00d6RNSD\u00d3TTIR<\/a>\u00a0 \u00a0qui est la femme de\u00a0 mon \u00e9crivain pr\u00e9f\u00e9r\u00e9, J\u00f3n Kalman Stef\u00e1nsson, je vous conseille en priorit\u00e9 deux romans formidables\u00a0 La lectrice disparue et \u00c9ruption, amour et autres cataclysmes.<\/p>\n<p>\u00a0<\/p>\n<p>\u00a0<\/p>\n<p><img decoding=\"async\" alt=\"\" data-amp-height=\"687\" data-amp-width=\"562\" data-data-cke-saved-src=\"https:\/\/www.europesays.com\/fr\/wp-content\/uploads\/2025\/08\/image\/1371318\/20250817\/ob_81794e_ileee.png\" src=\"https:\/\/www.europesays.com\/fr\/wp-content\/uploads\/2025\/08\/image\/1371318\/20250817\/ob_81794e_ileee.png\"\/><\/p>\n<p>\u00a0<\/p>\n<p>\u00a0<\/p>\n<p><strong>3. La ligne de nage de Julie Otsuka ( Folio)\u00a0<\/strong><\/p>\n<p>\u00a0<\/p>\n<p><img decoding=\"async\" alt=\"\" class=\"image-size-large\" data-amp-height=\"1600\" data-amp-width=\"971\" data-data-cke-saved-src=\"https:\/\/www.europesays.com\/fr\/wp-content\/uploads\/2025\/08\/image\/1371318\/20250817\/ob_2159bd_files-6.jpg\" src=\"https:\/\/www.europesays.com\/fr\/wp-content\/uploads\/2025\/08\/image\/1371318\/20250817\/ob_2159bd_files-6.jpg\"\/><\/p>\n<p>\u00a0<\/p>\n<p>M\u00e9moires \u00e0 la mer(e)<\/p>\n<p style=\"text-align: justify;\">\u00a0<\/p>\n<p style=\"text-align: justify;\">Il est question de m\u00e9moire dans La ligne de nage de Julie Ostuka , le troisi\u00e8me roman de ma s\u00e9lection, mais pas tout de suite, le roman \u00e9tant construit en deux parties radicalement diff\u00e9rentes. La premi\u00e8re partie se passe dans une piscine, lieu r\u00e9gi par un ensemble d\u2019habitudes et de r\u00e8gles que l\u2019autrice d\u00e9crit \u00e0 merveille tout comme l\u2019atmosph\u00e8re.<\/p>\n<p style=\"text-align: justify;\">C\u2019est tellement un univers \u00e0 part pour tous les habitu\u00e9s qu\u2019il est question plusieurs fois, par opposition de \u00ab l\u00e0-haut&rsquo; \u00bb (le monde quand on quitte cette piscine). Et puis une fissure apparait au fond de la piscine, l\u2019inqui\u00e9tude commence \u00e0 poindre, puis les fissures se multiplient et la piscine ferme.<\/p>\n<p style=\"text-align: justify;\">\ud83d\udca6 La seconde partie nous plonge dans la vie de la m\u00e8re de l\u2019\u00e9crivaine qui perd la m\u00e9moire peu \u00e0 peu jusqu\u2019\u00e0 ce qu\u2019elle rentre dans une maison sp\u00e9cialis\u00e9e (ironiquement nomm\u00e9e Belavista).<\/p>\n<p style=\"text-align: justify;\">C&rsquo;est d&rsquo;une grande beaut\u00e9, jamais tire larmes, jamais spectaculaire, mais toujours d&rsquo;une sublime justesse .<\/p>\n<p style=\"text-align: justify;\">\u00a0<\/p>\n<p><img decoding=\"async\" alt=\"\" data-amp-height=\"671\" data-amp-width=\"543\" data-data-cke-saved-src=\"https:\/\/www.europesays.com\/fr\/wp-content\/uploads\/2025\/08\/image\/1371318\/20250817\/ob_889a2a_ligneeee.png\" src=\"https:\/\/www.europesays.com\/fr\/wp-content\/uploads\/2025\/08\/image\/1371318\/20250817\/ob_889a2a_ligneeee.png\"\/><\/p>\n<p style=\"text-align: justify;\">\u00a0<\/p>\n<p>Retrouvez Bookaddict lyonnaise sur son compte instagram\u00a0<\/p>\n","protected":false},"excerpt":{"rendered":"1. La foudre, Pierrick Bailly aux \u00e9ditions Folio\u00a0 \u00a0 Histoire d&rsquo;une passion avec comme cadre le haut Jura&hellip;\n","protected":false},"author":2,"featured_media":326290,"comment_status":"","ping_status":"","sticky":false,"template":"","format":"standard","meta":{"footnotes":""},"categories":[1357],"tags":[1379,58,59,1011,27,1380],"class_list":{"0":"post-326289","1":"post","2":"type-post","3":"status-publish","4":"format-standard","5":"has-post-thumbnail","7":"category-livres","8":"tag-books","9":"tag-divertissement","10":"tag-entertainment","11":"tag-fr","12":"tag-france","13":"tag-livres"},"share_on_mastodon":{"url":"https:\/\/pubeurope.com\/@fr\/115047990990684552","error":""},"_links":{"self":[{"href":"https:\/\/www.europesays.com\/fr\/wp-json\/wp\/v2\/posts\/326289","targetHints":{"allow":["GET"]}}],"collection":[{"href":"https:\/\/www.europesays.com\/fr\/wp-json\/wp\/v2\/posts"}],"about":[{"href":"https:\/\/www.europesays.com\/fr\/wp-json\/wp\/v2\/types\/post"}],"author":[{"embeddable":true,"href":"https:\/\/www.europesays.com\/fr\/wp-json\/wp\/v2\/users\/2"}],"replies":[{"embeddable":true,"href":"https:\/\/www.europesays.com\/fr\/wp-json\/wp\/v2\/comments?post=326289"}],"version-history":[{"count":0,"href":"https:\/\/www.europesays.com\/fr\/wp-json\/wp\/v2\/posts\/326289\/revisions"}],"wp:featuredmedia":[{"embeddable":true,"href":"https:\/\/www.europesays.com\/fr\/wp-json\/wp\/v2\/media\/326290"}],"wp:attachment":[{"href":"https:\/\/www.europesays.com\/fr\/wp-json\/wp\/v2\/media?parent=326289"}],"wp:term":[{"taxonomy":"category","embeddable":true,"href":"https:\/\/www.europesays.com\/fr\/wp-json\/wp\/v2\/categories?post=326289"},{"taxonomy":"post_tag","embeddable":true,"href":"https:\/\/www.europesays.com\/fr\/wp-json\/wp\/v2\/tags?post=326289"}],"curies":[{"name":"wp","href":"https:\/\/api.w.org\/{rel}","templated":true}]}}