{"id":326295,"date":"2025-08-18T04:58:24","date_gmt":"2025-08-18T04:58:24","guid":{"rendered":"https:\/\/www.europesays.com\/fr\/326295\/"},"modified":"2025-08-18T04:58:24","modified_gmt":"2025-08-18T04:58:24","slug":"seul-un-vrai-fan-aura-5-5-a-ce-quiz-sur-stanislas-lefort","status":"publish","type":"post","link":"https:\/\/www.europesays.com\/fr\/326295\/","title":{"rendered":"seul un vrai fan aura 5\/5 \u00e0 ce quiz sur Stanislas Lefort"},"content":{"rendered":"<p><p><a href=\"https:\/\/www.serieously.com\" rel=\"nofollow noopener\" target=\"_blank\">Accueil<\/a> &gt; <a href=\"https:\/\/www.serieously.com\/quiz\/\" rel=\"nofollow noopener\" target=\"_blank\">Quiz<\/a> &gt; La Grande Vadrouille : seul un vrai fan aura 5\/5 \u00e0 ce quiz sur Stanislas Lefort<\/p>\n<\/p>\n<p class=\"o-article__published-by o-article__bullets\">\n            Publi\u00e9 le<br \/>\n                        17 ao\u00fbt 2025 \u00e0 19 h 20<\/p>\n<p>             Par<br \/>\n                <a href=\"https:\/\/www.serieously.com\/author\/virginie-incerto\/\" rel=\"nofollow noopener\" target=\"_blank\">Virginie<br \/>\n                    Incerto<\/a><\/p>\n<p><strong>Es-tu un grand fan des films avec Louis de Fun\u00e8s et en particulier La Grande Vadrouille ? Aujourd\u2019hui, on te propose de tester tes connaissances sur ce cher Stanislas Lefort, le personnage culte du long-m\u00e9trage de G\u00e9rard Oury. Auras-tu 5\/5 ?<\/strong><\/p>\n<p>Quel reproche Lefort fait-il aux deux musiciens du fond ?<\/p>\n<p>\t\t\t\t\t<img decoding=\"async\" src=\"https:\/\/www.europesays.com\/fr\/wp-content\/uploads\/2025\/08\/la-grande-vadrouille-min.jpg\" alt=\"\u00a9 Les Films Corona\" width=\"400\" height=\"225\" loading=\"lazy\" style=\"aspect-ratio: 16\/9; object-fit: cover;\"\/><\/p>\n<p>\u00a9 Les Films Corona<\/p>\n<p>Le personnage incarn\u00e9 par Louis de Fun\u00e8s reproche aux deux musiciens du fond de bavarder pendant les r\u00e9p\u00e9titions.<\/p>\n<p>Quel aviateur Stanislas Lefort accueille-t-il dans sa loge ?<\/p>\n<p>\t\t\t\t\t<img decoding=\"async\" src=\"https:\/\/www.europesays.com\/fr\/wp-content\/uploads\/2025\/08\/la-grande-vadrouille-opera.jpg\" alt=\"\u00a9 Les Films Corona\" width=\"400\" height=\"225\" loading=\"lazy\" style=\"aspect-ratio: 16\/9; object-fit: cover;\"\/><\/p>\n<p>\u00a9 Les Films Corona<\/p>\n<p>Il s\u2019agit d\u2019Alan MacIntosh, un personnage interpr\u00e9t\u00e9 par Mike Marshall.<\/p>\n<p>Vrai ou faux : dans la sc\u00e8ne des bains turcs, Lefort est le premier \u00e0 siffler \u00ab\u00a0Tea for two\u00a0\u00bb.<\/p>\n<p>\t\t\t\t\t<img decoding=\"async\" src=\"https:\/\/www.europesays.com\/fr\/wp-content\/uploads\/2025\/08\/la-grande-vadrouille-bain-turc.jpg\" alt=\"\" width=\"400\" height=\"225\" loading=\"lazy\" style=\"aspect-ratio: 16\/9; object-fit: cover;\"\/><\/p>\n<p>Faux, c\u2019est Augustin (Bourvil) qui siffle l\u2019air de \u00ab\u00a0Tea for two\u00a0\u00bb en premier dans la sc\u00e8ne culte.<\/p>\n<p>    <img decoding=\"async\" src=\"https:\/\/www.europesays.com\/fr\/wp-content\/uploads\/2025\/08\/la-grande-vadrouille-4.jpg\" alt=\"la-grande-vadrouille\" width=\"600\" height=\"338\" loading=\"lazy\"\/><\/p>\n<p>\t\t\u00a9 Les Films Corona<\/p>\n<p>\u00a0<\/p>\n<p>Quel est le num\u00e9ro de la chambre d&rsquo;h\u00f4tel de Stanislas Lefort et Augustin Bouvet ?<\/p>\n<p>\t\t\t\t\t<img decoding=\"async\" src=\"https:\/\/www.europesays.com\/fr\/wp-content\/uploads\/2025\/08\/10-4.jpg\" alt=\"\u00a9 Les Films Corona\" width=\"400\" height=\"225\" loading=\"lazy\" style=\"aspect-ratio: 16\/9; object-fit: cover;\"\/><\/p>\n<p>\u00a9 Les Films Corona<\/p>\n<p>Il s\u2019agit de la chambre n\u00b06 !<\/p>\n<p>Quel morceau du soldat nazi en p\u00e2te d&rsquo;amande Lefort mange-t-il en premier ?<\/p>\n<p>\t\t\t\t\t<img decoding=\"async\" src=\"https:\/\/www.europesays.com\/fr\/wp-content\/uploads\/2025\/08\/la-grande-vadrouille-1-1.jpg\" alt=\"\u00a9 Les Films Corona\" width=\"400\" height=\"225\" loading=\"lazy\" style=\"aspect-ratio: 16\/9; object-fit: cover;\"\/><\/p>\n<p>\u00a9 Les Films Corona<\/p>\n<p>Il mange en premier le bras qui fait le salut nazi !<\/p>\n<p class=\"o-quiz__result-title\">Bravo ! C&rsquo;\u00e9tait bien<\/p>\n<p class=\"o-quiz__result-subtitle\">Tu as obtenu un score de [[ score ]]\/[[ questions ]]<\/p>\n<p>\t\t\t\t\t\t\t\t\t<img decoding=\"async\" src=\"https:\/\/www.europesays.com\/fr\/wp-content\/uploads\/2025\/06\/grande-vadrouille-funes-chef-orchestre-1.gif\" alt=\"Bravo ! C'\u00e9tait bien\" width=\"768\" height=\"432\" loading=\"lazy\"\/><\/p>\n<p>Toutes nos f\u00e9licitations ! Non seulement tu es incollable sur La Grande Vadrouille, mais en plus tu es un vrai fan de Stanislas Lefort, le personnage culte de Louis de Fun\u00e8s. Tu le trouves aussi dr\u00f4le qu\u2019attachant et pour toi, c\u2019est l\u2019un des meilleurs de sa filmographie.<\/p>\n<p>Continue sur ta lanc\u00e9e en nommant les 30 films de Louis de Fun\u00e8s dans <a href=\"https:\/\/www.serieously.com\/tag\/quiz\/&#010;\" target=\"_blank\" rel=\"noopener nofollow\">ce quiz<\/a> !<\/p>\n<p class=\"o-quiz__result-title\">B- enfin comme-ci comme-\u00e7a<\/p>\n<p class=\"o-quiz__result-subtitle\">Tu as obtenu un score de [[ score ]]\/[[ questions ]]<\/p>\n<p>\t\t\t\t\t\t\t\t\t<img decoding=\"async\" src=\"https:\/\/www.europesays.com\/fr\/wp-content\/uploads\/2025\/08\/la-grande-vadrouille-louis-de-funes-1.gif\" alt=\"B- enfin comme-ci comme-\u00e7a\" width=\"768\" height=\"432\" loading=\"lazy\"\/><\/p>\n<p>C\u2019\u00e9tait pas mal\u2026 Enfin, Stanislas Lefort pense que tu aurais pu faire mieux. Globalement, tu connais bien La Grande Vadrouille mais tu ne t\u2019es pas montr\u00e9 particuli\u00e8rement attentif face au personnage de Louis de Fun\u00e8s.<\/p>\n<p>Continue sur ta lanc\u00e9e en nommant les 30 films de Louis de Fun\u00e8s dans <a href=\"https:\/\/www.serieously.com\/tag\/quiz\/&#010;\" target=\"_blank\" rel=\"noopener nofollow\">ce quiz<\/a> !<\/p>\n<p class=\"o-quiz__result-title\">C&rsquo;\u00e9tait pas mauvais, c&rsquo;\u00e9tait tr\u00e8s mauvais<\/p>\n<p class=\"o-quiz__result-subtitle\">Tu as obtenu un score de [[ score ]]\/[[ questions ]]<\/p>\n<p>\t\t\t\t\t\t\t\t\t<img decoding=\"async\" src=\"https:\/\/www.europesays.com\/fr\/wp-content\/uploads\/2025\/08\/la-grande-vadrouille-louis-de-funes.gif\" alt=\"C'\u00e9tait pas mauvais, c'\u00e9tait tr\u00e8s mauvais\" width=\"768\" height=\"432\" loading=\"lazy\"\/><\/p>\n<p>Comme le dit parfaitement Stanislas Lefort, c\u2019\u00e9tait vraiment une pi\u00e8tre performance.<\/p>\n<p>Essaie de faire mieux en nommant les 30 films de Louis de Fun\u00e8s dans <a href=\"https:\/\/www.serieously.com\/tag\/quiz\/&#010;\" target=\"_blank\" rel=\"noopener nofollow\">ce quiz<\/a> !<\/p>\n<p>\t\tRecommencer le quiz<\/p>\n<p>\t\t\t<img decoding=\"async\" src=\"https:\/\/www.europesays.com\/fr\/wp-content\/uploads\/2025\/08\/1755493104_698_avatar-virginie.jpg\" alt=\"Virginie Incerto\" width=\"70\" height=\"70\" loading=\"lazy\"\/><\/p>\n<p class=\"m-user__name\">Virginie Incerto<\/p>\n<p class=\"m-user__description\">Journaliste pop culture et lifestyle<\/p>\n<p>\n\t\t\t\t\t\t\t\t\t\t\t\t\t\t\tContacter<br \/>\n\t\t\t\t\t\tVirginie\n\t\t\t\t\t\t\t\t\t<\/p>\n<p>Lundi&rsquo;spensable<\/p>\n<p class=\"mt-4 mb-4 text-xl text-center\">Le meilleur de <\/p>\n<p> dans ta boite mail<\/p>\n","protected":false},"excerpt":{"rendered":"Accueil &gt; Quiz &gt; La Grande Vadrouille : seul un vrai fan aura 5\/5 \u00e0 ce quiz sur&hellip;\n","protected":false},"author":2,"featured_media":326296,"comment_status":"","ping_status":"","sticky":false,"template":"","format":"standard","meta":{"footnotes":""},"categories":[1354],"tags":[58,59,1346,1011,27,1360],"class_list":{"0":"post-326295","1":"post","2":"type-post","3":"status-publish","4":"format-standard","5":"has-post-thumbnail","7":"category-films","8":"tag-divertissement","9":"tag-entertainment","10":"tag-films","11":"tag-fr","12":"tag-france","13":"tag-movies"},"share_on_mastodon":{"url":"https:\/\/pubeurope.com\/@fr\/115048003708254720","error":""},"_links":{"self":[{"href":"https:\/\/www.europesays.com\/fr\/wp-json\/wp\/v2\/posts\/326295","targetHints":{"allow":["GET"]}}],"collection":[{"href":"https:\/\/www.europesays.com\/fr\/wp-json\/wp\/v2\/posts"}],"about":[{"href":"https:\/\/www.europesays.com\/fr\/wp-json\/wp\/v2\/types\/post"}],"author":[{"embeddable":true,"href":"https:\/\/www.europesays.com\/fr\/wp-json\/wp\/v2\/users\/2"}],"replies":[{"embeddable":true,"href":"https:\/\/www.europesays.com\/fr\/wp-json\/wp\/v2\/comments?post=326295"}],"version-history":[{"count":0,"href":"https:\/\/www.europesays.com\/fr\/wp-json\/wp\/v2\/posts\/326295\/revisions"}],"wp:featuredmedia":[{"embeddable":true,"href":"https:\/\/www.europesays.com\/fr\/wp-json\/wp\/v2\/media\/326296"}],"wp:attachment":[{"href":"https:\/\/www.europesays.com\/fr\/wp-json\/wp\/v2\/media?parent=326295"}],"wp:term":[{"taxonomy":"category","embeddable":true,"href":"https:\/\/www.europesays.com\/fr\/wp-json\/wp\/v2\/categories?post=326295"},{"taxonomy":"post_tag","embeddable":true,"href":"https:\/\/www.europesays.com\/fr\/wp-json\/wp\/v2\/tags?post=326295"}],"curies":[{"name":"wp","href":"https:\/\/api.w.org\/{rel}","templated":true}]}}