{"id":326304,"date":"2025-08-18T05:04:10","date_gmt":"2025-08-18T05:04:10","guid":{"rendered":"https:\/\/www.europesays.com\/fr\/326304\/"},"modified":"2025-08-18T05:04:10","modified_gmt":"2025-08-18T05:04:10","slug":"la-gauche-evincee-deux-candidats-de-droite-saffronteront-au-second-tour","status":"publish","type":"post","link":"https:\/\/www.europesays.com\/fr\/326304\/","title":{"rendered":"la gauche \u00e9vinc\u00e9e, deux candidats de droite s\u2019affronteront au second tour"},"content":{"rendered":"<p>                          <img loading=\"lazy\" decoding=\"async\" src=\"https:\/\/www.europesays.com\/fr\/wp-content\/uploads\/2025\/08\/db040ba_ftp-import-images-1-deyfse1htrs3-cb0b5a6b62fb4c108ade2e673468263e-0-b85b9644dd8b427e93bd8dc0.jpeg\" alt=\"Le s\u00e9nateur de centre-droit Rodrigo Paz et sa femme, Maria Elena Urquidi dans un bureau de vote lors des \u00e9lections pr\u00e9sidentielles \u00e0 La\u00a0Paz, le 17\u00a0ao\u00fbt\u00a02025.\"   width=\"664\" height=\"443\"\/>    Le s\u00e9nateur de centre-droit Rodrigo Paz et sa femme, Maria Elena Urquidi dans un bureau de vote lors des \u00e9lections pr\u00e9sidentielles \u00e0 La\u00a0Paz, le 17\u00a0ao\u00fbt\u00a02025.  FREDDY BARRAGAN\/AP                          <\/p>\n<p class=\"article__paragraph  \">En proie \u00e0 une grave crise \u00e9conomique, <a href=\"https:\/\/www.lemonde.fr\/bolivie\/\" rel=\"nofollow noopener\" target=\"_blank\">la Bolivie<\/a> va tourner le dos \u00e0 deux d\u00e9cennies de gouvernements socialistes. Le premier tour de l\u2019\u00e9lection pr\u00e9sidentielle a \u00e9t\u00e9 domin\u00e9, dimanche 17\u00a0ao\u00fbt, par deux candidats de droite qui s\u2019affronteront au second tour.<\/p>\n<p class=\"article__paragraph  \">A la surprise g\u00e9n\u00e9rale, le s\u00e9nateur de centre droit Rodrigo Paz \u2013 fils de l\u2019ancien pr\u00e9sident Jaime Paz Zamora (1989-1993) \u2013 arrive en t\u00eate avec 32,1\u00a0% des voix\u00a0selon les r\u00e9sultats communiqu\u00e9s par le Tribunal supr\u00eame \u00e9lectoral (TSE). L\u2019ancien pr\u00e9sident \u00e9ph\u00e9m\u00e8re de droite Jorge \u00ab\u00a0Tuto\u00a0\u00bb Quiroga (2001-2002) le suit avec 26,8\u00a0% des votes.<\/p>\n<p class=\"article__paragraph  \">A l\u2019issue du second tour pr\u00e9vu le 19\u00a0octobre, l\u2019un d\u2019eux succ\u00e9dera \u00e0 Luis Arce, autrefois soutenu par l\u2019ancien pr\u00e9sident Evo Morales (2006-2019), mais d\u00e9sormais en conflit avec lui. Tenu pour responsable du contexte \u00e9conomique difficile, le pr\u00e9sident sortant a renonc\u00e9 \u00e0 un second mandat.<\/p>\n<p>                                       Lire aussi |  Article r\u00e9serv\u00e9 \u00e0 nos abonn\u00e9s  <a href=\"https:\/\/www.lemonde.fr\/international\/article\/2025\/08\/17\/en-bolivie-la-gauche-divisee-pourrait-perdre-les-elections-apres-vingt-ans-d-hegemonie_6630838_3210.html\" class=\"js-article-read-also catcher--favoris__link\" data-premium=\"1\" id=\"article-title-3434113\" rel=\"nofollow noopener\" target=\"_blank\">En Bolivie, la gauche, divis\u00e9e, pourrait perdre les \u00e9lections apr\u00e8s vingt\u00a0ans d\u2019h\u00e9g\u00e9monie<\/a>    <\/p>\n<p>   Lire plus tard  <\/p>\n<p class=\"article__paragraph  \">Andronico Rodriguez, le pr\u00e9sident du S\u00e9nat \u00e9galement issu de la gauche, et le candidat du Mouvement vers le socialisme (MAS) au pouvoir depuis 2006, Eduardo del Castillo, n\u2019ont pas r\u00e9ussi \u00e0 convaincre et sont largement distanc\u00e9s.<\/p>\n<p class=\"article__paragraph  \">Sous la pr\u00e9sidence d\u2019Evo Morales, la pauvret\u00e9 a recul\u00e9 et le PIB a tripl\u00e9, mais la chute des revenus gaziers depuis 2017 a plong\u00e9 dans la crise le pays, marqu\u00e9 par une p\u00e9nurie chronique de dollars et de carburant, tandis que l\u2019inflation annuelle avoisine les 25\u00a0%, un niveau in\u00e9dit depuis dix-sept ans.<\/p>\n<p class=\"article__paragraph  \">Parmi les huit candidats en lice, le millionnaire de centre droit Samuel Doria Medina, qui se pr\u00e9sentait pour la quatri\u00e8me fois \u00e0 la pr\u00e9sidence, faisait figure de favori. Mais avec 19,8\u00a0% des voix, il arrive en troisi\u00e8me position.<\/p>\n<p>                    R\u00e9forme fiscale                    <\/p>\n<p class=\"article__paragraph  \">Economiste de 57\u00a0ans, Rodrigo Paz a pass\u00e9 ses premi\u00e8res ann\u00e9es en exil en Espagne, o\u00f9 sa famille a fui les dictatures militaires successives. En plus d\u2019\u00eatre s\u00e9nateur de Tarija, un d\u00e9partement du sud de la Bolivie, il a \u00e9t\u00e9 d\u00e9put\u00e9, et maire de la capitale de cette r\u00e9gion frontali\u00e8re avec l\u2019Argentine. Repr\u00e9sentant du parti chr\u00e9tien-d\u00e9mocrate (PDC), il a men\u00e9 une campagne discr\u00e8te et aust\u00e8re.<\/p>\n<p> Le Monde M\u00e9morable  <\/p>\n<p> <a href=\"https:\/\/www.lemonde.fr\/memorable\/?rfextension=inread\" class=\"inread__link js-services-inread-link\" target=\"_blank\" rel=\"nofollow noopener\">  <\/p>\n<p>Testez votre culture g\u00e9n\u00e9rale avec la r\u00e9daction du \u00ab Monde \u00bb<\/p>\n<p>Testez votre culture g\u00e9n\u00e9rale avec la r\u00e9daction du \u00ab Monde \u00bb<\/p>\n<p>D\u00e9couvrir<\/p>\n<p> <\/a>      <\/p>\n<p> Newsletter  <\/p>\n<p> <a href=\"https:\/\/www.lemonde.fr\/newsletters\/a-la-une\/\" class=\"inread__link js-services-inread-link\" target=\"_blank\" rel=\"nofollow noopener\">  <\/p>\n<p>\u00ab A la une \u00bb<\/p>\n<p>Chaque matin, parcourez l&rsquo;essentiel de l&rsquo;actualit\u00e9 du jour avec les derniers titres du \u00ab Monde \u00bb<\/p>\n<p>S&rsquo;inscrire<\/p>\n<p> <\/a>          <\/p>\n<p> Le Monde Application  <\/p>\n<p> <a href=\"https:\/\/lamatinale.onelink.me\/gKMy\/ahw2ubr3\" class=\"inread__link js-services-inread-link\" target=\"_blank\" rel=\"nofollow noopener\">  <\/p>\n<p>La Matinale du Monde<\/p>\n<p>Chaque matin, retrouvez notre s\u00e9lection de 20 articles \u00e0 ne pas manquer <\/p>\n<p>T\u00e9l\u00e9charger l&rsquo;application<\/p>\n<p> <\/a>      <\/p>\n<p> Newsletter abonn\u00e9s  <\/p>\n<p> <a href=\"https:\/\/www.lemonde.fr\/newsletters\/international\/\" class=\"inread__link js-services-inread-link\" target=\"_blank\" rel=\"nofollow noopener\">  <\/p>\n<p>\u00ab International \u00bb<\/p>\n<p>L\u2019essentiel de l\u2019actualit\u00e9 internationale de la semaine<\/p>\n<p>S&rsquo;inscrire<\/p>\n<p> <\/a>             <\/p>\n<p class=\"article__paragraph  \">\u00ab\u00a0Je tiens \u00e0 f\u00e9liciter le peuple bolivien, car il a dit\u00a0: \u201cJe veux du changement\u201d. Et nous avons l\u00e0 un signe de changement (\u2026), la grandeur du peuple bolivien qui aspire \u00e0 un destin diff\u00e9rent\u00a0\u00bb, a-t-il d\u00e9clar\u00e9 devant une foule de partisans \u00e0 La\u00a0Paz.<\/p>\n<p class=\"article__paragraph  \">Rodrigo Paz promet d\u2019inclure les classes moyennes et populaires dans la vie \u00e9conomique par des cr\u00e9dits accessibles notamment, et de proc\u00e9der \u00e0 une r\u00e9forme fiscale visant \u00e0 dynamiser l\u2019industrie nationale. Il doit en partie sa popularit\u00e9 \u00e0 son colistier, l\u2019ancien commandant de la police Edman Lara, figure tr\u00e8s appr\u00e9ci\u00e9e pour ses prises de position contre la corruption.<\/p>\n<p>                                       Lire aussi |  Article r\u00e9serv\u00e9 \u00e0 nos abonn\u00e9s  <a href=\"https:\/\/www.lemonde.fr\/economie\/article\/2025\/08\/16\/dans-l-immense-salar-d-uyuni-le-grand-gachis-du-lithium-bolivien_6630546_3234.html\" class=\"js-article-read-also catcher--favoris__link\" data-premium=\"1\" id=\"article-title-3434411\" rel=\"nofollow noopener\" target=\"_blank\">Dans l\u2019immense salar d\u2019Uyuni, le grand \u00ab\u00a0g\u00e2chis\u00a0\u00bb du lithium bolivien<\/a>    <\/p>\n<p>   Lire plus tard  <\/p>\n<p>                          \u00ab\u00a0Un changement radical\u00a0\u00bb                    <\/p>\n<p class=\"article__paragraph  \">De son c\u00f4t\u00e9, Jorge Quiroga, ing\u00e9nieur de 65\u00a0ans qui a travaill\u00e9 pour la multinationale am\u00e9ricaine IBM, repr\u00e9sente le parti Libre. Il a \u00e9t\u00e9 le vice-pr\u00e9sident de l\u2019ancien dictateur Hugo Banzer, revenu au pouvoir par les urnes \u00e0 la fin des ann\u00e9es 1990, et \u00e0 qui il a succ\u00e9d\u00e9 apr\u00e8s sa d\u00e9mission.<\/p>\n<p class=\"article__paragraph  \">Candidat pr\u00e9sidentiel malheureux \u00e0 plusieurs reprises, Quiroga se revendique lib\u00e9ral, mais s\u00e9duit aussi l\u2019\u00e9lectorat conservateur. \u00ab\u00a0Je vais me consacrer \u00e0 sauver l\u2019\u00e9conomie bolivienne, \u00e0 attirer les investissements et \u00e0 ouvrir les march\u00e9s\u00a0\u00bb, a-t-il r\u00e9cemment d\u00e9clar\u00e9 \u00e0 l\u2019Agence France-Presse, affirmant vouloir signer des accords de libre-\u00e9change avec la Chine, la Cor\u00e9e du Sud, le Japon et l\u2019Europe. Il promet \u00ab\u00a0un changement radical\u00a0\u00bb et place parmi ses priorit\u00e9s la r\u00e9duction du d\u00e9ficit budg\u00e9taire, la privatisation des entreprises publiques d\u00e9ficitaires, ainsi que l\u2019adoption d\u2019une nouvelle Constitution.<\/p>\n<p class=\"article__paragraph  \">\u00ab\u00a0La crise ne va pas s\u2019apaiser (\u2026). C\u2019est le plus grand d\u00e9fi institutionnel, \u00e9conomique et moral de notre histoire. Et nous allons l\u2019affronter tous ensemble\u00a0\u00bb, a-t-il d\u00e9clar\u00e9 apr\u00e8s l\u2019annonce des r\u00e9sultats, dimanche.<\/p>\n<p>                    Evo Morales \u00e9cart\u00e9 du scrutin par la justice                    <\/p>\n<p class=\"article__paragraph  \">Evo Morales, 65\u00a0ans, esp\u00e9rait briguer un quatri\u00e8me mandat pr\u00e9sidentiel, mais la justice, en les limitant \u00e0 deux, l\u2019a \u00e9cart\u00e9 de la course. Vis\u00e9 par un mandat d\u2019arr\u00eat dans une affaire de traite de mineure qu\u2019il conteste, l\u2019ancien syndicaliste des planteurs de coca vit retranch\u00e9 dans son fief du centre du pays. En votant, Evo Morales a d\u00e9nonc\u00e9 un scrutin \u00ab\u00a0sans l\u00e9gitimit\u00e9\u00a0\u00bb, affirmant que le vote nul, qu\u2019il a encourag\u00e9 durant la campagne, allait l\u2019emporter.<\/p>\n<p>                                       Lire aussi |  <a href=\"https:\/\/www.lemonde.fr\/international\/article\/2025\/05\/03\/bolivie-le-mandat-d-arret-contre-l-ancien-president-evo-morales-retabli-par-la-justice_6602403_3210.html\" class=\"js-article-read-also catcher--favoris__link\" data-premium=\"\" id=\"article-title-3420900\" rel=\"nofollow noopener\" target=\"_blank\">En Bolivie, le mandat d\u2019arr\u00eat contre l\u2019ancien pr\u00e9sident Evo Morales r\u00e9tabli par la justice<\/a>    <\/p>\n<p>   Lire plus tard  <\/p>\n<p class=\"article__paragraph  \">Malgr\u00e9 son \u00e9viction, le premier chef d\u2019Etat bolivien d\u2019origine indig\u00e8ne garde de solides appuis dans certains bastions ruraux et autochtones. Mais son conflit avec M. Arce a fractur\u00e9 le MAS, et m\u00eame ceux qui ont pendant longtemps b\u00e9n\u00e9fici\u00e9 des politiques sociales expriment aujourd\u2019hui leur d\u00e9senchantement. Outre le pr\u00e9sident et le vice-pr\u00e9sident, les pr\u00e8s de 8\u00a0millions d\u2019\u00e9lecteurs du pays doivent aussi renouveler le parlement bicam\u00e9ral.<\/p>\n<p class=\"author__detail\">  Le Monde avec AFP  <\/p>\n<p>                  <a href=\"https:\/\/www.lemonde.fr\/syndication\/\" class=\"reuse__content\" title=\"R\u00e9utiliser ce contenu\" target=\"_blank\" rel=\"nofollow noopener\">R\u00e9utiliser ce contenu<\/a>      <\/p>\n","protected":false},"excerpt":{"rendered":"Le s\u00e9nateur de centre-droit Rodrigo Paz et sa femme, Maria Elena Urquidi dans un bureau de vote lors&hellip;\n","protected":false},"author":2,"featured_media":326305,"comment_status":"","ping_status":"","sticky":false,"template":"","format":"standard","meta":{"footnotes":""},"categories":[5],"tags":[11,1011,27,14,12,28],"class_list":{"0":"post-326304","1":"post","2":"type-post","3":"status-publish","4":"format-standard","5":"has-post-thumbnail","7":"category-international","8":"tag-actualites","9":"tag-fr","10":"tag-france","11":"tag-international","12":"tag-news","13":"tag-world"},"share_on_mastodon":{"url":"https:\/\/pubeurope.com\/@fr\/115048026182163715","error":""},"_links":{"self":[{"href":"https:\/\/www.europesays.com\/fr\/wp-json\/wp\/v2\/posts\/326304","targetHints":{"allow":["GET"]}}],"collection":[{"href":"https:\/\/www.europesays.com\/fr\/wp-json\/wp\/v2\/posts"}],"about":[{"href":"https:\/\/www.europesays.com\/fr\/wp-json\/wp\/v2\/types\/post"}],"author":[{"embeddable":true,"href":"https:\/\/www.europesays.com\/fr\/wp-json\/wp\/v2\/users\/2"}],"replies":[{"embeddable":true,"href":"https:\/\/www.europesays.com\/fr\/wp-json\/wp\/v2\/comments?post=326304"}],"version-history":[{"count":0,"href":"https:\/\/www.europesays.com\/fr\/wp-json\/wp\/v2\/posts\/326304\/revisions"}],"wp:featuredmedia":[{"embeddable":true,"href":"https:\/\/www.europesays.com\/fr\/wp-json\/wp\/v2\/media\/326305"}],"wp:attachment":[{"href":"https:\/\/www.europesays.com\/fr\/wp-json\/wp\/v2\/media?parent=326304"}],"wp:term":[{"taxonomy":"category","embeddable":true,"href":"https:\/\/www.europesays.com\/fr\/wp-json\/wp\/v2\/categories?post=326304"},{"taxonomy":"post_tag","embeddable":true,"href":"https:\/\/www.europesays.com\/fr\/wp-json\/wp\/v2\/tags?post=326304"}],"curies":[{"name":"wp","href":"https:\/\/api.w.org\/{rel}","templated":true}]}}