{"id":326306,"date":"2025-08-18T05:05:20","date_gmt":"2025-08-18T05:05:20","guid":{"rendered":"https:\/\/www.europesays.com\/fr\/326306\/"},"modified":"2025-08-18T05:05:20","modified_gmt":"2025-08-18T05:05:20","slug":"mort-dun-amateur-de-deltaplane-apres-une-chute-20-metres-dans-les-hautes-alpes","status":"publish","type":"post","link":"https:\/\/www.europesays.com\/fr\/326306\/","title":{"rendered":"Mort d&rsquo;un amateur de deltaplane apr\u00e8s une chute 20 m\u00e8tres dans les Hautes-Alpes"},"content":{"rendered":"<p>C\u2019est un accident dramatique qui s\u2019est produit ce dimanche apr\u00e8s-midi dans les <a href=\"https:\/\/www.laprovence.com\/article\/region\/3807532998584514\/gap-en-stagnation-briancon-en-chute-libre-dans-les-hautes-alpes-une-evolution-demographique-contrastee\" target=\"_blank\" rel=\"nofollow noopener\">Hautes-Alpes<\/a>. Vers 17h20, les sapeurs-pompiers du Service d\u00e9partemental d\u2019incendie et de secours (Sdis05) sont intervenus sur la commune de <a href=\"https:\/\/www.laprovence.com\/article\/region\/1689675538100614\/val-buech-meouge-une-nouvelle-commune-qui-modernise-ses-villages-dans-les-hautes-alpes\" target=\"_blank\" rel=\"nofollow noopener\">Val-Bu\u00ebch-M\u00e9ouge<\/a>.<\/p>\n<p>Les sapeurs-pompiers mobilis\u00e9s<\/p>\n<p>Les secouristes ont pris en charge un sexag\u00e9naire, qui avait chut\u00e9 en deltaplane. D\u2019origine n\u00e9erlandaise, le malheureux s\u2019est ab\u00eem\u00e9 sur pr\u00e8s de 20 m\u00e8tres de haut, dans un champ. Il n\u2019a pas surv\u00e9cu \u00e0 sa chute.<\/p>\n<p>Il \u00e9tait en lice dans une comp\u00e9tition de deltaplane qui se d\u00e9roulait depuis la montagne de Chabre.\u00a0<\/p>\n<p>Les secouristes ont mobilis\u00e9 11 sapeurs-pompiers r\u00e9partis sur 6 v\u00e9hicules, des moyens a\u00e9riens et la gendarmerie, qui \u00e9taient sur place.<\/p>\n","protected":false},"excerpt":{"rendered":"C\u2019est un accident dramatique qui s\u2019est produit ce dimanche apr\u00e8s-midi dans les Hautes-Alpes. Vers 17h20, les sapeurs-pompiers du&hellip;\n","protected":false},"author":2,"featured_media":326307,"comment_status":"","ping_status":"","sticky":false,"template":"","format":"standard","meta":{"footnotes":""},"categories":[4],"tags":[17,11,5891,150,837,2837,46321,274,1011,27,18,12,25,96],"class_list":{"0":"post-326306","1":"post","2":"type-post","3":"status-publish","4":"format-standard","5":"has-post-thumbnail","7":"category-france","8":"tag-17","9":"tag-actualites","10":"tag-amateur","11":"tag-apres","12":"tag-chute","13":"tag-dun","14":"tag-deltaplane","15":"tag-faits-divers-justice","16":"tag-fr","17":"tag-france","18":"tag-mort","19":"tag-news","20":"tag-republique-francaise","21":"tag-une"},"share_on_mastodon":{"url":"https:\/\/pubeurope.com\/@fr\/115048030154644351","error":""},"_links":{"self":[{"href":"https:\/\/www.europesays.com\/fr\/wp-json\/wp\/v2\/posts\/326306","targetHints":{"allow":["GET"]}}],"collection":[{"href":"https:\/\/www.europesays.com\/fr\/wp-json\/wp\/v2\/posts"}],"about":[{"href":"https:\/\/www.europesays.com\/fr\/wp-json\/wp\/v2\/types\/post"}],"author":[{"embeddable":true,"href":"https:\/\/www.europesays.com\/fr\/wp-json\/wp\/v2\/users\/2"}],"replies":[{"embeddable":true,"href":"https:\/\/www.europesays.com\/fr\/wp-json\/wp\/v2\/comments?post=326306"}],"version-history":[{"count":0,"href":"https:\/\/www.europesays.com\/fr\/wp-json\/wp\/v2\/posts\/326306\/revisions"}],"wp:featuredmedia":[{"embeddable":true,"href":"https:\/\/www.europesays.com\/fr\/wp-json\/wp\/v2\/media\/326307"}],"wp:attachment":[{"href":"https:\/\/www.europesays.com\/fr\/wp-json\/wp\/v2\/media?parent=326306"}],"wp:term":[{"taxonomy":"category","embeddable":true,"href":"https:\/\/www.europesays.com\/fr\/wp-json\/wp\/v2\/categories?post=326306"},{"taxonomy":"post_tag","embeddable":true,"href":"https:\/\/www.europesays.com\/fr\/wp-json\/wp\/v2\/tags?post=326306"}],"curies":[{"name":"wp","href":"https:\/\/api.w.org\/{rel}","templated":true}]}}