{"id":326310,"date":"2025-08-18T05:07:13","date_gmt":"2025-08-18T05:07:13","guid":{"rendered":"https:\/\/www.europesays.com\/fr\/326310\/"},"modified":"2025-08-18T05:07:13","modified_gmt":"2025-08-18T05:07:13","slug":"saint-etienne-metropole-lance-un-site-pour-aider-les-entreprises-a-recruter","status":"publish","type":"post","link":"https:\/\/www.europesays.com\/fr\/326310\/","title":{"rendered":"Saint-\u00c9tienne M\u00e9tropole lance un site pour aider les entreprises \u00e0 recruter"},"content":{"rendered":"<p><img loading=\"lazy\" decoding=\"async\" alt=\"\u00a9 Saint-\u00c9tienne M\u00e9trople - Saint-\u00c9tienne est la 4e ville o\u00f9 il faut s\u2019installer selon une \u00e9tude de 2023 de Meilleur taux-M\u00e9t\u00e9ojob.\" data-zoom-src=\"https:\/\/www.europesays.com\/fr\/wp-content\/uploads\/2025\/08\/initial-place-du-peuple-saint-etienne-metropole.jpg\" data-zoomable=\"\" height=\"702\" src=\"https:\/\/www.europesays.com\/fr\/wp-content\/uploads\/2025\/08\/initial-place-du-peuple-saint-etienne-metropole.jpg\" width=\"1248\"\/>  <\/p>\n<p class=\"article-desc\">\u00a9 Saint-\u00c9tienne M\u00e9trople &#8211; Saint-\u00c9tienne est la 4e ville o\u00f9 il faut s\u2019installer selon une \u00e9tude de 2023 de Meilleur taux-M\u00e9t\u00e9ojob. <\/p>\n<p>\u00c9quilibre entre carri\u00e8re et cadre de vie, localisation, mobilit\u00e9 douce, cadre vert \u00e0 quelques minutes, logements et cr\u00e8ches accessibles, culture, sport\u2026 La <strong>M\u00e9tropole de Saint-\u00c9tienne<\/strong> a \u00e9t\u00e9 exhaustive dans sa pr\u00e9sentation. D\u00e9sireuse d\u2019aider les entreprises du territoire qui doivent diffuser leurs offres d\u2019emploi au niveau national et donc <strong>attirer une population nouvelle<\/strong>, l\u2019outil digital \u00ab\u00a0Vivre ici\u00a0\u00bb r\u00e9pond \u00e0 ce besoin. <\/p>\n<p>Se projeter \u00e0 Saint-\u00c9tienne en un clic gr\u00e2ce \u00e0 un QR code int\u00e9gr\u00e9 dans les offres d&#8217;emploi <\/p>\n<p>Accessible via <strong>un lien ou un QR code<\/strong>, il peut \u00eatre int\u00e9gr\u00e9 aux offres d\u2019emploi. Objectif : permettre aux candidats de mieux se projeter sur le territoire. Ce levier s\u2019inscrit dans une strat\u00e9gie globale d\u2019attractivit\u00e9 \u00e9conomique et \u00e9tudiante port\u00e9e par la signature \u00ab\u00a0Nouveau Monde\u00a0\u00bb, valorisant innovation et qualit\u00e9 de vie. <\/p>\n<p>\u00ab\u00a0Notre territoire a de solides arguments \u00e0 faire valoir. Ce nouvel outil permet aux recruteurs de les mettre en avant facilement, pour accompagner l\u2019attractivit\u00e9 de leurs offres d\u2019emploi. C\u2019est une mani\u00e8re tr\u00e8s concr\u00e8te de soutenir leur strat\u00e9gie RH\u00a0\u00bb, explique dans un communiqu\u00e9 Nora Berroukeche, vice-pr\u00e9sidente en charge du d\u00e9veloppement \u00e9conomique, de l\u2019innovation, des relations internationales et du plan de relance. <\/p>\n","protected":false},"excerpt":{"rendered":"\u00a9 Saint-\u00c9tienne M\u00e9trople &#8211; Saint-\u00c9tienne est la 4e ville o\u00f9 il faut s\u2019installer selon une \u00e9tude de 2023&hellip;\n","protected":false},"author":2,"featured_media":326311,"comment_status":"","ping_status":"","sticky":false,"template":"","format":"standard","meta":{"footnotes":""},"categories":[9653],"tags":[1111,11,2430,1777,674,1011,27,12,7099,25,4001],"class_list":{"0":"post-326310","1":"post","2":"type-post","3":"status-publish","4":"format-standard","5":"has-post-thumbnail","7":"category-saint-etienne","8":"tag-actu","9":"tag-actualites","10":"tag-auvergne-rhone-alpes","11":"tag-eu","12":"tag-europe","13":"tag-fr","14":"tag-france","15":"tag-news","16":"tag-recrutement","17":"tag-republique-francaise","18":"tag-saint-etienne"},"share_on_mastodon":{"url":"https:\/\/pubeurope.com\/@fr\/115048037959365970","error":""},"_links":{"self":[{"href":"https:\/\/www.europesays.com\/fr\/wp-json\/wp\/v2\/posts\/326310","targetHints":{"allow":["GET"]}}],"collection":[{"href":"https:\/\/www.europesays.com\/fr\/wp-json\/wp\/v2\/posts"}],"about":[{"href":"https:\/\/www.europesays.com\/fr\/wp-json\/wp\/v2\/types\/post"}],"author":[{"embeddable":true,"href":"https:\/\/www.europesays.com\/fr\/wp-json\/wp\/v2\/users\/2"}],"replies":[{"embeddable":true,"href":"https:\/\/www.europesays.com\/fr\/wp-json\/wp\/v2\/comments?post=326310"}],"version-history":[{"count":0,"href":"https:\/\/www.europesays.com\/fr\/wp-json\/wp\/v2\/posts\/326310\/revisions"}],"wp:featuredmedia":[{"embeddable":true,"href":"https:\/\/www.europesays.com\/fr\/wp-json\/wp\/v2\/media\/326311"}],"wp:attachment":[{"href":"https:\/\/www.europesays.com\/fr\/wp-json\/wp\/v2\/media?parent=326310"}],"wp:term":[{"taxonomy":"category","embeddable":true,"href":"https:\/\/www.europesays.com\/fr\/wp-json\/wp\/v2\/categories?post=326310"},{"taxonomy":"post_tag","embeddable":true,"href":"https:\/\/www.europesays.com\/fr\/wp-json\/wp\/v2\/tags?post=326310"}],"curies":[{"name":"wp","href":"https:\/\/api.w.org\/{rel}","templated":true}]}}