{"id":326312,"date":"2025-08-18T05:08:09","date_gmt":"2025-08-18T05:08:09","guid":{"rendered":"https:\/\/www.europesays.com\/fr\/326312\/"},"modified":"2025-08-18T05:08:09","modified_gmt":"2025-08-18T05:08:09","slug":"saint-etienne-la-cathedrale-saint-charles-vandalisee","status":"publish","type":"post","link":"https:\/\/www.europesays.com\/fr\/326312\/","title":{"rendered":"Saint-\u00c9tienne : la cath\u00e9drale Saint-Charles vandalis\u00e9e"},"content":{"rendered":"<p>Des tags racistes, antis\u00e9mites et islamophobes ont \u00e9t\u00e9 retrouv\u00e9s sur la cath\u00e9drale Saint-Charles \u00e0 Saint-\u00c9tienne, ce dimanche 17 ao\u00fbt.<\/p>\n<p>Mauvaise surprise pour les habitants de <b>Saint-\u00c9tienne<\/b> ce dimanche.\u00a0<\/p>\n<p><b>Des inscriptions racistes, antis\u00e9mites et islamophobes <\/b>ont \u00e9t\u00e9 d\u00e9couverts \u00e0 plusieurs endroits en centre-ville : devant l&rsquo;H\u00f4tel de ville, la cath\u00e9drale Saint-Charles, place Jean-Jaur\u00e8s, ainsi que sur le b\u00e2timent du palais de Justice.<\/p>\n<p>Une enqu\u00eate en cours<\/p>\n<p>Le maire <b>Ga\u00ebl Perdriau <\/b>a r\u00e9agi dans un communiqu\u00e9 : \u00ab\u00a0Je condamne avec la plus grande fermet\u00e9 ces actes odieux et d&rsquo;une grande l\u00e2chet\u00e9. Rien n&rsquo;est plus \u00e9tranger \u00e0 notre ville de Saint-Etienne que le racisme, l&rsquo;antis\u00e9mitisme et l&rsquo;islamophobie. En toute circonstance, nous ne devons pas rester silencieux et condamner sans rel\u00e2che et sans faiblesse, cette haine de l&rsquo;autre d&rsquo;o\u00f9 qu&rsquo;elle vienne, qui fait le lit des populismes.\u00a0\u00bb<\/p>\n<p>Une enqu\u00eate est en cours. Les <b>images de vid\u00e9osurveillance<\/b> vont \u00eatre analys\u00e9es pour identifier le ou les auteurs de ces inscriptions.\u00a0<\/p>\n<p>Une <b>plainte<\/b> sera \u00e9galement d\u00e9pos\u00e9e. Ce dimanche, les services municipaux ont \u00e9t\u00e9 mobilis\u00e9s pour nettoyer les b\u00e2timents concern\u00e9s.<\/p>\n<p><\/p>\n","protected":false},"excerpt":{"rendered":"Des tags racistes, antis\u00e9mites et islamophobes ont \u00e9t\u00e9 retrouv\u00e9s sur la cath\u00e9drale Saint-Charles \u00e0 Saint-\u00c9tienne, ce dimanche 17&hellip;\n","protected":false},"author":2,"featured_media":326313,"comment_status":"","ping_status":"","sticky":false,"template":"","format":"standard","meta":{"footnotes":""},"categories":[9653],"tags":[1111,11,2430,46322,1777,674,1011,27,3367,12,25,1178,4001,21890,11942],"class_list":{"0":"post-326312","1":"post","2":"type-post","3":"status-publish","4":"format-standard","5":"has-post-thumbnail","7":"category-saint-etienne","8":"tag-actu","9":"tag-actualites","10":"tag-auvergne-rhone-alpes","11":"tag-cathdrale","12":"tag-eu","13":"tag-europe","14":"tag-fr","15":"tag-france","16":"tag-loire","17":"tag-news","18":"tag-republique-francaise","19":"tag-saint-charles","20":"tag-saint-etienne","21":"tag-tags","22":"tag-vandalisme"},"share_on_mastodon":{"url":"https:\/\/pubeurope.com\/@fr\/115048042051129269","error":""},"_links":{"self":[{"href":"https:\/\/www.europesays.com\/fr\/wp-json\/wp\/v2\/posts\/326312","targetHints":{"allow":["GET"]}}],"collection":[{"href":"https:\/\/www.europesays.com\/fr\/wp-json\/wp\/v2\/posts"}],"about":[{"href":"https:\/\/www.europesays.com\/fr\/wp-json\/wp\/v2\/types\/post"}],"author":[{"embeddable":true,"href":"https:\/\/www.europesays.com\/fr\/wp-json\/wp\/v2\/users\/2"}],"replies":[{"embeddable":true,"href":"https:\/\/www.europesays.com\/fr\/wp-json\/wp\/v2\/comments?post=326312"}],"version-history":[{"count":0,"href":"https:\/\/www.europesays.com\/fr\/wp-json\/wp\/v2\/posts\/326312\/revisions"}],"wp:featuredmedia":[{"embeddable":true,"href":"https:\/\/www.europesays.com\/fr\/wp-json\/wp\/v2\/media\/326313"}],"wp:attachment":[{"href":"https:\/\/www.europesays.com\/fr\/wp-json\/wp\/v2\/media?parent=326312"}],"wp:term":[{"taxonomy":"category","embeddable":true,"href":"https:\/\/www.europesays.com\/fr\/wp-json\/wp\/v2\/categories?post=326312"},{"taxonomy":"post_tag","embeddable":true,"href":"https:\/\/www.europesays.com\/fr\/wp-json\/wp\/v2\/tags?post=326312"}],"curies":[{"name":"wp","href":"https:\/\/api.w.org\/{rel}","templated":true}]}}