{"id":326330,"date":"2025-08-18T05:23:12","date_gmt":"2025-08-18T05:23:12","guid":{"rendered":"https:\/\/www.europesays.com\/fr\/326330\/"},"modified":"2025-08-18T05:23:12","modified_gmt":"2025-08-18T05:23:12","slug":"strasbourg-un-festival-dune-semaine-au-pays-des-orgues","status":"publish","type":"post","link":"https:\/\/www.europesays.com\/fr\/326330\/","title":{"rendered":"Strasbourg. Un festival d\u2019une semaine au pays des orgues"},"content":{"rendered":"<p>Stras\u2019orgues met \u00e0 l\u2019honneur l\u2019un des instruments les plus embl\u00e9matiques de la r\u00e9gion, l\u2019orgue. La 9 e \u00e9dition de ce festival d\u2019une semaine qui d\u00e9marre le samedi 23\u00a0ao\u00fbt propose une s\u00e9rie de concerts avec des artistes de renomm\u00e9e internationale et un r\u00e9pertoire qui devrait satisfaire un tr\u00e8s large public.<\/p>\n<p>Illustration avec Beno\u00eet Mernier qui, samedi \u00e0 la cath\u00e9drale, ouvrira la s\u00e9rie en interpr\u00e9tant des \u0153uvres allant de Johann S\u00e9bastian Bach \u00e0 Bela Bartok. Le concert sera retransmis sur \u00e9cran g\u00e9ant. <a href=\"https:\/\/www.dna.fr\/culture-loisirs\/2024\/08\/27\/2-000-spectateurs-etaient-au-rendez-vous-pour-la-8e-edition-de-stras-orgues\" target=\"_blank\" rel=\"nofollow noopener\">Stras\u2019orgues<\/a> se poursuivra ensuite dans divers \u00e9difices religieux strasbourgeois et sous des formes souvent insolites, accueillant notamment Thierry Escaich, Kalina Vladovska, Catherine Bolzinger, Els Biesemans, Sietze de Vries, Emmanuelle Dauvin ou encore Yves Rechsteiner.<\/p>\n<p class=\"note\">Stras\u2019orgues, le samedi 23\u00a0ao\u00fbt \u00e0 20\u00a0h, \u00e0 la <a href=\"https:\/\/www.dna.fr\/p\/cathedrale-de-strasbourg\" target=\"_blank\" rel=\"nofollow noopener\">cath\u00e9drale de Strasbourg<\/a>. Plein tarif\u00a0: 20\u00a0euros. Renseignements et r\u00e9servation sur le site du festival, <a href=\"https:\/\/www.strasorgues.fr\/\" target=\"_blank\" rel=\"nofollow noopener\">www.strasorgues.fr<\/a><\/p>\n","protected":false},"excerpt":{"rendered":"Stras\u2019orgues met \u00e0 l\u2019honneur l\u2019un des instruments les plus embl\u00e9matiques de la r\u00e9gion, l\u2019orgue. La 9 e \u00e9dition&hellip;\n","protected":false},"author":2,"featured_media":326331,"comment_status":"","ping_status":"","sticky":false,"template":"","format":"standard","meta":{"footnotes":""},"categories":[2820],"tags":[1111,11,2389,1687,2880,1777,674,107,1011,27,775,873,12,25,640,2879],"class_list":{"0":"post-326330","1":"post","2":"type-post","3":"status-publish","4":"format-standard","5":"has-post-thumbnail","7":"category-strasbourg","8":"tag-actu","9":"tag-actualites","10":"tag-alsace","11":"tag-culture-loisirs","12":"tag-edition-strasbourg","13":"tag-eu","14":"tag-europe","15":"tag-fil-info","16":"tag-fr","17":"tag-france","18":"tag-grand-est","19":"tag-musique","20":"tag-news","21":"tag-republique-francaise","22":"tag-strasbourg","23":"tag-strasbourg-ville"},"share_on_mastodon":{"url":"https:\/\/pubeurope.com\/@fr\/115048100964083696","error":""},"_links":{"self":[{"href":"https:\/\/www.europesays.com\/fr\/wp-json\/wp\/v2\/posts\/326330","targetHints":{"allow":["GET"]}}],"collection":[{"href":"https:\/\/www.europesays.com\/fr\/wp-json\/wp\/v2\/posts"}],"about":[{"href":"https:\/\/www.europesays.com\/fr\/wp-json\/wp\/v2\/types\/post"}],"author":[{"embeddable":true,"href":"https:\/\/www.europesays.com\/fr\/wp-json\/wp\/v2\/users\/2"}],"replies":[{"embeddable":true,"href":"https:\/\/www.europesays.com\/fr\/wp-json\/wp\/v2\/comments?post=326330"}],"version-history":[{"count":0,"href":"https:\/\/www.europesays.com\/fr\/wp-json\/wp\/v2\/posts\/326330\/revisions"}],"wp:featuredmedia":[{"embeddable":true,"href":"https:\/\/www.europesays.com\/fr\/wp-json\/wp\/v2\/media\/326331"}],"wp:attachment":[{"href":"https:\/\/www.europesays.com\/fr\/wp-json\/wp\/v2\/media?parent=326330"}],"wp:term":[{"taxonomy":"category","embeddable":true,"href":"https:\/\/www.europesays.com\/fr\/wp-json\/wp\/v2\/categories?post=326330"},{"taxonomy":"post_tag","embeddable":true,"href":"https:\/\/www.europesays.com\/fr\/wp-json\/wp\/v2\/tags?post=326330"}],"curies":[{"name":"wp","href":"https:\/\/api.w.org\/{rel}","templated":true}]}}