{"id":326336,"date":"2025-08-18T05:27:20","date_gmt":"2025-08-18T05:27:20","guid":{"rendered":"https:\/\/www.europesays.com\/fr\/326336\/"},"modified":"2025-08-18T05:27:20","modified_gmt":"2025-08-18T05:27:20","slug":"clairie-va-faire-chanter-et-mettre-en-scene-les-enfants","status":"publish","type":"post","link":"https:\/\/www.europesays.com\/fr\/326336\/","title":{"rendered":"Clairie va faire chanter et mettre en sc\u00e8ne les enfants"},"content":{"rendered":"<p>C\u2019est l\u2019histoire d\u2019une passion transg\u00e9n\u00e9rationelle\u2026 Vous avez peut-\u00eatre d\u00e9j\u00e0 vu ou entendu Claire de Belloy, alias Clairie, la jeune femme \u00e9tant pass\u00e9e par l\u2019\u00e9mission t\u00e9l\u00e9vis\u00e9e The Voice en 2018, o\u00f9 son interpr\u00e9tation d\u2019une chanson de Bj\u00f6rk avait impressionn\u00e9 le jury de c\u00e9l\u00e9brit\u00e9s. Celle qui se fit appeler un temps <a href=\"http:\/\/www.nantes.maville.com\/actu\/actudet_-nantes.-chanter-avec-queen-clairie-c-est-a-portee-de-voix_52716-3470868_actu.Htm\" target=\"_blank\" rel=\"noopener\">Queen Clairie<\/a> est bard\u00e9e de dipl\u00f4mes li\u00e9s \u00e0 sa passion, form\u00e9e au conservatoire de Paris et \u00e0 la School of music de Londres, entre autres. Elle a \u00e9t\u00e9 biberonn\u00e9e \u00e0 l\u2019art du spectacle gr\u00e2ce \u00e0 France et Herv\u00e9, ses parents animateurs d\u2019une \u00e9cole de chant et de com\u00e9die musicale. On trouve en ligne de nombreuses reprises et cr\u00e9ations, dont une intitul\u00e9e \u00a0m****\u00a0, en mode gentille r\u00e9bellion pop.<\/p>\n<p>\u00ab\u00a0Il y aura deux spectacles par an\u00a0\u00bb<\/p>\n<p>La jeune femme qui a trouv\u00e9 l\u2019amour gr\u00e2ce au t\u00e9l\u00e9crochet, y a \u00e9galement trouv\u00e9 un collaborateur, anim\u00e9 par la m\u00eame vocation. Antoine Grinbaum a fond\u00e9 avec elle, depuis, un r\u00e9seau de chorales jeunes, pop et dynamiques ayant essaim\u00e9 un peu partout en France, de Nantes \u00e0 Rennes, en passant par Paris, Lille, Roubaix et Marseille.<\/p>\n<p><strong>\u00ab\u00a0Nous lan\u00e7ons \u00e0 Nantes Les enfants du Labo, un nouveau concept am\u00e9lior\u00e9 de chorales, destin\u00e9 aux enfants de 8 \u00e0 18\u00a0ans,<\/strong> annonce Claire de Belloy. <strong>Une chorale o\u00f9 se m\u00ealent chant, danse et expression sc\u00e9nique, dans un esprit de bienveillance, de confiance en soi et de technique, avec des intervenants joyeux, modernes et qualifi\u00e9s.\u00a0\u00bb<\/strong><\/p>\n<p>\u00a0Les jeunes choristes r\u00e9partis dans cinq\u00a0groupes en fonction de leur \u00e2ge, alterneront chaque semaine entre une session de chant et une session de danse (m\u00e9lang\u00e9e \u00e0 de l\u2019expression sc\u00e9nique). Il y aura deux spectacles par an\u00a0, promet aux parents la <a href=\"https:\/\/nantes.maville.com\/actu\/actudet_-coach-vocale-clairie-embarque-500-choristes-sur-scene-au-zenith-de-nantes-_52716-6614977_actu.Htm\" target=\"_blank\" rel=\"noopener\">chanteuse, cheffe de ch\u0153ur et pianiste<\/a> \u00e0 la voix aussi limpide que son regard. Persuad\u00e9e que \u00a0chanter rend heureux\u00a0, Clairie invite d\u00e9sormais les petits chanteurs nantais \u00e0 trouver leur voix.<\/p>\n<p>Les sessions commenceront en septembre, dans les locaux de l\u2019association de loisirs la L\u00e6titia, dans le quartier de l\u2019\u00e9glise Sainte-Th\u00e9r\u00e8se, \u00e0 Nantes, au tarif de 430\u00a0\u20ac l\u2019ann\u00e9e. Contact\u00a0: <a href=\"https:\/\/www.lelabodeclairie.com\/\" target=\"_blank\" rel=\"noopener\">www.lelabodeclairie.com<\/a><\/p>\n<p>\u00a0<\/p>\n","protected":false},"excerpt":{"rendered":"C\u2019est l\u2019histoire d\u2019une passion transg\u00e9n\u00e9rationelle\u2026 Vous avez peut-\u00eatre d\u00e9j\u00e0 vu ou entendu Claire de Belloy, alias Clairie, la&hellip;\n","protected":false},"author":2,"featured_media":326337,"comment_status":"","ping_status":"","sticky":false,"template":"","format":"standard","meta":{"footnotes":""},"categories":[2818],"tags":[1111,11,40819,46326,1719,1777,674,4560,1011,27,7557,766,12,2636,25,7347],"class_list":{"0":"post-326336","1":"post","2":"type-post","3":"status-publish","4":"format-standard","5":"has-post-thumbnail","7":"category-nantes","8":"tag-actu","9":"tag-actualites","10":"tag-chanter","11":"tag-clairie","12":"tag-enfants","13":"tag-eu","14":"tag-europe","15":"tag-faire","16":"tag-fr","17":"tag-france","18":"tag-mettre","19":"tag-nantes","20":"tag-news","21":"tag-pays-de-la-loire","22":"tag-republique-francaise","23":"tag-scene"},"share_on_mastodon":{"url":"https:\/\/pubeurope.com\/@fr\/115048116652805547","error":""},"_links":{"self":[{"href":"https:\/\/www.europesays.com\/fr\/wp-json\/wp\/v2\/posts\/326336","targetHints":{"allow":["GET"]}}],"collection":[{"href":"https:\/\/www.europesays.com\/fr\/wp-json\/wp\/v2\/posts"}],"about":[{"href":"https:\/\/www.europesays.com\/fr\/wp-json\/wp\/v2\/types\/post"}],"author":[{"embeddable":true,"href":"https:\/\/www.europesays.com\/fr\/wp-json\/wp\/v2\/users\/2"}],"replies":[{"embeddable":true,"href":"https:\/\/www.europesays.com\/fr\/wp-json\/wp\/v2\/comments?post=326336"}],"version-history":[{"count":0,"href":"https:\/\/www.europesays.com\/fr\/wp-json\/wp\/v2\/posts\/326336\/revisions"}],"wp:featuredmedia":[{"embeddable":true,"href":"https:\/\/www.europesays.com\/fr\/wp-json\/wp\/v2\/media\/326337"}],"wp:attachment":[{"href":"https:\/\/www.europesays.com\/fr\/wp-json\/wp\/v2\/media?parent=326336"}],"wp:term":[{"taxonomy":"category","embeddable":true,"href":"https:\/\/www.europesays.com\/fr\/wp-json\/wp\/v2\/categories?post=326336"},{"taxonomy":"post_tag","embeddable":true,"href":"https:\/\/www.europesays.com\/fr\/wp-json\/wp\/v2\/tags?post=326336"}],"curies":[{"name":"wp","href":"https:\/\/api.w.org\/{rel}","templated":true}]}}