{"id":326343,"date":"2025-08-18T05:31:12","date_gmt":"2025-08-18T05:31:12","guid":{"rendered":"https:\/\/www.europesays.com\/fr\/326343\/"},"modified":"2025-08-18T05:31:12","modified_gmt":"2025-08-18T05:31:12","slug":"apres-des-annees-de-galere-ce-quartier-de-toulouse-et-ses-commerces-esperent-enfin-rebondir","status":"publish","type":"post","link":"https:\/\/www.europesays.com\/fr\/326343\/","title":{"rendered":"Apr\u00e8s des ann\u00e9es de gal\u00e8re, ce quartier de Toulouse et ses commerces esp\u00e8rent enfin rebondir"},"content":{"rendered":"<p>            Par<br \/>\n        <strong><br \/>\n            <a href=\"https:\/\/actu.fr\/auteur\/enzo-legros\" title=\"Consulter tous les articles de Enzo Legros\" rel=\"nofollow noopener\" target=\"_blank\">Enzo Legros<\/a><br \/>\n        <\/strong><\/p>\n<p>        Publi\u00e9 le<\/p>\n<p>            18 ao\u00fbt 2025 \u00e0 7h10        <\/p>\n<p>Il y a tout juste trois ans, <a href=\"https:\/\/actu.fr\/occitanie\/toulouse_31555\/toulouse-le-quartier-est-totalement-mort-s-insurgent-des-commercants-de-montaudran_52751263.html\" rel=\"nofollow noopener\" target=\"_blank\">le <strong>moral des commer\u00e7ants<\/strong> n\u2019\u00e9tait pas au beau fixe<\/a> dans le quartier <strong>Montaudran<\/strong>, \u00e0 <a href=\"https:\/\/actu.fr\/toulouse\/\" rel=\"nofollow noopener\" target=\"_blank\"><strong>Toulouse<\/strong><\/a>. Anim\u00e9 par le bruit des <strong>pelleteuses<\/strong> et le mouvement des <strong>grues<\/strong>, <a href=\"https:\/\/actu.fr\/occitanie\/toulouse_31555\/nouveaux-immeubles-parc-passerelle-en-2025-ce-quartier-au-bord-du-peripherique-va-evoluer_62019631.html\" rel=\"nofollow noopener\" target=\"_blank\">le nouvel \u00e9coquartier Aerospace<\/a> est depuis plusieurs ann\u00e9es un lieu en <strong>totale transition<\/strong>. \u00ab\u2009Personne ne veut venir\u2009\u00bb, constatait am\u00e8rement en 2022 le g\u00e9rant du Vinum, un restaurant qui n\u2019a pas surv\u00e9cu \u00e0 la faible attractivit\u00e9 de la place Marcel Bouilloux-Lafont. Mais un <strong>vent d\u2019optimisme souffle <\/strong>aujourd\u2019hui sur les commerces et boutiques, le long de la piste des G\u00e9ants. Les longs mois de travaux commencent-ils \u00e0 porter leur fruit ? Reportage.<\/p>\n<p>\u00ab\u00a0Il devrait y avoir de plus en plus de passage\u00a0\u00bb<\/p>\n<p class=\" wall-content\">Depuis quelque temps, les <strong>arbres<\/strong> et les <strong>mobiliers urbains en bois<\/strong> redessinent l\u2019horizon sur la Piste des G\u00e9ants. Les chantiers ont quitt\u00e9 la moiti\u00e9 de l\u2019espace, cr\u00e9ant un cadre de <strong>promenade plus agr\u00e9able<\/strong> qu\u2019auparavant. \u00ab\u2009On voit bien qu\u2019il y a plus de parents qui viennent avec leurs enfants\u2009\u00bb, se r\u00e9jouit l\u2019employ\u00e9e d\u2019une boulangerie.<\/p>\n<p class=\" wall-content\">Mais ce que voient surtout arriver les commer\u00e7ants, c\u2019est <strong>le bout d\u2019un tunnel<\/strong> de <strong>travaux<\/strong> importants et peu esth\u00e9tiques. La <a href=\"https:\/\/actu.fr\/occitanie\/toulouse_31555\/images-ligne-c-du-metro-a-toulouse-un-passage-critique-au-lancement-du-premier-tunnelier_61468953.html\" rel=\"nofollow noopener\" target=\"_blank\">ligne C du m\u00e9tro de Toulouse<\/a> doit arriver \u00e0 Montaudran en <strong>2028<\/strong>, tout comme la future <a href=\"https:\/\/actu.fr\/occitanie\/toulouse_31555\/toulouse-visible-depuis-le-peripherique-cette-future-tour-de-60-metres-va-bientot-s-elever_62973413.html\" rel=\"nofollow noopener\" target=\"_blank\">tour Altiplano<\/a>.<\/p>\n<p class=\" wall-content\">La <a href=\"https:\/\/actu.fr\/occitanie\/toulouse_31555\/veritable-transversale-cette-nouvelle-ligne-raccordera-en-lineo-des-quartiers-mal-desservis-de-toulouse_62981467.html\" rel=\"nofollow noopener\" target=\"_blank\">nouvelle ligne de bus <strong>Lin\u00e9o 12<\/strong><\/a> sera desservie \u00e0 partir de la rentr\u00e9e de septembre\u00a02025. \u00ab\u2009Il devrait y avoir de plus en plus de passage\u2009\u00bb, en pr\u00e9sume le vendeur d\u2019une boutique.<\/p>\n<p>De nombreux locaux inoccup\u00e9s<\/p>\n<p class=\" wall-content\">Du c\u00f4t\u00e9 des passants, la venue \u00e0 la piste des G\u00e9ants est maintenant plus agr\u00e9able qu\u2019avant, mais il en faudra plus pour en faire un lieu de vie \u00e0 part enti\u00e8re. \u00ab\u2009Je trouve que <strong>\u00e7a manque encore de magasins\u2009\u00bb<\/strong>, confie <strong>Laure<\/strong>, une habitante de Montaudran. Il faut dire que les locaux vides ne sont pas une denr\u00e9e rare dans ce secteur. De nombreux emplacements <strong>restent \u00e0 occuper.<\/strong><\/p>\n<p>    <img   decoding=\"async\" loading=\"lazy\" src=\"https:\/\/www.europesays.com\/fr\/wp-content\/uploads\/2025\/08\/1000047513-960x640.jpg\" alt=\"Plusieurs locaux sont encore inoccup\u00e9s pr\u00e8s de la Halle de la Machine.\" width=\"960\" height=\"640\"\/><br \/>\n    Plusieurs locaux sont encore inoccup\u00e9s pr\u00e8s de la Halle de la Machine. (\u00a9Enzo Legros \/ Actu Toulouse)<\/p>\n<p class=\" wall-content\">M\u00eame si l\u2019optimisme est de mise, le <strong>taux de passage<\/strong> sur la piste des G\u00e9ants n\u2019est pas encore mirobolant aux yeux des commer\u00e7ants. Le manque de <strong>places de parking<\/strong> est toujours un point noir pour l\u2019activit\u00e9 du quartier. \u00ab\u2009Lorsqu\u2019on vient ici, se garer est un probl\u00e8me\u2009\u00bb, sait un commer\u00e7ant de la place Marcel Bouilloux-Lafont.<\/p>\n<p>Des centaines de nouveaux habitants d\u2019ici 2028<\/p>\n<p class=\" wall-content\">Le moyen le plus simple pour traverser rapidement le secteur des commerces est d\u2019y aller <strong>\u00e0 v\u00e9lo<\/strong> gr\u00e2ce \u00e0 la nouvelle piste cyclable sur l\u2019ancien terrain de d\u00e9collage.<\/p>\n<p>    <img   decoding=\"async\" loading=\"lazy\" src=\"https:\/\/www.europesays.com\/fr\/wp-content\/uploads\/2025\/08\/20250729-1222561-960x640.jpg\" alt=\"La nouvelle piste cyclable de l'\u00e9coquartier Aerospace relie la Halle de la Machine \u00e0 l'extr\u00e9mit\u00e9 sud de la piste des G\u00e9ants.\" width=\"960\" height=\"640\"\/><br \/>\n    La nouvelle piste cyclable de l\u2019\u00e9coquartier Aerospace relie la Halle de la Machine \u00e0 l\u2019extr\u00e9mit\u00e9 sud de la piste des G\u00e9ants. (\u00a9Enzo Legros \/ Actu Toulouse)<\/p>\n<p class=\" wall-content\">Aujourd\u2019hui, les deux p\u00f4les d\u2019attractivit\u00e9 qui profitent aux commerces sont <a href=\"https:\/\/actu.fr\/tag\/halle-de-la-machine\" rel=\"nofollow noopener\" target=\"_blank\">la Ha<strong>lle de la Machine<\/strong><\/a> et la pr\u00e9sence du <strong>supermarch\u00e9 Auchan.<\/strong><\/p>\n<p class=\" wall-content\">\u00c0 l\u2019avenir, ce sont surtout <strong>les centaines d\u2019habitants<\/strong> des logements en cours de construction qui pourraient changer la vie des magasins du quartier. \u00ab\u2009On a de quoi \u00eatre optimiste\u2009\u00bb, croit un vendeur \u00e0 deux pas <a href=\"https:\/\/actu.fr\/tag\/ligne-c-du-metro-de-toulouse\" rel=\"nofollow noopener\" target=\"_blank\">de la future station du m\u00e9tro C<\/a>.<\/p>\n<p class=\" wall-content\">Suivez toute l\u2019actualit\u00e9 de vos villes et m\u00e9dias favoris en vous inscrivant \u00e0 <a href=\"https:\/\/moncompte.actu.fr\" title=\"D\u00e9couvez Mon Actu\" rel=\"nofollow noopener\" data-trk=\"{&quot;cta&quot;:{&quot;action&quot;:&quot;https:\\\/\\\/moncompte.actu.fr&quot;,&quot;category&quot;:&quot;mon compte&quot;,&quot;from&quot;:&quot;article footer&quot;,&quot;name&quot;:&quot;Mon actu&quot;,&quot;type&quot;:&quot;cta&quot;}}\" target=\"_blank\">Mon Actu<\/a>.<\/p>\n","protected":false},"excerpt":{"rendered":"Par Enzo Legros Publi\u00e9 le 18 ao\u00fbt 2025 \u00e0 7h10 Il y a tout juste trois ans, le&hellip;\n","protected":false},"author":2,"featured_media":326344,"comment_status":"","ping_status":"","sticky":false,"template":"","format":"standard","meta":{"footnotes":""},"categories":[2816],"tags":[1111,11,215,33,1777,674,1011,27,12,2680,25,2312],"class_list":{"0":"post-326343","1":"post","2":"type-post","3":"status-publish","4":"format-standard","5":"has-post-thumbnail","7":"category-toulouse","8":"tag-actu","9":"tag-actualites","10":"tag-commerce","11":"tag-economie","12":"tag-eu","13":"tag-europe","14":"tag-fr","15":"tag-france","16":"tag-news","17":"tag-occitanie","18":"tag-republique-francaise","19":"tag-toulouse"},"share_on_mastodon":{"url":"https:\/\/pubeurope.com\/@fr\/115048132528197138","error":""},"_links":{"self":[{"href":"https:\/\/www.europesays.com\/fr\/wp-json\/wp\/v2\/posts\/326343","targetHints":{"allow":["GET"]}}],"collection":[{"href":"https:\/\/www.europesays.com\/fr\/wp-json\/wp\/v2\/posts"}],"about":[{"href":"https:\/\/www.europesays.com\/fr\/wp-json\/wp\/v2\/types\/post"}],"author":[{"embeddable":true,"href":"https:\/\/www.europesays.com\/fr\/wp-json\/wp\/v2\/users\/2"}],"replies":[{"embeddable":true,"href":"https:\/\/www.europesays.com\/fr\/wp-json\/wp\/v2\/comments?post=326343"}],"version-history":[{"count":0,"href":"https:\/\/www.europesays.com\/fr\/wp-json\/wp\/v2\/posts\/326343\/revisions"}],"wp:featuredmedia":[{"embeddable":true,"href":"https:\/\/www.europesays.com\/fr\/wp-json\/wp\/v2\/media\/326344"}],"wp:attachment":[{"href":"https:\/\/www.europesays.com\/fr\/wp-json\/wp\/v2\/media?parent=326343"}],"wp:term":[{"taxonomy":"category","embeddable":true,"href":"https:\/\/www.europesays.com\/fr\/wp-json\/wp\/v2\/categories?post=326343"},{"taxonomy":"post_tag","embeddable":true,"href":"https:\/\/www.europesays.com\/fr\/wp-json\/wp\/v2\/tags?post=326343"}],"curies":[{"name":"wp","href":"https:\/\/api.w.org\/{rel}","templated":true}]}}