{"id":326349,"date":"2025-08-18T05:34:21","date_gmt":"2025-08-18T05:34:21","guid":{"rendered":"https:\/\/www.europesays.com\/fr\/326349\/"},"modified":"2025-08-18T05:34:21","modified_gmt":"2025-08-18T05:34:21","slug":"les-gens-me-prennent-pour-un-fou-un-entrepreneur-lillois-va-faire-revivre-la-foire-de-lille-en-fevrier-2026","status":"publish","type":"post","link":"https:\/\/www.europesays.com\/fr\/326349\/","title":{"rendered":"\u00ab\u00a0Les gens me prennent pour un fou\u00a0!\u00a0\u00bb, un entrepreneur lillois va faire revivre la foire de Lille en f\u00e9vrier 2026"},"content":{"rendered":"<p>La foire de Lille est de retour\u00a0: du jeudi 19 au lundi 23 f\u00e9vrier 2026. Cr\u00e9\u00e9e dans les ann\u00e9es 1920, elle a connu ses heures de gloire dans les ann\u00e9es 50 et 60 avant de d\u00e9cliner progressivement. Les tentatives pour la relancer en 2000 et 2012 ont \u00e9t\u00e9 un \u00e9chec.<\/p>\n<p>C&rsquo;est un \u00e9v\u00e9nement qui a rassembl\u00e9 jsuqu&rsquo;\u00e0 1 million et de personnes dans les ann\u00e9es 50 et 60 ! La foire commerciale de Lille \u00e9tait un \u00e9v\u00e9nement chaque ann\u00e9e dans la capitale des Flandres, comme \u00e7a l&rsquo;est rest\u00e9 \u00e0 Paris ou Lyon. \u00ab\u00a0Je me disais qu&rsquo;il n&rsquo;\u00e9tait pas normal que Lille n&rsquo;ait pas une foire comme Paris ou Lyon, explique Julien Masclet, l&rsquo;entrepreneur qui veut relancer la foire de Lille. On est pourtant une plaque tournante \u00e9conomique du Nord\u00a0\u00bb. <strong>L&rsquo;homme, \u00e2g\u00e9 de 44 ans, travaille depuis 2 ans sur ce projet<\/strong> qui peut para\u00eetre compliqu\u00e9 dans un conetxte \u00e9conomique difficile\u00a0: \u00ab\u00a0J&rsquo;ai un temp\u00e9rament un peu fou-fou mais j&rsquo;ai un peu d&rsquo;audace et surtout les capacit\u00e9s\u00a0 de pouvoir refaire ce genre d&rsquo;\u00e9v\u00e9nements\u00a0\u00bb. <strong>Julien Masclet a travaill\u00e9 une vingtaine d&rsquo;ann\u00e9es dans l&rsquo;\u00e9v\u00e9nementiel en cr\u00e9ant sa propre agence de location de mobilier contemporain<\/strong> avec comme clients Decathlon, Nexicity ou encore Victoria Beckham. Il a \u00e9galement exerc\u00e9 dans l&rsquo;immobilier. Et c&rsquo;est sur ses fonds propres aujourd&rsquo;hui qu&rsquo;il relance la foire de Lille en se donnant 2 ans pour r\u00e9ussir son pari. \u00ab\u00a0Les gens me prennent pou un fou, ils me disent\u00a0: t&rsquo;es compl\u00e8tement barr\u00e9 Julien, s&rsquo;amuse le quadrag\u00e9naire. Effectivement la conjoncture est tr\u00e8s compliqu\u00e9 mais si on s&rsquo;arr\u00eate \u00e0 \u00e7a, on ne fait plus rien. Je veux recr\u00e9er un peu de bonheur et du partage autour d&rsquo;\u00e9v\u00e9nements embl\u00e9matiques comme celui-ci\u00a0\u00bb.<\/p>\n<p>Des d\u00e9monstrations, des animations et des surprises<\/p>\n<p>L&rsquo;entrepreneur affirme que <strong>37% des 220 exposants attendus ont d\u00e9j\u00e0 r\u00e9serv\u00e9<\/strong> pour ce rendez-vous commercial. La foire s&rsquo;articulera autour de plusieurs espaces\u00a0: vins\/gastronomie, maison\/artisanat, cr\u00e9ateurs, automobilit\u00e9s et camelots. Julien Masclet ne veut pas tout d\u00e9voiler, promet des surprises pour cette foire. \u00ab\u00a0Il y a un vrai engouement et une vraie attente\u00a0\u00bb, assure l&rsquo;organisateur.<\/p>\n","protected":false},"excerpt":{"rendered":"La foire de Lille est de retour\u00a0: du jeudi 19 au lundi 23 f\u00e9vrier 2026. Cr\u00e9\u00e9e dans les&hellip;\n","protected":false},"author":2,"featured_media":326350,"comment_status":"","ping_status":"","sticky":false,"template":"","format":"standard","meta":{"footnotes":""},"categories":[2815],"tags":[1111,11,1777,674,1011,27,811,1307,12,25],"class_list":{"0":"post-326349","1":"post","2":"type-post","3":"status-publish","4":"format-standard","5":"has-post-thumbnail","7":"category-lille","8":"tag-actu","9":"tag-actualites","10":"tag-eu","11":"tag-europe","12":"tag-fr","13":"tag-france","14":"tag-hauts-de-france","15":"tag-lille","16":"tag-news","17":"tag-republique-francaise"},"share_on_mastodon":{"url":"https:\/\/pubeurope.com\/@fr\/115048144139818884","error":""},"_links":{"self":[{"href":"https:\/\/www.europesays.com\/fr\/wp-json\/wp\/v2\/posts\/326349","targetHints":{"allow":["GET"]}}],"collection":[{"href":"https:\/\/www.europesays.com\/fr\/wp-json\/wp\/v2\/posts"}],"about":[{"href":"https:\/\/www.europesays.com\/fr\/wp-json\/wp\/v2\/types\/post"}],"author":[{"embeddable":true,"href":"https:\/\/www.europesays.com\/fr\/wp-json\/wp\/v2\/users\/2"}],"replies":[{"embeddable":true,"href":"https:\/\/www.europesays.com\/fr\/wp-json\/wp\/v2\/comments?post=326349"}],"version-history":[{"count":0,"href":"https:\/\/www.europesays.com\/fr\/wp-json\/wp\/v2\/posts\/326349\/revisions"}],"wp:featuredmedia":[{"embeddable":true,"href":"https:\/\/www.europesays.com\/fr\/wp-json\/wp\/v2\/media\/326350"}],"wp:attachment":[{"href":"https:\/\/www.europesays.com\/fr\/wp-json\/wp\/v2\/media?parent=326349"}],"wp:term":[{"taxonomy":"category","embeddable":true,"href":"https:\/\/www.europesays.com\/fr\/wp-json\/wp\/v2\/categories?post=326349"},{"taxonomy":"post_tag","embeddable":true,"href":"https:\/\/www.europesays.com\/fr\/wp-json\/wp\/v2\/tags?post=326349"}],"curies":[{"name":"wp","href":"https:\/\/api.w.org\/{rel}","templated":true}]}}