{"id":326351,"date":"2025-08-18T05:35:10","date_gmt":"2025-08-18T05:35:10","guid":{"rendered":"https:\/\/www.europesays.com\/fr\/326351\/"},"modified":"2025-08-18T05:35:10","modified_gmt":"2025-08-18T05:35:10","slug":"ce-que-les-eleves-et-collegiens-marseillais-recevront-a-la-rentree","status":"publish","type":"post","link":"https:\/\/www.europesays.com\/fr\/326351\/","title":{"rendered":"ce que les \u00e9l\u00e8ves et coll\u00e9giens marseillais recevront \u00e0 la rentr\u00e9e"},"content":{"rendered":"<p>Il est encore loin le temps o\u00f9 il faudra quitter ses tongs pour enfermer ses orteils dans les sages chaussures ferm\u00e9es de la rentr\u00e9e. Il est encore loin, mais pas pour tout le monde. Dans les hangars de <a href=\"https:\/\/laprovence.com\/article\/region\/1418105774625514\/ecoles-marseillaises-des-bugs-en-serie-privent-les-eleves-de-materiel\" target=\"_blank\" rel=\"noopener\">l\u2019entreprise de papeterie varoise Charlemagne<\/a>, les stocks de stylos, cahiers et autres b\u00e2tons de colle s\u2019accumulent avant de prendre dans quelques jours la direction de Marseille. La soci\u00e9t\u00e9 a non seulement d\u00e9croch\u00e9 l\u2019appel d\u2019offres de la mairie mais \u00e9galement celui du D\u00e9partement, pour composer<a href=\"https:\/\/laprovence.com\/article\/region\/75087744536958\/kits-de-fournitures-scolaires-gratuits-de-la-ville-de-marseille-en-coulisses-cest-deja-la-rentree\" target=\"_blank\" rel=\"noopener\"> les kits de fournitures scolaires qui seront remis gratuitement<\/a> aux 92\u00a0000 \u00e9coliers marseillais et aux 106\u00a0000 coll\u00e9giens des Bouches-du-Rh\u00f4ne \u00e0 la rentr\u00e9e, qu\u2019ils soient inscrits dans un \u00e9tablissement public ou priv\u00e9.<\/p>\n<p>En septembre, chaque \u00e9l\u00e8ve de maternelle de Marseille recevra un sac \u00e0 cordes qui comprendra une gourde (40\u00a0cl), un cahier de dessin (48 pages, 24&#215;32), un gobelet \u00e9co-cup, un tablier taille S (uniquement pour les petites sections), une bo\u00eete de 12 craies en cire couleurs, un cahier de dessin Ville de Marseille, une bo\u00eete de mouchoirs et deux ramettes de papier A4. Chaque \u00e9l\u00e8ve en \u00e9l\u00e9mentaire se verra \u00e9galement confier un sac \u00e0 cordes contenant une pochette de 12 crayons de couleur, une pochette de 12 feutres, deux crayons gris, cinq stylos-billes Bic (deux bleus, un rouge, un vert, un noir), trois feutres Velleda (pointe fine), deux surligneurs, un taille-crayon avec r\u00e9servoir, une gomme, un double d\u00e9cim\u00e8tre, une ardoise, un b\u00e2ton de colle, une trousse triangulaire, un cahier de liaison Ville de Marseille, un cahier (48 pages 17&#215;22), une gourde (uniquement pour les CP), et deux ramettes de papier A4.<\/p>\n","protected":false},"excerpt":{"rendered":"Il est encore loin le temps o\u00f9 il faudra quitter ses tongs pour enfermer ses orteils dans les&hellip;\n","protected":false},"author":2,"featured_media":326352,"comment_status":"","ping_status":"","sticky":false,"template":"","format":"standard","meta":{"footnotes":""},"categories":[2814],"tags":[17,1111,11,6340,1121,1777,674,46327,1011,27,151,761,884,12,882,746,16,25,18728],"class_list":{"0":"post-326351","1":"post","2":"type-post","3":"status-publish","4":"format-standard","5":"has-post-thumbnail","7":"category-marseille","8":"tag-17","9":"tag-actu","10":"tag-actualites","11":"tag-collegiens","12":"tag-eleves","13":"tag-eu","14":"tag-europe","15":"tag-fournitures","16":"tag-fr","17":"tag-france","18":"tag-les","19":"tag-marseillais","20":"tag-marseille","21":"tag-news","22":"tag-provence-alpes-cote-dazur","23":"tag-que","24":"tag-region","25":"tag-republique-francaise","26":"tag-scolaires"},"share_on_mastodon":{"url":"https:\/\/pubeurope.com\/@fr\/115048148287167584","error":""},"_links":{"self":[{"href":"https:\/\/www.europesays.com\/fr\/wp-json\/wp\/v2\/posts\/326351","targetHints":{"allow":["GET"]}}],"collection":[{"href":"https:\/\/www.europesays.com\/fr\/wp-json\/wp\/v2\/posts"}],"about":[{"href":"https:\/\/www.europesays.com\/fr\/wp-json\/wp\/v2\/types\/post"}],"author":[{"embeddable":true,"href":"https:\/\/www.europesays.com\/fr\/wp-json\/wp\/v2\/users\/2"}],"replies":[{"embeddable":true,"href":"https:\/\/www.europesays.com\/fr\/wp-json\/wp\/v2\/comments?post=326351"}],"version-history":[{"count":0,"href":"https:\/\/www.europesays.com\/fr\/wp-json\/wp\/v2\/posts\/326351\/revisions"}],"wp:featuredmedia":[{"embeddable":true,"href":"https:\/\/www.europesays.com\/fr\/wp-json\/wp\/v2\/media\/326352"}],"wp:attachment":[{"href":"https:\/\/www.europesays.com\/fr\/wp-json\/wp\/v2\/media?parent=326351"}],"wp:term":[{"taxonomy":"category","embeddable":true,"href":"https:\/\/www.europesays.com\/fr\/wp-json\/wp\/v2\/categories?post=326351"},{"taxonomy":"post_tag","embeddable":true,"href":"https:\/\/www.europesays.com\/fr\/wp-json\/wp\/v2\/tags?post=326351"}],"curies":[{"name":"wp","href":"https:\/\/api.w.org\/{rel}","templated":true}]}}