{"id":326357,"date":"2025-08-18T05:38:13","date_gmt":"2025-08-18T05:38:13","guid":{"rendered":"https:\/\/www.europesays.com\/fr\/326357\/"},"modified":"2025-08-18T05:38:13","modified_gmt":"2025-08-18T05:38:13","slug":"rencontre-avec-des-pecheurs-du-canal-de-jonage","status":"publish","type":"post","link":"https:\/\/www.europesays.com\/fr\/326357\/","title":{"rendered":"rencontre avec des p\u00eacheurs du canal de Jonage"},"content":{"rendered":"<p>Le long du canal de Jonage, o\u00f9 promeneurs et cyclistes profitent d\u2019un peu d\u2019air frais, un mercredi apr\u00e8s-midi d\u2019ao\u00fbt, les p\u00eacheurs, eux aussi, sont de sortie.<\/p>\n<p>Nous les trouvons dans les petites trou\u00e9es cach\u00e9es au milieu des arbres et des buissons. \u00ab\u00a0La v\u00e9g\u00e9tation est dense sur cette rive, nous explique Djamel, p\u00eacheur vaudais. Ils n\u2019\u00e9laguent pas beaucoup, sans doute pour consolider les berges, ce qui rend la p\u00eache tr\u00e8s difficile.\u00a0\u00bb<\/p>\n<p>Tanches, gardons, br\u00eames, brochet\u2026<\/p>\n<p>Le petit spot o\u00f9 il s\u2019est install\u00e9 lui est habituel, mais il n\u2019y est pas particuli\u00e8rement attach\u00e9. \u00ab\u00a0Je le vois quand j\u2019arrive depuis le pont. S\u2019il y a quelqu\u2019un, je repars\u00a0\u00bb. Le&#8230;<\/p>\n","protected":false},"excerpt":{"rendered":"Le long du canal de Jonage, o\u00f9 promeneurs et cyclistes profitent d\u2019un peu d\u2019air frais, un mercredi apr\u00e8s-midi&hellip;\n","protected":false},"author":2,"featured_media":326358,"comment_status":"","ping_status":"","sticky":false,"template":"","format":"standard","meta":{"footnotes":""},"categories":[1889],"tags":[1111,11,2430,1687,3152,1777,674,1011,27,2428,12497,12,4838,18283,25,2429],"class_list":{"0":"post-326357","1":"post","2":"type-post","3":"status-publish","4":"format-standard","5":"has-post-thumbnail","7":"category-lyon","8":"tag-actu","9":"tag-actualites","10":"tag-auvergne-rhone-alpes","11":"tag-culture-loisirs","12":"tag-edition-est-lyonnais","13":"tag-eu","14":"tag-europe","15":"tag-fr","16":"tag-france","17":"tag-lyon","18":"tag-meyzieu","19":"tag-news","20":"tag-peche","21":"tag-plaine-de-lest","22":"tag-republique-francaise","23":"tag-rhone"},"share_on_mastodon":{"url":"https:\/\/pubeurope.com\/@fr\/115048159806663102","error":""},"_links":{"self":[{"href":"https:\/\/www.europesays.com\/fr\/wp-json\/wp\/v2\/posts\/326357","targetHints":{"allow":["GET"]}}],"collection":[{"href":"https:\/\/www.europesays.com\/fr\/wp-json\/wp\/v2\/posts"}],"about":[{"href":"https:\/\/www.europesays.com\/fr\/wp-json\/wp\/v2\/types\/post"}],"author":[{"embeddable":true,"href":"https:\/\/www.europesays.com\/fr\/wp-json\/wp\/v2\/users\/2"}],"replies":[{"embeddable":true,"href":"https:\/\/www.europesays.com\/fr\/wp-json\/wp\/v2\/comments?post=326357"}],"version-history":[{"count":0,"href":"https:\/\/www.europesays.com\/fr\/wp-json\/wp\/v2\/posts\/326357\/revisions"}],"wp:featuredmedia":[{"embeddable":true,"href":"https:\/\/www.europesays.com\/fr\/wp-json\/wp\/v2\/media\/326358"}],"wp:attachment":[{"href":"https:\/\/www.europesays.com\/fr\/wp-json\/wp\/v2\/media?parent=326357"}],"wp:term":[{"taxonomy":"category","embeddable":true,"href":"https:\/\/www.europesays.com\/fr\/wp-json\/wp\/v2\/categories?post=326357"},{"taxonomy":"post_tag","embeddable":true,"href":"https:\/\/www.europesays.com\/fr\/wp-json\/wp\/v2\/tags?post=326357"}],"curies":[{"name":"wp","href":"https:\/\/api.w.org\/{rel}","templated":true}]}}