{"id":326361,"date":"2025-08-18T05:41:10","date_gmt":"2025-08-18T05:41:10","guid":{"rendered":"https:\/\/www.europesays.com\/fr\/326361\/"},"modified":"2025-08-18T05:41:10","modified_gmt":"2025-08-18T05:41:10","slug":"temoignage-il-y-a-des-familles-ou-les-femmes-etaient-tout-le-temps-enceintes-a-107-ans-francine-se-livre-sur-la-condition-feminine","status":"publish","type":"post","link":"https:\/\/www.europesays.com\/fr\/326361\/","title":{"rendered":"T\u00c9MOIGNAGE. \u00ab\u00a0Il y a des familles o\u00f9 les femmes \u00e9taient tout le temps enceintes\u00a0\u00bb, \u00e0 107 ans, Francine se livre sur la condition f\u00e9minine"},"content":{"rendered":"<p>    \u00c9crit par<\/p>\n<p>      <a class=\"authors__author__link\" href=\"https:\/\/france3-regions.franceinfo.fr\/redaction\/laurence-postic\" data-name=\"Laurence Postic\" data-region=\"https:\/\/france3-regions.franceinfo.fr\/bretagne\/\" rel=\"nofollow noopener\" target=\"_blank\"><br \/>\n                Laurence Postic<br \/>\n              <\/a>    <\/p>\n<p>      Publi\u00e9 le18\/08\/2025 \u00e0 06h45<\/p>\n<ul class=\"article-share--alt__lst\">\n<li class=\"article-share--alt__lst__itm\">\n<p>\t\t\t\tFrance3 R\u00e9gions sur Facebook (Nouvelle fen\u00eatre)<\/p>\n<\/li>\n<li class=\"article-share--alt__lst__itm\">\n<p>\t\t\t\tFrance3 R\u00e9gions sur whatsapp (Nouvelle fen\u00eatre)<\/p>\n<\/li>\n<li class=\"article-share--alt__lst__itm\">\n<p>\t\t\t\tcopier le lien<br \/>\n\t\t\t\tlien copi\u00e9<\/p>\n<\/li>\n<\/ul>\n<p class=\"article__intro\">C&rsquo;est une centenaire costarmoricaine qui a du caract\u00e8re. \u00c0 107 ans, Francine Guillerm a v\u00e9cu une longue vie, qui n&rsquo;a pas \u00e9t\u00e9 facile dans sa famille aux 12 enfants. Avec ses petites-filles, elle \u00e9voque l&rsquo;\u00e9volution des mentalit\u00e9s, notamment en ce qui concerne les droits des femmes. Rencontre. [Article initialement publi\u00e9 le 07 mars 2025]<\/p>\n<p>\n      La Quotidienne Soci\u00e9t\u00e9\n    <\/p>\n<p>\n      De la vie quotidienne aux grands enjeux, recevez tous les jours les sujets qui font la soci\u00e9t\u00e9 locale, comme la justice, l\u2019\u00e9ducation, la sant\u00e9 et la famille.\n    <\/p>\n<p>    France T\u00e9l\u00e9visions utilise votre adresse e-mail afin de vous envoyer la newsletter \u00ab\u00a0La Quotidienne Soci\u00e9t\u00e9\u00a0\u00bb. Vous pouvez vous d\u00e9sinscrire \u00e0 tout moment via le lien en bas de cette newsletter. <a target=\"_blank\" href=\"https:\/\/www.francetelevisions.fr\/groupe\/confidentialite\/politique-de-confidentialite\/politique-de-confidentialite-de-france-televisions-6503\" rel=\"nofollow noopener\">Notre politique de confidentialit\u00e9<\/a><\/p>\n<p>\u00ab\u00a0Quand j&rsquo;\u00e9tais \u00e0 l&rsquo;\u00e9cole, j&rsquo;\u00e9tais tellement menue, palote et ch\u00e9tive, qu&rsquo;on disait cette petite-l\u00e0, elle ne verra pas ses 20 ans. Figurez-vous que tout le monde est parti, moi je suis l\u00e0 encore !\u00a0\u00bb. C&rsquo;est par cette anecdote truculente que Francine Guillerm se pr\u00e9sente. Elle a aujourd&rsquo;hui 107 ans et 7 mois. Comme pour les enfants, les mois comptent \u00e0 cet \u00e2ge-l\u00e0.<\/p>\n<p>Elle est n\u00e9e le 21 juillet 1917 et est l&rsquo;a\u00een\u00e9 de 12 enfants. Elev\u00e9e dans une ferme des C\u00f4tes d\u2019Armor o\u00f9 travaillaient ses parents : \u00ab\u00a0On nous mettait de bonne heure \u00e0 travailler, \u00e0 12-13 ans, mais moi, je n&rsquo;aimais pas la ferme car j&rsquo;avais peur des b\u00eates\u00a0\u00bb, se souvient Francine. Elle devient par la suite bonne \u00e0 tout faire chez diff\u00e9rents employeurs. Francine Guillerm s\u2019est retrouv\u00e9e veuve \u00e0 34 ans, elle a \u00e9lev\u00e9 seule ses enfants et a travaill\u00e9 jusqu\u2019en 1977 ; jusqu\u2019\u00e0 ses 60 ans.<\/p>\n<blockquote class=\"ftvi_content_quote\">\n<p class=\"ftvi_citation_quote\">Moi, je leur ai dit qu&rsquo;avec deux ou trois enfants, elles ne devraient pas travailler. On m&rsquo;a r\u00e9pondu, on est oblig\u00e9es. Je leur ai dit, oui parce que vous voulez tout !<\/p>\n<\/blockquote>\n<p>Elle a perdu ses quatre enfants. Et dans son logement \u00e0 la r\u00e9sidence de l&rsquo;If \u00e0 Pommerit-Le-Vicomte (C\u00f4tes d&rsquo;Armor) o\u00f9 elle vit depuis cet automne, elle re\u00e7oit ses 7 petits-enfants, ses 12 arri\u00e8re petits-enfants, et ses 7 arri\u00e8re arri\u00e8re petits-enfants.<\/p>\n<p>Parmi eux, L\u00e9titia et Nadia. Trois g\u00e9n\u00e9rations de femmes aux avis bien tranch\u00e9s, au sujet du travail des femmes par exemple : \u00ab\u00a0Moi, je leur ai dit qu&rsquo;avec deux ou trois enfants, elles ne devraient pas travailler. On m&rsquo;a r\u00e9pondu, on est oblig\u00e9es. Je leur ai dit, oui parce que vous voulez tout. Il faut que chacun ait sa voiture, faire des travaux dans la maison. Donc elles n&rsquo;arriveront jamais\u00a0\u00bb, commente Francine.<\/p>\n<p>L\u00e9titia, son arri\u00e8re petite-fille, n&rsquo;est pas de cet avis : \u00ab\u00a0Je gagne mon argent, je peux faire ce que je veux, c&rsquo;est moi qui g\u00e8re, je suis un peu plus libre je trouve quand m\u00eame\u00a0\u00bb.\u00a0<\/p>\n<p>Une troisi\u00e8me voix s&rsquo;ajoute, celle de Nadia, petite-fille de Francine : \u00ab\u00a0Le fait de travailler, \u00e7a permet aussi au niveau social de voir du monde, de parler d&rsquo;autre chose, de se sentir utile aussi\u00a0\u00bb, tient-elle \u00e0 pr\u00e9ciser.\u00a0<\/p>\n<p>Francine Guillerm a rencontr\u00e9 son mari dans une boulangerie o\u00f9 ils travaillaient tous les deux en 1937. Un mariage d\u2019amour, dit-elle. Apr\u00e8s son d\u00e9c\u00e8s en 1952, elle ne s\u2019est jamais remari\u00e9e.<\/p>\n<blockquote class=\"ftvi_content_quote\">\n<p class=\"ftvi_citation_quote\">Il y a des familles o\u00f9 les femmes \u00e9taient tout le temps enceintes, toujours enceintes.<\/p>\n<\/blockquote>\n<p>Un sujet rassemble ces trois g\u00e9n\u00e9rations de femmes : la contraception et le choix de ses grossesses. \u00ab\u00a0Il y a des familles o\u00f9 les femmes \u00e9taient tout le temps enceintes, toujours enceintes\u00a0\u00bb, se souvient Francine. \u00ab\u00a0Elles subissaient\u00a0\u00bb, d\u00e9plore L\u00e9titia. \u00ab\u00a0Oui, et puis, pas d&rsquo;avortement. Alors qu&rsquo;aujourd&rsquo;hui on a le choix de \u00e7a aussi\u00a0\u00bb, commente Nadia.\u00a0<\/p>\n<p>La plus grande r\u00e9volution dans le quotidien de Francine Guillerm, ce n\u2019\u00e9tait pas l\u2019avanc\u00e9e du f\u00e9minisme et des droits des femmes, mais l\u2019arriv\u00e9e de la machine \u00e0 laver. Elle ne s\u2019\u00e9tait pas battue pour le droit de vote ni pour le droit \u00e0 l\u2019avortement.\u00a0<\/p>\n<p>Francine Guillerm ne sait pas ce qu\u2019est le f\u00e9minisme, question de g\u00e9n\u00e9ration probablement, contrairement \u00e0 ses petites-filles et arri\u00e8re petites-filles pour qui le mot combat n&rsquo;est pas un vain mot, concernant les droits des femmes. \u00ab\u00a0Elles se sont battues tout le temps, pour avoir le droit de vote, pour exister, pour avoir le droit \u00e0 l&rsquo;avortement, et l\u00e0 il faut encore qu&rsquo;on se batte pour les salaires et pour \u00eatre vraiment entendues par l&rsquo;Homme\u00a0\u00bb, conclut Nadia.\u00a0<\/p>\n<p>Francine, elle, dit prendre la vie comme elle vient et a toujours revendiqu\u00e9 une grande libert\u00e9. Elle f\u00eatera ses 108 ans l\u2019\u00e9t\u00e9 prochain.\u00a0<\/p>\n<p>(Avec Sylvaine Salliou)<\/p>\n","protected":false},"excerpt":{"rendered":"\u00c9crit par Laurence Postic Publi\u00e9 le18\/08\/2025 \u00e0 06h45 France3 R\u00e9gions sur Facebook (Nouvelle fen\u00eatre) France3 R\u00e9gions sur whatsapp&hellip;\n","protected":false},"author":2,"featured_media":326362,"comment_status":"","ping_status":"","sticky":false,"template":"","format":"standard","meta":{"footnotes":""},"categories":[1888],"tags":[1111,1928,11,1927,1777,674,1011,27,12,1926,626,1925,25],"class_list":{"0":"post-326361","1":"post","2":"type-post","3":"status-publish","4":"format-standard","5":"has-post-thumbnail","7":"category-paris","8":"tag-actu","9":"tag-actu-paris","10":"tag-actualites","11":"tag-actualites-paris","12":"tag-eu","13":"tag-europe","14":"tag-fr","15":"tag-france","16":"tag-news","17":"tag-news-paris","18":"tag-paris","19":"tag-paris-news","20":"tag-republique-francaise"},"share_on_mastodon":{"url":"https:\/\/pubeurope.com\/@fr\/115048171695632744","error":""},"_links":{"self":[{"href":"https:\/\/www.europesays.com\/fr\/wp-json\/wp\/v2\/posts\/326361","targetHints":{"allow":["GET"]}}],"collection":[{"href":"https:\/\/www.europesays.com\/fr\/wp-json\/wp\/v2\/posts"}],"about":[{"href":"https:\/\/www.europesays.com\/fr\/wp-json\/wp\/v2\/types\/post"}],"author":[{"embeddable":true,"href":"https:\/\/www.europesays.com\/fr\/wp-json\/wp\/v2\/users\/2"}],"replies":[{"embeddable":true,"href":"https:\/\/www.europesays.com\/fr\/wp-json\/wp\/v2\/comments?post=326361"}],"version-history":[{"count":0,"href":"https:\/\/www.europesays.com\/fr\/wp-json\/wp\/v2\/posts\/326361\/revisions"}],"wp:featuredmedia":[{"embeddable":true,"href":"https:\/\/www.europesays.com\/fr\/wp-json\/wp\/v2\/media\/326362"}],"wp:attachment":[{"href":"https:\/\/www.europesays.com\/fr\/wp-json\/wp\/v2\/media?parent=326361"}],"wp:term":[{"taxonomy":"category","embeddable":true,"href":"https:\/\/www.europesays.com\/fr\/wp-json\/wp\/v2\/categories?post=326361"},{"taxonomy":"post_tag","embeddable":true,"href":"https:\/\/www.europesays.com\/fr\/wp-json\/wp\/v2\/tags?post=326361"}],"curies":[{"name":"wp","href":"https:\/\/api.w.org\/{rel}","templated":true}]}}