{"id":326365,"date":"2025-08-18T05:43:09","date_gmt":"2025-08-18T05:43:09","guid":{"rendered":"https:\/\/www.europesays.com\/fr\/326365\/"},"modified":"2025-08-18T05:43:09","modified_gmt":"2025-08-18T05:43:09","slug":"a-quelques-mois-des-municipales-le-centre-charras-ravive-les-tensions","status":"publish","type":"post","link":"https:\/\/www.europesays.com\/fr\/326365\/","title":{"rendered":"\u00e0 quelques mois des municipales, le centre Charras ravive les tensions"},"content":{"rendered":"<p>            Par<br \/>\n        <strong><br \/>\n            <a href=\"https:\/\/actu.fr\/auteur\/hugo-hancewicz\" title=\"Consulter tous les articles de Hugo Hancewicz\" target=\"_blank\" rel=\"noopener\">Hugo Hancewicz<\/a><br \/>\n        <\/strong><\/p>\n<p>        Publi\u00e9 le<\/p>\n<p>            18 ao\u00fbt 2025 \u00e0 7h14        <\/p>\n<p>\u00c0 <a href=\"https:\/\/actu.fr\/ile-de-france\/courbevoie_92026\" target=\"_blank\" rel=\"noopener\">Courbevoie<\/a> (<a href=\"https:\/\/actu.fr\/ile-de-france\/hauts-de-seine_92\" target=\"_blank\" rel=\"noopener\">Hauts-de-Seine<\/a>), il suffit de prononcer le mot \u00ab\u2009Charras\u2009\u00bb pour d\u00e9clencher soupirs, haussements de sourcils ou d\u00e9bats anim\u00e9s. Ce centre commercial, plant\u00e9 au c\u0153ur de la ville et <strong>en perte de vitesse depuis des ann\u00e9es<\/strong>, est devenu l\u2019Arl\u00e9sienne locale. Tout le monde en parle, <a href=\"https:\/\/actu.fr\/ile-de-france\/courbevoie_92026\/courbevoie-des-millions-d-euros-pour-sauver-le-centre-charras-les-habitants-esperent-une-vraie-renaissance_62812331.html\" target=\"_blank\" rel=\"noopener\">mais sa m\u00e9tamorphose se fait attendre<\/a>. La mairie promet pourtant que cette fois, c\u2019est la bonne. Depuis plusieurs ann\u00e9es, elle rach\u00e8te patiemment <a href=\"https:\/\/actu.fr\/ile-de-france\/courbevoie_92026\/courbevoie-la-ville-veut-reprendre-le-centre-commercial-charras-et-lui-donner-un-nouvel-avenir_60504523.html\" target=\"_blank\" rel=\"noopener\">les locaux vides du centre<\/a>, <strong>pr\u00e8s d\u2019une vingtaine en un an<\/strong>, et a cr\u00e9\u00e9 une soci\u00e9t\u00e9 publique locale sp\u00e9cialement d\u00e9di\u00e9e au projet. Une consultation a m\u00eame \u00e9t\u00e9 men\u00e9e r\u00e9cemment pour trouver le partenaire id\u00e9al. \u00ab\u2009On ira devant les habitants avec du concret et des images pour qu\u2019ils se projettent\u2009\u00bb, promet le maire, Jacques Kossowski (<a href=\"https:\/\/actu.fr\/tag\/les-republicains-lr\" target=\"_blank\" rel=\"noopener\">LR<\/a>), qui pr\u00e9voit une r\u00e9union publique, mais pas tout de suite. De son c\u00f4t\u00e9, l\u2019opposition municipale accuse la majorit\u00e9 <strong>d\u2019adapter soigneusement le calendrier des annonces<\/strong> \u00e0 l\u2019agenda \u00e9lectoral.<\/p>\n<p>Encore quelques ann\u00e9es d\u2019attente<\/p>\n<p class=\" wall-content\">Mais avant de voir tomber les cloisons, il faudra encore patienter. \u00ab\u2009Un projet comme celui-ci demande <strong>un \u00e9norme travail pr\u00e9paratoire<\/strong>, associant de nombreux bureaux d\u2019\u00e9tudes et acteurs qu\u2019il faut coordonner\u2009\u00bb, rappelle St\u00e9phan De Fa\u00ff, directeur g\u00e9n\u00e9ral de Grand Paris Am\u00e9nagement et de la SPLA Courbevoie-Charras, dans le journal municipal. En clair, <strong>les pelleteuses n\u2019arriveront pas avant au moins deux ans<\/strong>.<\/p>\n<p class=\" wall-content\">L\u2019attente est grande, mais il faut dire que la r\u00e9habilitation de Charras tra\u00eene dans les cartons depuis pr\u00e8s d\u2019une d\u00e9cennie. Plusieurs projets ont \u00e9t\u00e9 pr\u00e9sent\u00e9s, <strong>puis abandonn\u00e9s<\/strong>, laissant habitants et commer\u00e7ants dans l\u2019expectative.<\/p>\n<p>\u00ab\u2009De nombreux investisseurs ont \u00e9t\u00e9 consult\u00e9s\u2009\u00bb<\/p>\n<p class=\" wall-content\">\u00c0 l\u2019h\u00f4tel de ville, ce dossier ressurgit d\u2019ailleurs juste avant les \u00e9lections. D\u00e9j\u00e0 en 2020, <strong>trois mois avant le scrutin municipal<\/strong>, un appel \u00e0 projets avait \u00e9t\u00e9 lanc\u00e9 pour r\u00e9am\u00e9nager l\u2019ancien march\u00e9 et le parking. Cette ann\u00e9e, rebelote, \u00e0 quelques mois des <a href=\"https:\/\/actu.fr\/tag\/municipales-2026\" target=\"_blank\" rel=\"noopener\">municipales de 2026<\/a>, le maire annonce que <strong>\u00ab\u2009de nombreux investisseurs ont \u00e9t\u00e9 consult\u00e9s\u2009\u00bb<\/strong> sur la base d\u2019un cahier des charges r\u00e9sumant les grandes orientations fix\u00e9es pour Charras.<\/p>\n<p class=\" wall-content\">Sauf qu\u2019aucune annonce concr\u00e8te ne vient nourrir l\u2019impatience des habitants. <strong>Mis \u00e0 part une nouvelle invitation \u00e0 patienter<\/strong>, le site de la ville indique simplement que le maire donnera rendez-vous \u00ab\u2009en temps voulu\u2009\u00bb.<\/p>\n<p>L\u2019opposition d\u00e9nonce une \u00ab\u2009pr\u00e9cipitation \u00e9lectoraliste\u2009\u00bb<\/p>\n<p class=\" wall-content\">Pour Aur\u00e9lie Taquillain, <strong>principale \u00e9lue d\u2019opposition<\/strong> et <a href=\"https:\/\/actu.fr\/ile-de-france\/courbevoie_92026\/municipales-2026-comment-aurelie-taquillain-espere-enfin-realiser-son-reve-de-devenir-maire-de-courbevoie_62794687.html\" target=\"_blank\" rel=\"noopener\">candidate d\u00e9clar\u00e9e \u00e0 la mairie<\/a>, la ficelle est un peu grosse. \u00ab\u2009Depuis 15\u00a0ans, je vois d\u00e9filer des investisseurs avec des maquettes au conseil municipal, et rien ne se concr\u00e9tise, regrette-t-elle. L\u00e0, on recommence <strong>sans avoir r\u00e9uni toutes les parties prenantes<\/strong>, alors que Carrefour et l\u2019h\u00f4tel Mercure sont propri\u00e9taires d\u2019une partie du site\u2009\u00bb.<\/p>\n<p class=\" wall-content\">Surtout, pour elle, <strong>la m\u00e9thode est mauvaise<\/strong>. \u00ab\u2009On est dans la pr\u00e9cipitation \u00e9lectoraliste, c\u2019est strat\u00e9gique \u00e0 quelques mois du scrutin. Mais il faut un capitaine pour piloter Charras sur 15 ans, pas des coups de com\u2019\u2009\u00bb, insiste-t-elle. Et de rappeler que Courbevoie, avec plus de 80\u2009000 habitants, <strong>est l\u2019une des rares villes de cette taille sans v\u00e9ritable centre-ville<\/strong>. \u00ab\u2009C\u2019est l\u2019occasion d\u2019en cr\u00e9er un tant attendu par les habitants\u2009\u00bb, insiste l\u2019\u00e9lue.<\/p>\n<p>    <a href=\"https:\/\/email.publihebdos.com\/form?lid=Mqc7o19yVDtMEo2FE8aUtw2\" title=\"Ouvrie le lien\" target=\"_blank\" rel=\"noopener\">Cliquez ici pour visualiser le contenu<\/a><\/p>\n<p class=\" wall-content\">La candidate, elle, pr\u00e9f\u00e8re temporiser <strong>avant de d\u00e9voiler sa vision<\/strong>. \u00ab\u2009\u00c9videmment que j\u2019ai un projet pour Charras, mais je ne vais pas me pr\u00e9cipiter et l\u2019annoncer pendant la campagne. <strong>Ce sera projet contre projet<\/strong>\u2009\u00bb, pr\u00e9vient-elle. Le futur am\u00e9nagement pourrait bien devenir l\u2019un des marqueurs forts de la campagne municipale de mars\u00a02026.<\/p>\n<p class=\" wall-content\">Suivez toute l\u2019actualit\u00e9 de vos villes et m\u00e9dias favoris en vous inscrivant \u00e0 <a href=\"https:\/\/moncompte.actu.fr\" title=\"D\u00e9couvez Mon Actu\" rel=\"nofollow noopener\" data-trk=\"{&quot;cta&quot;:{&quot;action&quot;:&quot;https:\\\/\\\/moncompte.actu.fr&quot;,&quot;category&quot;:&quot;mon compte&quot;,&quot;from&quot;:&quot;article footer&quot;,&quot;name&quot;:&quot;Mon actu&quot;,&quot;type&quot;:&quot;cta&quot;}}\" target=\"_blank\">Mon Actu<\/a>.<\/p>\n<ul class=\"ac-article-tag wall-content\">\n<li><a href=\"https:\/\/actu.fr\/tag\/municipales-2026\" data-trk=\"{&quot;cta&quot;:{&quot;action&quot;:&quot;Municipales 2026&quot;,&quot;category&quot;:&quot;tag&quot;,&quot;from&quot;:&quot;article footer&quot;,&quot;name&quot;:&quot;Municipales 2026&quot;,&quot;type&quot;:&quot;cta&quot;}}\" target=\"_blank\" rel=\"noopener\">#Municipales 2026<\/a><\/li>\n<li><a href=\"https:\/\/actu.fr\/tag\/travaux\" data-trk=\"{&quot;cta&quot;:{&quot;action&quot;:&quot;Travaux&quot;,&quot;category&quot;:&quot;tag&quot;,&quot;from&quot;:&quot;article footer&quot;,&quot;name&quot;:&quot;Travaux&quot;,&quot;type&quot;:&quot;cta&quot;}}\" target=\"_blank\" rel=\"noopener\">#Travaux<\/a><\/li>\n<\/ul>\n","protected":false},"excerpt":{"rendered":"Par Hugo Hancewicz Publi\u00e9 le 18 ao\u00fbt 2025 \u00e0 7h14 \u00c0 Courbevoie (Hauts-de-Seine), il suffit de prononcer le&hellip;\n","protected":false},"author":2,"featured_media":326366,"comment_status":"","ping_status":"","sticky":false,"template":"","format":"standard","meta":{"footnotes":""},"categories":[1888],"tags":[11,1777,674,1011,27,3434,12,626,25,104,2086],"class_list":{"0":"post-326365","1":"post","2":"type-post","3":"status-publish","4":"format-standard","5":"has-post-thumbnail","7":"category-paris","8":"tag-actualites","9":"tag-eu","10":"tag-europe","11":"tag-fr","12":"tag-france","13":"tag-municipales-2026","14":"tag-news","15":"tag-paris","16":"tag-republique-francaise","17":"tag-societe","18":"tag-travaux"},"share_on_mastodon":{"url":"https:\/\/pubeurope.com\/@fr\/115048179522701586","error":""},"_links":{"self":[{"href":"https:\/\/www.europesays.com\/fr\/wp-json\/wp\/v2\/posts\/326365","targetHints":{"allow":["GET"]}}],"collection":[{"href":"https:\/\/www.europesays.com\/fr\/wp-json\/wp\/v2\/posts"}],"about":[{"href":"https:\/\/www.europesays.com\/fr\/wp-json\/wp\/v2\/types\/post"}],"author":[{"embeddable":true,"href":"https:\/\/www.europesays.com\/fr\/wp-json\/wp\/v2\/users\/2"}],"replies":[{"embeddable":true,"href":"https:\/\/www.europesays.com\/fr\/wp-json\/wp\/v2\/comments?post=326365"}],"version-history":[{"count":0,"href":"https:\/\/www.europesays.com\/fr\/wp-json\/wp\/v2\/posts\/326365\/revisions"}],"wp:featuredmedia":[{"embeddable":true,"href":"https:\/\/www.europesays.com\/fr\/wp-json\/wp\/v2\/media\/326366"}],"wp:attachment":[{"href":"https:\/\/www.europesays.com\/fr\/wp-json\/wp\/v2\/media?parent=326365"}],"wp:term":[{"taxonomy":"category","embeddable":true,"href":"https:\/\/www.europesays.com\/fr\/wp-json\/wp\/v2\/categories?post=326365"},{"taxonomy":"post_tag","embeddable":true,"href":"https:\/\/www.europesays.com\/fr\/wp-json\/wp\/v2\/tags?post=326365"}],"curies":[{"name":"wp","href":"https:\/\/api.w.org\/{rel}","templated":true}]}}