{"id":326369,"date":"2025-08-18T05:45:11","date_gmt":"2025-08-18T05:45:11","guid":{"rendered":"https:\/\/www.europesays.com\/fr\/326369\/"},"modified":"2025-08-18T05:45:11","modified_gmt":"2025-08-18T05:45:11","slug":"direct-guerre-en-ukraine-la-russie-continue-de-frapper-lukraine-alors-que-zelensky-et-une-delegation-europeenne-sont-attendus-a-washington","status":"publish","type":"post","link":"https:\/\/www.europesays.com\/fr\/326369\/","title":{"rendered":"DIRECT. Guerre en Ukraine\u00a0: la Russie continue de frapper l\u2019Ukraine, alors que Zelensky et une d\u00e9l\u00e9gation europ\u00e9enne sont attendus \u00e0 Washington"},"content":{"rendered":"<p>07h31.Comment l\u2019Europe tente de rester dans le jeu face \u00e0 Trump et Poutine<\/p>\n<p class=\"live-post__amorce\">Le pr\u00e9sident ukrainien Volodymyr Zelensky, accompagn\u00e9 des principaux leaders europ\u00e9ens dont Emmanuel Macron, se rend ce lundi 18\u00a0ao\u00fbt \u00e0 Washington pour rencontrer Donald Trump. <\/p>\n<p class=\"live-post__amorce\"> <a href=\"https:\/\/www.ladepeche.fr\/2025\/08\/18\/guerre-ukraine-une-delegation-xxl-a-la-maison-blanche-derriere-zelensky-comment-leurope-tente-de-rester-dans-le-jeu-face-a-trump-et-poutine-12880862.php\" target=\"_blank\" rel=\"noopener noreferrer nofollow\" class=\"\"><strong>Notre article ici. <\/strong><\/a> <\/p>\n<p>07h29.Une journ\u00e9e d\u00e9cisive ?\u00a0<\/p>\n<p class=\"live-post__amorce\">R\u00e9sultat d&rsquo;intenses tractations diplomatiques, la rencontre de Washington autour du pr\u00e9sident am\u00e9ricain Donald Trump sera une premi\u00e8re depuis le d\u00e9but de l&rsquo;invasion russe de l&rsquo;Ukraine, en f\u00e9vrier 2022. La pr\u00e9sidente de la Commission europ\u00e9enne Ursula von der Leyen, le pr\u00e9sident fran\u00e7ais Emmanuel Macron, le chancelier allemand Friedrich Merz, la Premi\u00e8re ministre italienne Giorgia Meloni, le Premier ministre britannique Keir Starmer, le pr\u00e9sident finlandais Alexander Stubb et le chef de l&rsquo;Otan Mark Rutte ont confirm\u00e9 leur pr\u00e9sence. Le dirigeant ukrainien a salu\u00e9 cette \u00ab\u00a0unit\u00e9\u00a0\u00bb europ\u00e9enne lors d&rsquo;un point de presse \u00e0 Bruxelles, ajoutant ne pas savoir \u00ab\u00a0exactement\u00a0\u00bb de quoi les pr\u00e9sidents russe et am\u00e9ricain avaient parl\u00e9 en Alaska.<\/p>\n<p>07h29.Cette nuit, trois personnes sont mortes dans une frappe de drone russe \u00e0 Kharkiv<\/p>\n<p class=\"live-post__amorce\">Une frappe de drone russe \u00e0 Kharkiv, dans l&rsquo;est de l&rsquo;Ukraine, a fait au moins trois morts, dont un enfant en bas \u00e2ge, et 17 bless\u00e9s, a indiqu\u00e9 le maire lundi, \u00e0 quelques heures d&rsquo;une rencontre entre Donald Trump et Volodymyr Zelensky \u00e0 Washington. <br \/>\u00ab\u00a0Trois personnes sont mortes, y compris un enfant en bas \u00e2ge. 17 autres personnes ont \u00e9t\u00e9 bless\u00e9es dont six enfants\u00a0\u00bb, a \u00e9crit sur Telegram Igor Terekhov qui avait indiqu\u00e9 auparavant qu&rsquo;un drone russe avait provoqu\u00e9 plusieurs incendies dans un immeuble r\u00e9sidentiel. La ville proche de la fronti\u00e8re russe, la deuxi\u00e8me du pays avant l&rsquo;invasion russe, avait quelques heures auparavant \u00e9t\u00e9 bombard\u00e9e par un missile balistique russe faisant au moins 11 bless\u00e9s, selon le maire.<\/p>\n<p>07h28.Bonjour et bienvenue<\/p>\n<p class=\"live-post__amorce\">Bienvenue dans ce direct consacr\u00e9 \u00e0 la guerre en Ukraine et \u00e0 la rencontre entre Volodymyr Zelensky (accompagn\u00e9 des dirigeants europ\u00e9ens) et Donald Trump. <\/p>\n","protected":false},"excerpt":{"rendered":"07h31.Comment l\u2019Europe tente de rester dans le jeu face \u00e0 Trump et Poutine Le pr\u00e9sident ukrainien Volodymyr Zelensky,&hellip;\n","protected":false},"author":2,"featured_media":326370,"comment_status":"","ping_status":"","sticky":false,"template":"","format":"standard","meta":{"footnotes":""},"categories":[1591],"tags":[11,1887,12,1885,1886,132],"class_list":{"0":"post-326369","1":"post","2":"type-post","3":"status-publish","4":"format-standard","5":"has-post-thumbnail","7":"category-russie","8":"tag-actualites","9":"tag-federation-de-russie","10":"tag-news","11":"tag-russia","12":"tag-russian-federation","13":"tag-russie"},"share_on_mastodon":{"url":"https:\/\/pubeurope.com\/@fr\/115048187435655278","error":""},"_links":{"self":[{"href":"https:\/\/www.europesays.com\/fr\/wp-json\/wp\/v2\/posts\/326369","targetHints":{"allow":["GET"]}}],"collection":[{"href":"https:\/\/www.europesays.com\/fr\/wp-json\/wp\/v2\/posts"}],"about":[{"href":"https:\/\/www.europesays.com\/fr\/wp-json\/wp\/v2\/types\/post"}],"author":[{"embeddable":true,"href":"https:\/\/www.europesays.com\/fr\/wp-json\/wp\/v2\/users\/2"}],"replies":[{"embeddable":true,"href":"https:\/\/www.europesays.com\/fr\/wp-json\/wp\/v2\/comments?post=326369"}],"version-history":[{"count":0,"href":"https:\/\/www.europesays.com\/fr\/wp-json\/wp\/v2\/posts\/326369\/revisions"}],"wp:featuredmedia":[{"embeddable":true,"href":"https:\/\/www.europesays.com\/fr\/wp-json\/wp\/v2\/media\/326370"}],"wp:attachment":[{"href":"https:\/\/www.europesays.com\/fr\/wp-json\/wp\/v2\/media?parent=326369"}],"wp:term":[{"taxonomy":"category","embeddable":true,"href":"https:\/\/www.europesays.com\/fr\/wp-json\/wp\/v2\/categories?post=326369"},{"taxonomy":"post_tag","embeddable":true,"href":"https:\/\/www.europesays.com\/fr\/wp-json\/wp\/v2\/tags?post=326369"}],"curies":[{"name":"wp","href":"https:\/\/api.w.org\/{rel}","templated":true}]}}