{"id":326373,"date":"2025-08-18T05:47:20","date_gmt":"2025-08-18T05:47:20","guid":{"rendered":"https:\/\/www.europesays.com\/fr\/326373\/"},"modified":"2025-08-18T05:47:20","modified_gmt":"2025-08-18T05:47:20","slug":"qui-est-cet-ex-esclave-devenu-symbole-de-la-lutte-abolitionniste-aux-etats-unis","status":"publish","type":"post","link":"https:\/\/www.europesays.com\/fr\/326373\/","title":{"rendered":"qui est cet ex-esclave devenu symbole de la lutte abolitionniste aux Etats-Unis\u00a0?"},"content":{"rendered":"<p>        Lire\u00a0plus\u00a0tard      <\/p>\n<p><a aria-label=\"Nous suivre sur Google News\" href=\"https:\/\/news.google.com\/publications\/CAAqBwgKMJe4nQkw3dFs?hl=fr&amp;gl=FR&amp;ceid=FR%3Afr\" target=\"_blank\" data-piano=\"Recircu_Series,Sous_date_publi,Nous_suivre_sur_google_news,1er_clic,action\" class=\"btn btn--small btn--tertiary btn--icon-only\" rel=\"noopener\"><\/p>\n<p>      Google Actualit\u00e9s<br \/>\n  <\/a><\/p>\n<p>  Partager<\/p>\n<p>        Facebook<\/p>\n<p>        Bluesky<\/p>\n<p>        E-mail<\/p>\n<p>        Copier le lien<\/p>\n<p>      Envoyer<\/p>\n<p>      S\u2019abonner pour lire    <\/p>\n<p class=\"node__paragraphe antonia-750r text-grey-800 pb-24 pb-md-30\">\nC\u2019est un des rares t\u00e9moignages photographiques de l\u2019esclavage. D\u00e9fiant et songeur, Pierre pose de trois quarts pour exposer son dos lac\u00e9r\u00e9. Sur sa peau, les traces de flagellation forment une toile d\u2019araign\u00e9e. Pierre\u2026 Ou est-ce Gordon\u00a0? L\u2019incertitude persiste sur l\u2019identit\u00e9 de l\u2019homme.<\/p>\n<p class=\"node__paragraphe antonia-750r text-grey-800 pb-8\">\nNous sommes en avril\u00a01863. Les Etats de l\u2019Union, engag\u00e9s dans la guerre civile am\u00e9ricaine, ont essuy\u00e9 une s\u00e9rie de revers contre les Etats de la conf\u00e9d\u00e9ration, d\u2019abord \u00e0 Fredericksburg, puis \u00e0 Chancellorsville. En janvier\u00a01863, la proclamation d\u2019\u00e9mancipation du pr\u00e9sident Abraham Lincoln a transform\u00e9\u2026<\/p>\n<p>  <img loading=\"lazy\" decoding=\"async\" class=\"floating-img\" src=\"https:\/\/www.europesays.com\/fr\/wp-content\/uploads\/2025\/07\/img-paywall@2x.png\" width=\"142\" height=\"91\" alt=\"\"\/><\/p>\n<p class=\"latino-100m text-blue-400\">Article r\u00e9serv\u00e9 aux abonn\u00e9s.<\/p>\n<p>          Se connecter<\/p>\n<p class=\"pb-16 text-center antonia-1850c\">Offre d\u2019\u00e9t\u00e9\u00a0:<br \/>1\u20ac\/mois pendant 6\u00a0mois<\/p>\n<p>\n        S&rsquo;abonner\n      <\/p>\n<p>          D\u00e9couvrir toutes nos offres<\/p>\n","protected":false},"excerpt":{"rendered":"Lire\u00a0plus\u00a0tard Google Actualit\u00e9s Partager Facebook Bluesky E-mail Copier le lien Envoyer S\u2019abonner pour lire C\u2019est un des rares&hellip;\n","protected":false},"author":2,"featured_media":326374,"comment_status":"","ping_status":"","sticky":false,"template":"","format":"standard","meta":{"footnotes":""},"categories":[1589],"tags":[17,11,19434,46330,73,1866,19109,937,4933,3246,46329,4380,12,6304,1864,1865,1863,308],"class_list":{"0":"post-326373","1":"post","2":"type-post","3":"status-publish","4":"format-standard","5":"has-post-thumbnail","7":"category-etats-unis","8":"tag-17","9":"tag-actualites","10":"tag-devenu","11":"tag-esclave","12":"tag-etats-unis","13":"tag-etats-unis-damerique","14":"tag-ex","15":"tag-histoire","16":"tag-homme","17":"tag-idees","18":"tag-lacere","19":"tag-les-series-du-nouvel-obs","20":"tag-news","21":"tag-symbole","22":"tag-united-states","23":"tag-united-states-of-america","24":"tag-us","25":"tag-usa"},"share_on_mastodon":{"url":"https:\/\/pubeurope.com\/@fr\/115048195574849157","error":""},"_links":{"self":[{"href":"https:\/\/www.europesays.com\/fr\/wp-json\/wp\/v2\/posts\/326373","targetHints":{"allow":["GET"]}}],"collection":[{"href":"https:\/\/www.europesays.com\/fr\/wp-json\/wp\/v2\/posts"}],"about":[{"href":"https:\/\/www.europesays.com\/fr\/wp-json\/wp\/v2\/types\/post"}],"author":[{"embeddable":true,"href":"https:\/\/www.europesays.com\/fr\/wp-json\/wp\/v2\/users\/2"}],"replies":[{"embeddable":true,"href":"https:\/\/www.europesays.com\/fr\/wp-json\/wp\/v2\/comments?post=326373"}],"version-history":[{"count":0,"href":"https:\/\/www.europesays.com\/fr\/wp-json\/wp\/v2\/posts\/326373\/revisions"}],"wp:featuredmedia":[{"embeddable":true,"href":"https:\/\/www.europesays.com\/fr\/wp-json\/wp\/v2\/media\/326374"}],"wp:attachment":[{"href":"https:\/\/www.europesays.com\/fr\/wp-json\/wp\/v2\/media?parent=326373"}],"wp:term":[{"taxonomy":"category","embeddable":true,"href":"https:\/\/www.europesays.com\/fr\/wp-json\/wp\/v2\/categories?post=326373"},{"taxonomy":"post_tag","embeddable":true,"href":"https:\/\/www.europesays.com\/fr\/wp-json\/wp\/v2\/tags?post=326373"}],"curies":[{"name":"wp","href":"https:\/\/api.w.org\/{rel}","templated":true}]}}