{"id":326377,"date":"2025-08-18T05:49:20","date_gmt":"2025-08-18T05:49:20","guid":{"rendered":"https:\/\/www.europesays.com\/fr\/326377\/"},"modified":"2025-08-18T05:49:20","modified_gmt":"2025-08-18T05:49:20","slug":"football-un-joueur-victime-de-racisme-en-coupe-dallemagne-match-stoppe","status":"publish","type":"post","link":"https:\/\/www.europesays.com\/fr\/326377\/","title":{"rendered":"Football: Un joueur victime de racisme en Coupe d&rsquo;Allemagne, match stopp\u00e9"},"content":{"rendered":"<p>Publi\u00e917. ao\u00fbt 2025, 20:57<\/p>\n<p>Coupe d&rsquo;Allemagne de football: Un joueur vis\u00e9 par des insultes racistes, le match est interrompu<\/p>\n<p>Ailier de Schalke 04, le Ghan\u00e9en Christopher Antwi-Adjei dit avoir \u00e9t\u00e9 victime de racisme contre le Lokomotive Leipzig. La rencontre a \u00e9t\u00e9 arr\u00eat\u00e9e pendant cinq minutes.<\/p>\n<p><img loading=\"lazy\" decoding=\"async\" src=\"https:\/\/www.europesays.com\/fr\/wp-content\/uploads\/2025\/08\/e8e15efc-5ef8-403a-88cb-9b864de81bae.jpg\" alt=\"Christopher Antwi-Adjei s'appr\u00eatait \u00e0 effectuer une touche, au quart d'heure de jeu, lorsqu'il a \u00e9t\u00e9 victime d'injures racistes.\" title=\"Christopher Antwi-Adjei s'appr\u00eatait \u00e0 effectuer une touche, au quart d'heure de jeu, lorsqu'il a \u00e9t\u00e9 victime d'injures racistes.\"  width=\"1200\" height=\"800\"\/><\/p>\n<p>Christopher Antwi-Adjei s&rsquo;appr\u00eatait \u00e0 effectuer une touche, au quart d&rsquo;heure de jeu, lorsqu&rsquo;il a \u00e9t\u00e9 victime d&rsquo;injures racistes.<\/p>\n<p>Imago<\/p>\n<p>Le 32e de finale de Coupe d&rsquo;Allemagne entre le Lokomotive Leipzig (4e division) et Schalke 04 (2e division) a \u00e9t\u00e9 interrompu pendant presque cinq minutes dimanche, le joueur de Schalke Christopher Antwi-Adjei affirmant apr\u00e8s la rencontre avoir \u00e9t\u00e9 la cible d&rsquo;injures racistes.<\/p>\n<p>\u00abDu racisme\u00bb, a r\u00e9pondu l&rsquo;ancien international ghan\u00e9en (31 ans, 3 s\u00e9lections) au micro du diffuseur \u00abSky\u00bb, \u00e0 la question de savoir ce qui s&rsquo;\u00e9tait pass\u00e9 autour du quart d&rsquo;heure de jeu. \u00ab\u00c7a n&rsquo;a rien \u00e0 faire sur un terrain de foot, et de fa\u00e7on plus g\u00e9n\u00e9rale au quotidien\u00bb, a-t-il ajout\u00e9. \u00abJe ne veux pas r\u00e9p\u00e9ter les mots qui ont \u00e9t\u00e9 dits. C&rsquo;est d\u00e9cevant. Je ne suis pas quelqu&rsquo;un qui rentre chez soi et pleure. Mais je trouve tout de m\u00eame d\u00e9cevant que ce genre de choses arrivent encore de nos jours sur un terrain\u00bb, a soulign\u00e9 Antwi-Adjei.<\/p>\n<p>\u00abJe ne voulais pas en faire toute une histoire, mais je ne voulais pas non plus le tol\u00e9rer\u00bb, a pr\u00e9cis\u00e9 le joueur, qui a signal\u00e9 l&rsquo;incident au juge de touche, \u00abc&rsquo;est le moins que je pouvais faire\u00bb.<\/p>\n<p>Le speaker du stade s&rsquo;en est m\u00eal\u00e9<\/p>\n<p>Au quart d&rsquo;heure de jeu, au moment d&rsquo;effectuer une touche, Antwi-Adjei a interrompu son action et a \u00e9chang\u00e9 avec le juge de touche. L&rsquo;arbitre central s&rsquo;est ensuite entretenu avec les deux capitaines, avant de faire reprendre le jeu. \u00abJ&rsquo;ai directement signal\u00e9 \u00e0 l&rsquo;arbitre que nous ne continuerions pas \u00e0 jouer si cela ne s&rsquo;arr\u00eatait pas\u00bb, a expliqu\u00e9 le capitaine de Schalke, Kenan Karaman, au micro de \u00abSky\u00bb apr\u00e8s le match remport\u00e9 par son \u00e9quipe apr\u00e8s prolongation (1-0).<\/p>\n<p>Le speaker du Bruno-Plache-Stadion, o\u00f9 \u00e9volue le Lokomotive Leipzig, a d\u00e9nonc\u00e9 les propos discriminatoires. \u00abC&rsquo;est notre position en tant que club. Sur le terrain, il n&rsquo;y a pas de place pour le racisme et la discrimination\u00bb, a expliqu\u00e9 le porte-parole du Lok, Carsten Muschalle, au micro de \u00abSky\u00bb \u00e0 la mi-temps.<\/p>\n<p>Vendredi soir, <a href=\"https:\/\/www.lematin.ch\/story\/football-match-interrompu-a-anfield-road-en-raison-d-insultes-racistes-103398895\" rel=\"nofollow noopener\" target=\"_blank\">le match d&rsquo;ouverture du championnat d&rsquo;Angleterre entre Liverpool et Bournemouth avait \u00e9galement \u00e9t\u00e9 bri\u00e8vement interrompu<\/a> pour des insultes prof\u00e9r\u00e9es par un supporter des Reds envers l&rsquo;international ghan\u00e9en de Bournemouth, Antoine Semenyo.<\/p>\n<p>(afp)<\/p>\n","protected":false},"excerpt":{"rendered":"Publi\u00e917. ao\u00fbt 2025, 20:57 Coupe d&rsquo;Allemagne de football: Un joueur vis\u00e9 par des insultes racistes, le match est&hellip;\n","protected":false},"author":2,"featured_media":326378,"comment_status":"","ping_status":"","sticky":false,"template":"","format":"standard","meta":{"footnotes":""},"categories":[1587],"tags":[11,672,1804,1805,1803,1777,674,1801,12,1802],"class_list":{"0":"post-326377","1":"post","2":"type-post","3":"status-publish","4":"format-standard","5":"has-post-thumbnail","7":"category-allemagne","8":"tag-actualites","9":"tag-allemagne","10":"tag-bundesrepublik-deutschland","11":"tag-de","12":"tag-deutschland","13":"tag-eu","14":"tag-europe","15":"tag-germany","16":"tag-news","17":"tag-republique-federale-dallemagne"},"share_on_mastodon":{"url":"https:\/\/pubeurope.com\/@fr\/115048203924617623","error":""},"_links":{"self":[{"href":"https:\/\/www.europesays.com\/fr\/wp-json\/wp\/v2\/posts\/326377","targetHints":{"allow":["GET"]}}],"collection":[{"href":"https:\/\/www.europesays.com\/fr\/wp-json\/wp\/v2\/posts"}],"about":[{"href":"https:\/\/www.europesays.com\/fr\/wp-json\/wp\/v2\/types\/post"}],"author":[{"embeddable":true,"href":"https:\/\/www.europesays.com\/fr\/wp-json\/wp\/v2\/users\/2"}],"replies":[{"embeddable":true,"href":"https:\/\/www.europesays.com\/fr\/wp-json\/wp\/v2\/comments?post=326377"}],"version-history":[{"count":0,"href":"https:\/\/www.europesays.com\/fr\/wp-json\/wp\/v2\/posts\/326377\/revisions"}],"wp:featuredmedia":[{"embeddable":true,"href":"https:\/\/www.europesays.com\/fr\/wp-json\/wp\/v2\/media\/326378"}],"wp:attachment":[{"href":"https:\/\/www.europesays.com\/fr\/wp-json\/wp\/v2\/media?parent=326377"}],"wp:term":[{"taxonomy":"category","embeddable":true,"href":"https:\/\/www.europesays.com\/fr\/wp-json\/wp\/v2\/categories?post=326377"},{"taxonomy":"post_tag","embeddable":true,"href":"https:\/\/www.europesays.com\/fr\/wp-json\/wp\/v2\/tags?post=326377"}],"curies":[{"name":"wp","href":"https:\/\/api.w.org\/{rel}","templated":true}]}}