{"id":326379,"date":"2025-08-18T05:50:11","date_gmt":"2025-08-18T05:50:11","guid":{"rendered":"https:\/\/www.europesays.com\/fr\/326379\/"},"modified":"2025-08-18T05:50:11","modified_gmt":"2025-08-18T05:50:11","slug":"face-aux-etats-unis-de-donald-trump-la-souverainete-de-leurope-se-joue-aussi-dans-lespace-lexpress","status":"publish","type":"post","link":"https:\/\/www.europesays.com\/fr\/326379\/","title":{"rendered":"Face aux Etats-Unis de Donald Trump, la souverainet\u00e9 de l\u2019Europe se joue aussi dans l\u2019espace \u2013 L&rsquo;Express"},"content":{"rendered":"<p class=\"paragraph article-body-paragraph article__item   article-body-paragraph--first \">30 mars 2025. Une fus\u00e9e s\u2019\u00e9lance dans le ciel norv\u00e9gien, oscille puis pique du nez, avant de plonger dans la mer une trentaine de secondes plus tard. Les op\u00e9rateurs de cette \u00ab\u00a0<a href=\"https:\/\/www.lexpress.fr\/sciences-sante\/sciences\/la-premiere-fusee-orbitale-lancee-depuis-leurope-continentale-secrase-juste-apres-son-lancement-HDEHPXQKMRC6XPPAHIQY5QVMCI\/\" target=\"_self\" rel=\"nofollow noopener\" title=\"https:\/\/www.lexpress.fr\/sciences-sante\/sciences\/la-premiere-fusee-orbitale-lancee-depuis-leurope-continentale-secrase-juste-apres-son-lancement-HDEHPXQKMRC6XPPAHIQY5QVMCI\/\">Spectrum<\/a>\u00a0\u00bb n\u2019avaient de toute fa\u00e7on que peu d\u2019espoir de la voir atteindre du premier coup son objectif, l\u2019orbite basse de la Terre, \u00e0 500 km d\u2019altitude, o\u00f9 elle compte, \u00e0 terme, placer des satellites.<\/p>\n<p class=\"paragraph article-body-paragraph article__item   \">La start-up allemande qui d\u00e9veloppe l\u2019engin, Isar A\u00e9rospace, s\u2019est n\u00e9anmoins f\u00e9licit\u00e9e d\u2019avoir pu collecter des donn\u00e9es et op\u00e9rer des tests. Car ce d\u00e9collage, en soi, est historique. Il s\u2019agit de la premi\u00e8re fus\u00e9e orbitale tir\u00e9e depuis l\u2019Europe continentale et surtout, par une compagnie priv\u00e9e, dans un domaine traditionnellement <a href=\"https:\/\/www.lexpress.fr\/idees-et-debats\/la-conquete-spatiale-a-plus-besoin-des-entreprises-privees-que-des-etats-par-rainer-zitelmann-7MAVMQPXS5AMZGOPMGWBT5AHRA\/\" target=\"_self\" rel=\"nofollow noopener\" title=\"https:\/\/www.lexpress.fr\/idees-et-debats\/la-conquete-spatiale-a-plus-besoin-des-entreprises-privees-que-des-etats-par-rainer-zitelmann-7MAVMQPXS5AMZGOPMGWBT5AHRA\/\">r\u00e9serv\u00e9 aux Etats<\/a>. Il n\u2019existe \u00e0 ce jour que deux fus\u00e9es europ\u00e9ennes, le lanceur lourd Ariane 6 et Vega-C, qui achemine des instruments moins lourds. Toutes les deux sont lanc\u00e9es depuis le site de Kourou, en Guyane fran\u00e7aise, et supervis\u00e9es par l\u2019Agence spatiale europ\u00e9enne (ESA).<\/p>\n<p class=\"paragraph article-body-paragraph article__item   \">L\u2019Europe souhaite justement bousculer ce duopole pour faire \u00e9merger de nouveaux acteurs europ\u00e9ens capables d\u2019aller dans l\u2019espace, en compl\u00e9ment de ses deux lanceurs. En juillet dernier, l\u2019ESA a justement pr\u00e9s\u00e9lectionn\u00e9 cinq start-up europ\u00e9ennes, dont Isar, dans le cadre d\u2019un concours de fus\u00e9es. Pour faire simple, il existe tout un panel de fus\u00e9es permettant de lancer une masse plus ou moins importante \u00e0 des orbites plus ou moins lointaines et pour des missions diverses. Ces jeunes pousses sont, elles, en lice pour d\u00e9velopper un lanceur capable de transporter des petits satellites jusqu\u2019en orbite basse, avec un contrat \u00e0 la cl\u00e9. L\u2019agence europ\u00e9enne souhaite ainsi stimuler la concurrence au niveau europ\u00e9en &#8211; au profit d\u2019une baisse des prix -, mais aussi l\u2019innovation, pour renforcer son arsenal spatial. Elle esp\u00e8re d\u00e9velopper son autonomie et se rendre moins d\u00e9pendante des Etats-Unis, emmen\u00e9s par le g\u00e9ant <a href=\"https:\/\/www.lexpress.fr\/sciences-sante\/sciences\/spacex-pionnier-de-la-privatisation-du-vol-spatial_1732273.html\" target=\"_self\" rel=\"nofollow noopener\" title=\"https:\/\/www.lexpress.fr\/sciences-sante\/sciences\/spacex-pionnier-de-la-privatisation-du-vol-spatial_1732273.html\">SpaceX<\/a>, propri\u00e9t\u00e9 du milliardaire Elon Musk.<\/p>\n<p>Un an sans lanceur europ\u00e9en<\/p>\n<p class=\"paragraph article-body-paragraph article__item   \">Un r\u00e9cent \u00e9pisode, commun\u00e9ment appel\u00e9 la \u00ab\u00a0crise des lanceurs\u00a0\u00bb, a mis en \u00e9vidence cette d\u00e9pendance et donn\u00e9 des sueurs froides au Vieux Continent. \u00ab\u00a0L\u2019Europe a anticip\u00e9 d\u00e8s 2014 l\u2019arriv\u00e9e de SpaceX dans le domaine spatial et s\u2019est vite rendu compte qu\u2019elle avait besoin d\u2019un lanceur plus polyvalent que la fus\u00e9e Ariane 5, qui \u00e9tait tr\u00e8s sp\u00e9cialis\u00e9e sur l\u2019orbite g\u00e9ostationnaire, \u00e0 36 000 km de haut\u00a0\u00bb, raconte Paul Wohrer, directeur du programme espace \u00e0 l\u2019Institut fran\u00e7ais des relations internationales (Ifri). \u00ab\u00a0C\u2019est cette ann\u00e9e-l\u00e0 qu\u2019a \u00e9t\u00e9 d\u00e9cid\u00e9 le lancement du <a href=\"https:\/\/www.lexpress.fr\/economie\/espace-pourquoi-ariane-avance-dans-un-epais-brouillard-d-incertitudes_2164535.html\" target=\"_self\" rel=\"nofollow noopener\" title=\"https:\/\/www.lexpress.fr\/economie\/espace-pourquoi-ariane-avance-dans-un-epais-brouillard-d-incertitudes_2164535.html\">programme Ariane 6<\/a>, modulable en fonction des missions qu\u2019il remplit et des orbites qu\u2019il veut atteindre.\u00a0\u00bb<\/p>\n<p class=\"paragraph article-body-paragraph article__item   \">La nouvelle fus\u00e9e devait \u00eatre op\u00e9rationnelle en 2020, mais elle a accumul\u00e9 les retards de production. R\u00e9sultat : elle n\u2019\u00e9tait toujours pas pr\u00eate fin juillet 2023, lorsque Ariane 5 a effectu\u00e9 son dernier vol. L\u2019Europe ne pouvait alors plus compter sur les vaisseaux russes Soyouz utilis\u00e9s \u00e0 Kourou, \u00e0 la suite de <a href=\"https:\/\/www.lexpress.fr\/monde\/europe\/l-ukraine-hesite-entre-est-et-ouest_1302698.html\" target=\"_self\" rel=\"nofollow noopener\" title=\"https:\/\/www.lexpress.fr\/monde\/europe\/l-ukraine-hesite-entre-est-et-ouest_1302698.html\">l\u2019invasion de l\u2019Ukraine<\/a> par les troupes de Vladimir Poutine. Son autre fus\u00e9e Vega-C, elle, \u00e9tait clou\u00e9e au sol \u00e0 la suite d\u2019un accident. Les Europ\u00e9ens se sont donc tout simplement retrouv\u00e9s sans aucun moyen souverain d\u2019acc\u00e9der \u00e0 l\u2019espace. Ils se sont repos\u00e9s sur SpaceX, jusqu\u2019au vol inaugural d\u2019Ariane 6 en juillet 2024.<\/p>\n<\/p>\n<p class=\"paragraph article-body-paragraph article__item   \">Cette ann\u00e9e de latence a creus\u00e9 le foss\u00e9 qui s\u00e9pare l\u2019Europe des Etats-Unis dans le domaine spatial. Entre 2014 et 2023, les Etats-Unis \u00e9taient \u00e9galement le premier pays en termes de masse d\u2019objets envoy\u00e9s en orbite, calcul\u00e9s en nombre de tonnes lanc\u00e9es dans l\u2019espace pour des programmes civils et militaires gouvernementaux. Le pays repr\u00e9sente ainsi repr\u00e9sentent un tiers de la masse totale des engins spatiaux, selon <a href=\"https:\/\/space-economy.esa.int\/documents\/b61btvmeaf6Tz2osXPu712bL0dwO3uqdOrFAwNTQ.pdf\" target=\"_self\" rel=\"nofollow noopener\" title=\"https:\/\/space-economy.esa.int\/documents\/b61btvmeaf6Tz2osXPu712bL0dwO3uqdOrFAwNTQ.pdf\">un rapport de l\u2019ESA<\/a> publi\u00e9 fin 2024. La Chine suit de pr\u00e8s avec 31 %. Avec une part de 8 %, l\u2019Europe est loin derri\u00e8re. Elle accuse \u00e9galement un retard sur le plan du financement. En 2023, l\u2019Europe avait allou\u00e9 11,9 milliards d\u2019euros \u00e0 l\u2019espace et pesait ainsi 11 % de la d\u00e9pense publique mondiale, contre 64 % pour les Etats-Unis, l\u00e0 aussi en premi\u00e8re place, loin devant la Chine (12 %).<\/p>\n<\/p>\n<p class=\"paragraph article-body-paragraph article__item   \">Le <a href=\"https:\/\/www.lexpress.fr\/economie\/politique-economique\/rapport-draghi-cest-la-survie-meme-de-notre-modele-social-qui-est-en-jeu-MB2WWDISHFC75HQJMC2CRZOYUM\/?auth=2c2d1f8bbf\" target=\"_self\" rel=\"nofollow noopener\" title=\"https:\/\/www.lexpress.fr\/economie\/politique-economique\/rapport-draghi-cest-la-survie-meme-de-notre-modele-social-qui-est-en-jeu-MB2WWDISHFC75HQJMC2CRZOYUM\/?auth=2c2d1f8bbf\">rapport Draghi<\/a>, publi\u00e9 en 2024, pointe justement du doigt ce sous-investissement europ\u00e9en qui nuit \u00e0 la comp\u00e9titivit\u00e9 du continent dans un domaine absolument crucial. Un constat inqui\u00e9tant, puisque l\u2019espace est devenu une \u00ab\u00a0vraie jauge des puissances internationales\u00a0\u00bb, selon la formule utilis\u00e9e par Emmanuel Macron au salon du Bourget en juin dernier. \u00ab\u00a0Le spatial, aujourd\u2019hui est comparable avec Internet il y a 20 ans : il s\u2019int\u00e8gre de plus en plus dans tous les domaines de la vie et de l\u2019\u00e9conomie, actuellement dans la pr\u00e9vision m\u00e9t\u00e9o, la navigation Galileo, les t\u00e9l\u00e9communications, la science ou encore les op\u00e9rations militaires. C\u2019est ce qui en fait un domaine hautement strat\u00e9gique\u00a0\u00bb, d\u00e9roule Hermann Ludwig Moeller, directeur du think tank sp\u00e9cialis\u00e9 European space policy institute (ESPI). A tel point que l\u2019Europe y joue sa souverainet\u00e9, d\u00e9j\u00e0 mise \u00e0 mal par sa d\u00e9pendance aux <a href=\"https:\/\/www.lexpress.fr\/economie\/politique-economique\/souverainete-numerique-leurope-au-pied-du-mur-face-aux-geants-americains-F2KA5RL4IZDDVDP75F5CADPJNU\/\" target=\"_self\" rel=\"nofollow noopener\" title=\"https:\/\/www.lexpress.fr\/economie\/politique-economique\/souverainete-numerique-leurope-au-pied-du-mur-face-aux-geants-americains-F2KA5RL4IZDDVDP75F5CADPJNU\/\">g\u00e9ants de la tech am\u00e9ricaine<\/a> et, plus r\u00e9cemment, par l\u2019accord \u00e9conomique sur <a href=\"https:\/\/www.lexpress.fr\/economie\/politique-economique\/droits-de-douane-ce-que-sacrifie-bruxelles-face-a-donald-trump-UILW3Y4KOBEGBHSNR4XIJ7BUDU\/\" target=\"_self\" rel=\"nofollow noopener\" title=\"https:\/\/www.lexpress.fr\/economie\/politique-economique\/droits-de-douane-ce-que-sacrifie-bruxelles-face-a-donald-trump-UILW3Y4KOBEGBHSNR4XIJ7BUDU\/\">les droits de douane<\/a> impos\u00e9 par Donald Trump.<\/p>\n<p>Inqui\u00e9tude autour des coupes budg\u00e9taires de la Nasa<\/p>\n<p class=\"paragraph article-body-paragraph article__item   \">L\u2019urgence de cette \u00ab\u00a0reconqu\u00eate spatiale \u00e0 marche forc\u00e9e\u00a0\u00bb, comme l\u2019a formul\u00e9 Emmanuel Macron au Bourget, se fait d\u2019autant plus ressentir depuis l\u2019arriv\u00e9e de <a href=\"https:\/\/www.lexpress.fr\/monde\/amerique\/donald-trump_1702460.html\" target=\"_self\" rel=\"nofollow noopener\" title=\"https:\/\/www.lexpress.fr\/monde\/amerique\/donald-trump_1702460.html\">Donald Trump<\/a> \u00e0 la Maison-Blanche. L\u2019Europe coop\u00e8re avec les Etats-Unis sur de nombreux projets scientifiques, notamment en mati\u00e8re d\u2019exploration spatiale avec le <a href=\"https:\/\/www.lexpress.fr\/sciences-sante\/sciences\/accords-artemis-la-france-ira-decrocher-la-lune-avec-les-americains_2174904.html\" target=\"_self\" rel=\"nofollow noopener\" title=\"https:\/\/www.lexpress.fr\/sciences-sante\/sciences\/accords-artemis-la-france-ira-decrocher-la-lune-avec-les-americains_2174904.html\">programme Artemis<\/a>, qui doit permettre un retour sur la Lune. Les <a href=\"https:\/\/www.lexpress.fr\/monde\/amerique\/la-nasa-et-leducation-dernieres-victimes-des-coupes-budgetaires-de-donald-trump-I7XJQFYZDBCQXIIGCLUQL3MACM\/\" target=\"_self\" rel=\"nofollow noopener\" title=\"https:\/\/www.lexpress.fr\/monde\/amerique\/la-nasa-et-leducation-dernieres-victimes-des-coupes-budgetaires-de-donald-trump-I7XJQFYZDBCQXIIGCLUQL3MACM\/\">coupes budg\u00e9taires<\/a> impos\u00e9es \u00e0 la Nasa, l\u2019agence spatiale am\u00e9ricaine, qui a vu ses effectifs coup\u00e9s de 20 %, \u00ab\u00a0pose la question de la poursuite de cette coop\u00e9ration\u00a0\u00bb, s\u2019inqui\u00e9tait en avril dernier le chef de l\u2019ESA, Josef Aschbacher, interrog\u00e9 par <a href=\"https:\/\/www.theguardian.com\/science\/2025\/apr\/28\/europe-must-boost-space-investment-to-secure-autonomy-from-us-says-esa-boss?utm_source=chatgpt.com\" target=\"_self\" rel=\"nofollow noopener\" title=\"https:\/\/www.theguardian.com\/science\/2025\/apr\/28\/europe-must-boost-space-investment-to-secure-autonomy-from-us-says-esa-boss?utm_source=chatgpt.com\">The Guardian<\/a>.<\/p>\n<p><strong class=\"article-body-link-list__item text-gray-800 article-body-link-list__item--one-item\">LIRE AUSSI : <a class=\"article-body-link-list__item-link\" href=\"https:\/\/www.lexpress.fr\/economie\/high-tech\/starlink-larme-fatale-delon-musk-ses-atouts-pour-conquerir-le-monde-MITUMOUPWNHF3L5KS74L5E4WZ4\/\" target=\"_blank\" rel=\"noreferrer nofollow noopener\">Starlink, l\u2019arme fatale d\u2019Elon Musk : ses atouts pour conqu\u00e9rir le monde<\/a><\/strong><\/p>\n<p class=\"paragraph article-body-paragraph article__item   \">A cela s\u2019ajoute le fait que l\u2019administration Trump a propos\u00e9 un budget de la Nasa centr\u00e9 sur un retour sur la Lune et une mission sur Mars, au d\u00e9triment de programmes scientifiques et climatiques. Dans ce contexte, \u00ab\u00a0l\u2019Europe doit continuer \u00e0 investir dans ses forces\u00a0\u00bb, estime Hermann Ludwig Moeller. Il s\u2019agit d\u2019abord des outils d\u2019observation de la Terre et de l\u2019adaptation au changement climatique avec Copernicus, et de la navigation avec Galileo, deux grands programmes de satellites europ\u00e9ens. \u00ab\u00a0Ce sont les plus gros atouts de l\u2019Europe spatiale\u00a0\u00bb, poursuit le sp\u00e9cialiste. \u00ab\u00a0Mais elle s\u2019est repos\u00e9e sur ses lauriers et doit aussi penser \u00e0 investir dans <a href=\"https:\/\/www.lexpress.fr\/idees-et-debats\/donald-trump-nous-empechera-t-il-daller-sur-mars-par-rainer-zitelmann-3DJ7FA3SIVEKROZC4HSXKC37NU\/\" target=\"_self\" rel=\"nofollow noopener\" title=\"https:\/\/www.lexpress.fr\/idees-et-debats\/donald-trump-nous-empechera-t-il-daller-sur-mars-par-rainer-zitelmann-3DJ7FA3SIVEKROZC4HSXKC37NU\/\">l\u2019exploration<\/a>, domaine dans lequel les grandes puissances investissent \u00e9galement\u00a0\u00bb. La Chine, pendant ce temps, d\u00e9veloppe sa propre station spatiale.<\/p>\n<p>\u00ab\u00a0C\u2019est un choc \u00e9norme\u00a0\u00bb<\/p>\n<p class=\"paragraph article-body-paragraph article__item   \">Si l\u2019Europe peut capitaliser sur ses comp\u00e9tences scientifiques et de navigation, l\u2019arriv\u00e9e de Donald Trump au pouvoir soul\u00e8ve une inqui\u00e9tude encore plus grande concernant la d\u00e9fense et la s\u00e9curit\u00e9 du continent. \u00ab\u00a0Depuis la fin de la Guerre froide, l\u2019Europe a eu le luxe d\u2019\u00eatre prot\u00e9g\u00e9e par son alli\u00e9 am\u00e9ricain. Lors de la <a href=\"https:\/\/www.lexpress.fr\/monde\/conference-de-munich-ce-quil-faut-en-retenir-la-lecon-de-jd-vance-lappel-a-une-armee-europeenne-PQA3BMRT5RG3FBX3Q5J774JO3E\/\" target=\"_self\" rel=\"nofollow noopener\" title=\"https:\/\/www.lexpress.fr\/monde\/conference-de-munich-ce-quil-faut-en-retenir-la-lecon-de-jd-vance-lappel-a-une-armee-europeenne-PQA3BMRT5RG3FBX3Q5J774JO3E\/\">conf\u00e9rence de Munich sur la s\u00e9curit\u00e9<\/a>, en f\u00e9vrier dernier, les Etats-Unis ont clairement montr\u00e9 \u00e0 l\u2019Europe qu\u2019elle allait devoir se d\u00e9fendre seule, tout cela alors que plusieurs services de s\u00e9curit\u00e9 craignent une <a href=\"https:\/\/www.lexpress.fr\/societe\/mars-2029-poutine-decide-limpensable-une-arme-nucleaire-tactique-envoyee-depuis-la-bielorussie-QHQ4N3O2VNBPVHE3KQM73LC3YQ\/\" target=\"_self\" rel=\"nofollow noopener\" title=\"https:\/\/www.lexpress.fr\/societe\/mars-2029-poutine-decide-limpensable-une-arme-nucleaire-tactique-envoyee-depuis-la-bielorussie-QHQ4N3O2VNBPVHE3KQM73LC3YQ\/\">attaque russe sur l\u2019Europe<\/a> d\u2019ici 2029. C\u2019est un choc \u00e9norme\u00a0\u00bb, analyse Hermann Ludwig Moeller.<\/p>\n<p><strong class=\"article-body-link-list__item text-gray-800 article-body-link-list__item--one-item\">LIRE AUSSI : <a class=\"article-body-link-list__item-link\" href=\"https:\/\/www.lexpress.fr\/monde\/europe\/80-ans-apres-la-fin-de-la-guerre-trump-nous-rappelle-que-nous-ne-sommes-pas-des-occidentaux-mais-des-6C4ZBQQC5FBELMGHNCGVBWHESI\/\" target=\"_blank\" rel=\"noreferrer nofollow noopener\">80 ans apr\u00e8s la fin de la guerre : \u00ab\u00a0Trump nous rappelle que nous ne sommes pas des Occidentaux, mais des Europ\u00e9ens\u00a0\u00bb<\/a><\/strong><\/p>\n<p class=\"paragraph article-body-paragraph article__item   \">Face \u00e0 la menace russe et \u00e0 l\u2019isolationnisme am\u00e9ricain, les investissements europ\u00e9ens en termes de d\u00e9fense devront donc \u00e9galement se diriger vers le spatial. Selon l\u2019ESA, le civil a \u00e9t\u00e9 depuis les ann\u00e9es 1990 la principale composante du budget des Etats-Unis dans le domaine. Jusqu\u2019en 2023, o\u00f9 la part des d\u00e9penses militaires a d\u00e9pass\u00e9 celle du civil dans leur budget global (50,2 % pour la d\u00e9fense contre 49,8 % pour le civil). L\u2019Europe, en comparaison, adopte un comportement totalement diff\u00e9rent, remarque l\u2019Agence spatiale : cette m\u00eame ann\u00e9e, 85 % de son budget \u00e9tait consacr\u00e9 aux activit\u00e9s civiles.<\/p>\n<\/p>\n<p class=\"paragraph article-body-paragraph article__item   \">D\u00e9velopper la d\u00e9fense europ\u00e9enne dans l\u2019espace ne signifie pas forc\u00e9ment le militariser, \u00e0 l\u2019image du \u00ab\u00a0<a href=\"https:\/\/www.lexpress.fr\/monde\/pourquoi-le-dome-dor-de-donald-trump-risque-detre-une-golden-passoire-WOHITZZFLJGSBDE7IDIWJWZRS4\/\" target=\"_self\" rel=\"nofollow noopener\" title=\"https:\/\/www.lexpress.fr\/monde\/pourquoi-le-dome-dor-de-donald-trump-risque-detre-une-golden-passoire-WOHITZZFLJGSBDE7IDIWJWZRS4\/\">d\u00f4me d\u2019or<\/a>\u00a0\u00bb imagin\u00e9 par Donald Trump au-dessus des Etats-Unis pour prot\u00e9ger le pays d\u2019une attaque de missiles. Dans un conflit, le spatial peut \u00eatre d\u00e9terminant en termes de t\u00e9l\u00e9communications, de renseignements ou de navigation. La guerre en Ukraine l\u2019a bien montr\u00e9. Les civils et militaires ukrainiens utilisent en effet le r\u00e9seau de satellites Starlink de SpaceX, qui leur fournit une connexion internet depuis une orbite basse. Cette technologie leur permet notamment de communiquer, mais aussi de piloter des drones, depuis que la Russie a d\u00e9truit les services de communication de l\u2019Ukraine. Mais l\u00e0 encore, une forme de d\u00e9pendance s\u2019est install\u00e9e vis-\u00e0-vis des Etats-Unis. Au mois de mars, Elon Musk, propri\u00e9taire de Starlink, <a href=\"https:\/\/www.lexpress.fr\/monde\/europe\/lukraine-privee-de-starlink-la-promesse-delon-musk-a-kiev-AFD5AGDNXFFPBKDUX3IMO5R3LI\/\" target=\"_self\" rel=\"nofollow noopener\" title=\"https:\/\/www.lexpress.fr\/monde\/europe\/lukraine-privee-de-starlink-la-promesse-delon-musk-a-kiev-AFD5AGDNXFFPBKDUX3IMO5R3LI\/\">avait sem\u00e9 le doute<\/a> sur son intention de couper le r\u00e9seau aux Ukrainiens, alors m\u00eame que l\u2019administration Trump semblait se d\u00e9sengager du conflit. Il a finalement assur\u00e9 qu\u2019il continuerait \u00e0 fournir une connexion au pays. Reste qu&rsquo;L, conclut Hermann Ludwig Moeller.<\/p>\n<p>La course \u00e0 l\u2019orbite basse<\/p>\n<p class=\"paragraph article-body-paragraph article__item   \">L\u2019Europe se met en \u00e9tat de marche pour qu\u2019un tel sc\u00e9nario ne se produise pas. Lors de la pr\u00e9sentation de son budget pour le prochain cycle qui d\u00e9bute en 2028, la Commission europ\u00e9enne a promis de consacrer 131 milliards d\u2019euros \u00e0 la d\u00e9fense et \u00e0 l\u2019espace, soit cinq fois plus qu\u2019aujourd\u2019hui. Il s\u2019agit notamment de financer le troisi\u00e8me grand projet europ\u00e9en dans l\u2019espace apr\u00e8s Galileo et Copernicus : la constellation de satellites <a href=\"https:\/\/www.lexpress.fr\/economie\/high-tech\/iris-petits-arrangements-entre-geants-du-spatial-europeen-W4J23ERTERFODFFSYYRHEAEDXE\/\" target=\"_self\" rel=\"nofollow noopener\" title=\"https:\/\/www.lexpress.fr\/economie\/high-tech\/iris-petits-arrangements-entre-geants-du-spatial-europeen-W4J23ERTERFODFFSYYRHEAEDXE\/\">IRIS<\/a>\u00b2. Celle-ci devra, \u00e0 partir de 300 satellites plac\u00e9s en orbite basse et moyenne, fournir une connexion s\u00e9curis\u00e9e aux Europ\u00e9ens \u00e0 des fins militaires et de s\u00e9curit\u00e9. Elle devrait ainsi garantir \u00ab\u00a0l\u2019autonomie strat\u00e9gique\u00a0\u00bb du continent dans le domaine des communications gouvernementales s\u00e9curis\u00e9es, <a href=\"https:\/\/ariane.group\/transport-spatial\/maia\/\" target=\"_self\" rel=\"nofollow noopener\" title=\"https:\/\/ariane.group\/transport-spatial\/maia\/\">assure le Cnes<\/a>, l\u2019agence spatiale fran\u00e7aise.<\/p>\n<p class=\"paragraph article-body-paragraph article__item   \">Ce projet \u00e0 10 milliards d\u2019euros s\u2019inscrit dans une \u00ab\u00a0course mondiale \u00e0 l\u2019orbite basse, dans le sillage de Starlink\u00a0\u00bb, selon Paul Wohrer. En effet, dans le domaine des t\u00e9l\u00e9communications, l\u2019orbite g\u00e9ostationnaire, c\u2019est-\u00e0-dire les satellites post\u00e9s \u00e0 environ 36 000 km de la Terre, \u00e9tait autrefois beaucoup utilis\u00e9e pour la t\u00e9l\u00e9vision par satellite. Au cours des derni\u00e8res ann\u00e9es, elle a \u00e9t\u00e9 peu \u00e0 peu d\u00e9laiss\u00e9e au profit de l\u2019orbite basse, \u00e0 moins de 2 000 km d\u2019altitude, pour l\u2019internet haut d\u00e9bit. Aussi appel\u00e9e LEO (Low Earth Orbit), elle est plus accessible et promet un d\u00e9lai de transmission plus court mais doit fonctionner en constellations afin de couvrir correctement la zone de la Terre vis\u00e9e. \u00ab\u00a0Ce type de constellation est d\u00e9sormais indispensable, aussi bien pour les services de s\u00e9curit\u00e9 et pour les militaires, que pour des applications commerciales, comme la connectivit\u00e9 des smartphones ou des avions\u00a0\u00bb, explique Hermann Ludwig Moeller.<\/p>\n<p><strong class=\"article-body-link-list__item text-gray-800 article-body-link-list__item--one-item\">LIRE AUSSI : <a class=\"article-body-link-list__item-link\" href=\"https:\/\/www.lexpress.fr\/monde\/europe\/en-estonie-a-la-frontiere-de-tous-les-dangers-face-a-la-russie-nous-sommes-prets-a-combattre-GL5XXFLJDNFTNHUNL357BMFLAM\/\" target=\"_blank\" rel=\"noreferrer nofollow noopener\">En Estonie, \u00e0 la fronti\u00e8re de tous les dangers face \u00e0 la Russie : \u00ab\u00a0Nous sommes pr\u00eats \u00e0 combattre\u00a0\u00bb<\/a><\/strong><\/p>\n<p class=\"paragraph article-body-paragraph article__item   \">Elon Musk est le pionnier de cette technologie avec sa constellation Starlink, qui compte d\u00e9sormais 7 800 satellites, de loin la plus grosse \u00ab\u00a0toile\u00a0\u00bb op\u00e9rationnelle dans l\u2019espace. \u00ab\u00a0L\u2019Europe, en revanche, a rat\u00e9 ce virage. Elle a d\u00e9cid\u00e9 d\u2019investir il y a seulement deux ou trois ans pour \u00eatre pr\u00e9sente sur ce segment\u00a0\u00bb, poursuit Hermann Ludwig Moeller. Les Europ\u00e9ens disposent bien de leur propre constellation de satellites en orbite basse, OneWeb, qui est d\u2019ailleurs la deuxi\u00e8me plus grande constellation op\u00e9rationnelle derri\u00e8re Starlink\u2026 Mais avec douze fois moins de satellites en orbite, puisqu\u2019elle n\u2019en d\u00e9tient que 650.<\/p>\n<p class=\"paragraph article-body-paragraph article__item   \">Surtout, cette constellation, qu\u2019Emmanuel Macron qualifie de \u00ab\u00a0tr\u00e9sor strat\u00e9gique\u00a0\u00bb, aurait pu dispara\u00eetre en 2020, lorsque la firme britannique qui l\u2019avait d\u00e9velopp\u00e9e s\u2019est d\u00e9clar\u00e9e en faillite. Oneweb a ensuite \u00e9t\u00e9 rachet\u00e9e par l\u2019op\u00e9rateur fran\u00e7ais de satellites Eutelsat, soutenu par l\u2019Etat fran\u00e7ais. Faire face au g\u00e9ant Starlink est un d\u00e9fi immense, d\u2019autant que la firme a creus\u00e9 ses pertes lors de son exercice 2024-2025, \u00e0 1,1 milliard contre 315 millions l\u2019ann\u00e9e pr\u00e9c\u00e9dente. En juin, l\u2019op\u00e9rateur a \u00e9galement annonc\u00e9 vouloir proc\u00e9der \u00e0 une augmentation de capital de 1,35 milliard d\u2019euros, \u00e0 laquelle l\u2019Etat fran\u00e7ais &#8211; d\u00e9j\u00e0 actionnaire \u00e0 hauteur de 13 % &#8211; pourrait prendre part.<\/p>\n<p><strong class=\"article-body-link-list__item text-gray-800 article-body-link-list__item--one-item\">LIRE AUSSI : <a class=\"article-body-link-list__item-link\" href=\"https:\/\/www.lexpress.fr\/monde\/europe\/une-vraie-revolution-comment-les-drones-bouleversent-le-champ-de-bataille-3444F7M5OVHC7PAWJFUOM5APOE\/\" target=\"_blank\" rel=\"noreferrer nofollow noopener\">Drones, la r\u00e9volution du champ de bataille : comment la guerre en Ukraine a tout boulevers\u00e9<\/a><\/strong><\/p>\n<p class=\"paragraph article-body-paragraph article__item   \">Eutelsat devra notamment participer au d\u00e9ploiement d\u2019IRIS\u00b2, pr\u00e9vu pour 2030. Une \u00e9ch\u00e9ance lointaine \u00e0 l\u2019\u00e9chelle d\u2019un march\u00e9 tr\u00e8s concurrentiel, o\u00f9 une myriade de start-up priv\u00e9es du New Space se <a href=\"https:\/\/www.lexpress.fr\/economie\/lanceurs-spatiaux-la-guerre-des-start-up-europeennes-est-declaree_2180669.html\" target=\"_self\" rel=\"nofollow noopener\" title=\"https:\/\/www.lexpress.fr\/economie\/lanceurs-spatiaux-la-guerre-des-start-up-europeennes-est-declaree_2180669.html\">font la guerre des \u00e9toiles<\/a>, SpaceX en t\u00eate. Dans une logique d\u2019industrialisation de l\u2019espace, celles-ci misent sur des fus\u00e9es moins ch\u00e8res \u00e0 lancer et \u00e0 construire. Elles d\u00e9veloppent donc des petits lanceurs capables d\u2019envoyer des charges l\u00e9g\u00e8res en orbite basse. La cl\u00e9 de la baisse des prix r\u00e9side \u00e9galement dans l\u2019utilisation d\u2019engins r\u00e9utilisables, un exploit que r\u00e9alise d\u00e9j\u00e0 Elon Musk, mais pas l\u2019Europe. \u00ab\u00a0Le lanceur r\u00e9utilisable n\u2019a d\u2019int\u00e9r\u00eat que pour r\u00e9aliser de gros volumes de lancement, ce qui ne correspond pas aux besoins de l\u2019Europe aujourd\u2019hui\u00a0\u00bb, explique Paul Wohrer. Mais<b> <\/b>si elle veut se tailler la part du lion dans ce nouvel \u00e9cosyst\u00e8me des constellations, elle devra justement lancer de nombreux satellites vers l\u2019espace, donc s\u2019appuyer sur un lanceur r\u00e9utilisable, poursuit le chercheur.<\/p>\n<p class=\"paragraph article-body-paragraph article__item    article__text__endpicto\">Dans ce domaine, l\u2019ESA mise sur une start-up fran\u00e7aise, \u00e9galement pr\u00e9s\u00e9lectionn\u00e9e aux c\u00f4t\u00e9s de l\u2019allemand Isar Aerospace dans le concours de fus\u00e9es. Il s\u2019agit de la jeune pousse MaiaSpace, filiale d\u2019ArianeGroup, qui veut mettre au point le \u00ab\u00a0<a href=\"https:\/\/ariane.group\/transport-spatial\/maia\/\" target=\"_self\" rel=\"nofollow noopener\" title=\"https:\/\/ariane.group\/transport-spatial\/maia\/\">premier mini-lanceur r\u00e9utilisable europ\u00e9en<\/a>\u00ab\u00a0. Elle recourrait au moteur r\u00e9utilisable Prometheus, d\u00e9velopp\u00e9 par ArianeGroup pour le compte de l\u2019ESA. Comme l\u2019ont fait les Etats-Unis en s\u2019appuyant sur un acteur priv\u00e9 pour sa conqu\u00eate spatiale, l\u2019Europe pourrait trouver dans ces start-up des alli\u00e9es d\u00e9cisives pour affirmer, dans ce domaine cl\u00e9, sa souverainet\u00e9 et son autonomie.<\/p>\n<p>.<\/p>\n","protected":false},"excerpt":{"rendered":"30 mars 2025. Une fus\u00e9e s\u2019\u00e9lance dans le ciel norv\u00e9gien, oscille puis pique du nez, avant de plonger&hellip;\n","protected":false},"author":2,"featured_media":326380,"comment_status":"","ping_status":"","sticky":false,"template":"","format":"standard","meta":{"footnotes":""},"categories":[1586],"tags":[11,33,1777,674,1011,27,12,25],"class_list":{"0":"post-326379","1":"post","2":"type-post","3":"status-publish","4":"format-standard","5":"has-post-thumbnail","7":"category-europe","8":"tag-actualites","9":"tag-economie","10":"tag-eu","11":"tag-europe","12":"tag-fr","13":"tag-france","14":"tag-news","15":"tag-republique-francaise"},"share_on_mastodon":{"url":"https:\/\/pubeurope.com\/@fr\/115048207027851404","error":""},"_links":{"self":[{"href":"https:\/\/www.europesays.com\/fr\/wp-json\/wp\/v2\/posts\/326379","targetHints":{"allow":["GET"]}}],"collection":[{"href":"https:\/\/www.europesays.com\/fr\/wp-json\/wp\/v2\/posts"}],"about":[{"href":"https:\/\/www.europesays.com\/fr\/wp-json\/wp\/v2\/types\/post"}],"author":[{"embeddable":true,"href":"https:\/\/www.europesays.com\/fr\/wp-json\/wp\/v2\/users\/2"}],"replies":[{"embeddable":true,"href":"https:\/\/www.europesays.com\/fr\/wp-json\/wp\/v2\/comments?post=326379"}],"version-history":[{"count":0,"href":"https:\/\/www.europesays.com\/fr\/wp-json\/wp\/v2\/posts\/326379\/revisions"}],"wp:featuredmedia":[{"embeddable":true,"href":"https:\/\/www.europesays.com\/fr\/wp-json\/wp\/v2\/media\/326380"}],"wp:attachment":[{"href":"https:\/\/www.europesays.com\/fr\/wp-json\/wp\/v2\/media?parent=326379"}],"wp:term":[{"taxonomy":"category","embeddable":true,"href":"https:\/\/www.europesays.com\/fr\/wp-json\/wp\/v2\/categories?post=326379"},{"taxonomy":"post_tag","embeddable":true,"href":"https:\/\/www.europesays.com\/fr\/wp-json\/wp\/v2\/tags?post=326379"}],"curies":[{"name":"wp","href":"https:\/\/api.w.org\/{rel}","templated":true}]}}