{"id":326381,"date":"2025-08-18T05:51:13","date_gmt":"2025-08-18T05:51:13","guid":{"rendered":"https:\/\/www.europesays.com\/fr\/326381\/"},"modified":"2025-08-18T05:51:13","modified_gmt":"2025-08-18T05:51:13","slug":"le-patrimoine-deu-au-magasin-emeraude","status":"publish","type":"post","link":"https:\/\/www.europesays.com\/fr\/326381\/","title":{"rendered":"le patrimoine d&rsquo;Eu au magasin \u00c9meraude"},"content":{"rendered":"<p>            Par<br \/>\n        <strong><br \/>\n            <a href=\"https:\/\/actu.fr\/auteur\/jerome-buresi\" title=\"Consulter tous les articles de J\u00e9r\u00f4me Buresi\" rel=\"nofollow noopener\" target=\"_blank\">J\u00e9r\u00f4me Buresi<\/a><br \/>\n        <\/strong><\/p>\n<p>        Publi\u00e9 le<\/p>\n<p>            18 ao\u00fbt 2025 \u00e0 7h30        <\/p>\n<p data-end=\"440\">\u00c0 <a href=\"https:\/\/actu.fr\/normandie\/eu_76255\" rel=\"nofollow noopener\" target=\"_blank\">Eu<\/a> (<b>Seine-Maritime<\/b>), le <b>ch\u00e2teau<\/b>, la <b>coll\u00e9giale<\/b> et la <b>chapelle du coll\u00e8ge<\/b> s\u2019affichent d\u00e9sormais sur des m\u00e9dailles souvenirs, en vente au magasin \u00c9meraude, rue Paul-Bignon. Un morceau de cit\u00e9 royale \u00e0 emporter chez soi.<\/p>\n<p data-end=\"518\" class=\" wall-content\"><b>Corinne Lelong<\/b>, la propri\u00e9taire, raconte : \u00ab Des touristes me disaient qu\u2019il \u00e9tait dommage de ne pas trouver de m\u00e9dailles souvenirs dans la ville, au regard de tout le patrimoine que nous avons \u00bb.<\/p>\n<p data-end=\"518\" class=\" wall-content\">Instantan\u00e9ment, cela a fait tilt chez la commer\u00e7ante. \u00ab\u00a0Je me suis renseign\u00e9e et, effectivement, personne ne proposait ce type de souvenirs.\u00a0\u00bb\u00a0<\/p>\n<p data-end=\"518\" class=\" wall-content\">En deux coups de cuill\u00e8re \u00e0 pot, elle a alors demand\u00e9 les autorisations pour l\u2019utilisation des images des monuments et du blason de la ville.<\/p>\n<p>En boutique ou au distributeur<br \/>\n    <img   decoding=\"async\" loading=\"lazy\" class=\"size-large\" src=\"https:\/\/www.europesays.com\/fr\/wp-content\/uploads\/2025\/08\/d8e1a415ad986ece1a415ad98c0f1av-960x640.jpg\" alt=\"Eu medailles souvenirs emeraude\" width=\"960\" height=\"640\"\/><br \/>\n    Des m\u00e9dailles \u00e9galement disponibles dans le magasin.\u00a0 \u00a9L\u2019Informateur d\u2019Eu\u00a0Vid\u00e9os : en ce moment sur Actu<\/p>\n<p data-end=\"518\" class=\" wall-content\">Corinne Lelong s\u2019est ensuite tourn\u00e9e vers la soci\u00e9t\u00e9 l\u2019<b>Atelier des Tr\u00e9sors<\/b>. Celle-ci, bas\u00e9e \u00e0 <b>Ceyrat<\/b>, dans le d\u00e9partement du Puy-de-D\u00f4me, est sp\u00e9cialis\u00e9e dans la fabrication des m\u00e9dailles souvenirs, personnalisables. Elle fournit aussi des distributeurs de m\u00e9dailles m\u00e9caniques. \u00ab Nous avons fait fabriquer 600\u00a0pi\u00e8ces de chaque mod\u00e8le\u00a0\u00bb,\u00a0pr\u00e9cise-t-elle.<\/p>\n<p data-end=\"518\" class=\" wall-content\">Ces m\u00e9dailles sont disponibles pour le prix de 2\u00a0euros l\u2019unit\u00e9, via un <b>distributeur<\/b> install\u00e9 devant le magasin \u2013 un second est pr\u00e9vu \u2013 ou directement en boutique\u2026<\/p>\n<p data-end=\"518\" class=\" wall-content\">Une centaine a d\u00e9j\u00e0 trouv\u00e9 preneur. \u00ab Ce sont les touristes qui m\u2019en ont parl\u00e9, mais finalement ce sont beaucoup de locaux, fiers de leur patrimoine, qui les ach\u00e8tent pour l\u2019instant \u00bb, explique Corinne Lelong en souriant.<\/p>\n<p data-end=\"518\" class=\" wall-content\">La commer\u00e7ante esp\u00e8re que le dispositif se fera rapidement conna\u00eetre.<\/p>\n<p data-end=\"518\" class=\" wall-content\">La boutique \u00c9meraude est arriv\u00e9e dans la rue Paul-Bignon, il y a sept ans, et propose des bijoux fantaisie, des sacs et accessoires.<\/p>\n<p>Le magasin est situ\u00e9 10 rue Paul-Bignon. Il est ouvert du mardi au samedi de 9 h 30 \u00e0 19 h.<\/p>\n<p class=\" wall-content\">Suivez toute l\u2019actualit\u00e9 de vos villes et m\u00e9dias favoris en vous inscrivant \u00e0 <a href=\"https:\/\/moncompte.actu.fr\" title=\"D\u00e9couvez Mon Actu\" rel=\"nofollow noopener\" data-trk=\"{&quot;cta&quot;:{&quot;action&quot;:&quot;https:\\\/\\\/moncompte.actu.fr&quot;,&quot;category&quot;:&quot;mon compte&quot;,&quot;from&quot;:&quot;article footer&quot;,&quot;name&quot;:&quot;Mon actu&quot;,&quot;type&quot;:&quot;cta&quot;}}\" target=\"_blank\">Mon Actu<\/a>.<\/p>\n","protected":false},"excerpt":{"rendered":"Par J\u00e9r\u00f4me Buresi Publi\u00e9 le 18 ao\u00fbt 2025 \u00e0 7h30 \u00c0 Eu (Seine-Maritime), le ch\u00e2teau, la coll\u00e9giale et&hellip;\n","protected":false},"author":2,"featured_media":326382,"comment_status":"","ping_status":"","sticky":false,"template":"","format":"standard","meta":{"footnotes":""},"categories":[1586],"tags":[11,1777,674,1779,1011,27,12,2551,25,104,602,1778,364,3587],"class_list":{"0":"post-326381","1":"post","2":"type-post","3":"status-publish","4":"format-standard","5":"has-post-thumbnail","7":"category-europe","8":"tag-actualites","9":"tag-eu","10":"tag-europe","11":"tag-european-union","12":"tag-fr","13":"tag-france","14":"tag-news","15":"tag-patrimoine","16":"tag-republique-francaise","17":"tag-societe","18":"tag-tourisme","19":"tag-ue","20":"tag-union-europeenne","21":"tag-villes-soeurs"},"share_on_mastodon":{"url":"","error":""},"_links":{"self":[{"href":"https:\/\/www.europesays.com\/fr\/wp-json\/wp\/v2\/posts\/326381","targetHints":{"allow":["GET"]}}],"collection":[{"href":"https:\/\/www.europesays.com\/fr\/wp-json\/wp\/v2\/posts"}],"about":[{"href":"https:\/\/www.europesays.com\/fr\/wp-json\/wp\/v2\/types\/post"}],"author":[{"embeddable":true,"href":"https:\/\/www.europesays.com\/fr\/wp-json\/wp\/v2\/users\/2"}],"replies":[{"embeddable":true,"href":"https:\/\/www.europesays.com\/fr\/wp-json\/wp\/v2\/comments?post=326381"}],"version-history":[{"count":0,"href":"https:\/\/www.europesays.com\/fr\/wp-json\/wp\/v2\/posts\/326381\/revisions"}],"wp:featuredmedia":[{"embeddable":true,"href":"https:\/\/www.europesays.com\/fr\/wp-json\/wp\/v2\/media\/326382"}],"wp:attachment":[{"href":"https:\/\/www.europesays.com\/fr\/wp-json\/wp\/v2\/media?parent=326381"}],"wp:term":[{"taxonomy":"category","embeddable":true,"href":"https:\/\/www.europesays.com\/fr\/wp-json\/wp\/v2\/categories?post=326381"},{"taxonomy":"post_tag","embeddable":true,"href":"https:\/\/www.europesays.com\/fr\/wp-json\/wp\/v2\/tags?post=326381"}],"curies":[{"name":"wp","href":"https:\/\/api.w.org\/{rel}","templated":true}]}}