{"id":326383,"date":"2025-08-18T05:52:11","date_gmt":"2025-08-18T05:52:11","guid":{"rendered":"https:\/\/www.europesays.com\/fr\/326383\/"},"modified":"2025-08-18T05:52:11","modified_gmt":"2025-08-18T05:52:11","slug":"semaine-de-canicule-autour-de-la-mediterranee-comment-limiter-les-risques-dincendie-et-proteger-votre-sante-lorsque-la-chaleur-menace-particulierement-les-seniors","status":"publish","type":"post","link":"https:\/\/www.europesays.com\/fr\/326383\/","title":{"rendered":"Semaine de canicule autour de la M\u00e9diterran\u00e9e : comment limiter les risques d\u2019incendie et prot\u00e9ger votre sant\u00e9 lorsque la chaleur menace particuli\u00e8rement les seniors"},"content":{"rendered":"<p>Le mercure grimpe, les cigales chantent, mais l&rsquo;insouciance n&rsquo;est plus de mise. Depuis le 8 ao\u00fbt, la M\u00e9diterran\u00e9e vit au rythme d&rsquo;une canicule intense, la 51e vague de chaleur enregistr\u00e9e en France depuis 1947. Au fil des jours, les temp\u00e9ratures flirtent avec les 40\u00b0C, les terres s&rsquo;ass\u00e8chent et l&rsquo;atmosph\u00e8re se fait \u00e9touffante. Entre dangers d&rsquo;incendies grandissants et <a href=\"https:\/\/journaldesseniors.20minutes.fr\/actualite\/ou-vieillit-on-mieux-europe-pays-champions-sante-longue-duree\/\" target=\"_blank\" rel=\"noopener\">sant\u00e9 fragilis\u00e9e<\/a>, notamment pour les plus \u00e2g\u00e9s, l&rsquo;\u00e9t\u00e9 2025 impose une vigilance maximale. Voici comment s&rsquo;organiser, agir concr\u00e8tement et prot\u00e9ger ce qui nous est cher quand la chaleur attise tous les risques.<\/p>\n<p>La canicule frappe la M\u00e9diterran\u00e9e : adoptez les bons r\u00e9flexes pour \u00e9viter le pire<br \/>\nPr\u00e9venir les d\u00e9parts de feu : chaque geste compte face aux flammes<\/p>\n<p>Un simple m\u00e9got mal \u00e9teint, une \u00e9tincelle sur un chemin sec\u2026 il suffit de peu pour transformer un apr\u00e8s-midi paisible en cauchemar. <strong>Le risque d&rsquo;incendie atteint des niveaux tr\u00e8s \u00e9lev\u00e9s en ce mois d&rsquo;ao\u00fbt : le Vaucluse, la Gironde, le Sud-Ouest, le Var, l&rsquo;Aude ou encore les Bouches-du-Rh\u00f4ne sont en alerte maximale.<\/strong> La chaleur et la s\u00e9cheresse prolong\u00e9es font grimper la menace, rendant chaque geste du quotidien crucial pour pr\u00e9server les for\u00eats, les villages, et les vies.<\/p>\n<p> \u00c9viter les activit\u00e9s \u00e0 risque et renforcer la surveillance en zone sensible<\/p>\n<p>Durant une p\u00e9riode de canicule, <strong>il ne faut en aucun cas utiliser des appareils produisant des \u00e9tincelles<\/strong> (d\u00e9broussailleuses, tron\u00e7onneuses, barbecue au charbon) en plein air, surtout \u00e0 proximit\u00e9 des bois, pin\u00e8des et garrigues. <strong>Il est formellement interdit de jeter des m\u00e9gots<\/strong>, m\u00eame \u00e9teints, sur le sol. Les feux de camp et barbecues sauvages sont proscrits. Le moindre rel\u00e2chement peut suffire \u00e0 d\u00e9clencher un incendie difficile \u00e0 ma\u00eetriser.<\/p>\n<p>La pr\u00e9sence de vigies, le recours \u00e0 la surveillance citoyenne (voisins, promeneurs pr\u00e9venus), et le strict respect des consignes locales sont plus que jamais n\u00e9cessaires. Gardez \u00e0 l&rsquo;esprit que <strong>pr\u00e9venir un d\u00e9part d&rsquo;incendie<\/strong>, c&rsquo;est \u00e9viter un d\u00e9sastre environnemental, naturel et humain souvent irr\u00e9versible.<\/p>\n<p> Entretenir et s\u00e9curiser son environnement pour stopper le feu avant qu&rsquo;il ne prenne<\/p>\n<p>Si vous vivez ou s\u00e9journez pr\u00e8s de zones bois\u00e9es, <strong>l&rsquo;entretien de votre terrain est capital<\/strong>. D\u00e9broussaillez r\u00e9guli\u00e8rement les abords de la maison, \u00e9liminez feuilles mortes, branchages et herbes s\u00e8ches. Maintenez une zone d\u00e9pourvue de v\u00e9g\u00e9tation combustible sur plusieurs m\u00e8tres autour des habitations. <strong>Stockez le bois et les mat\u00e9riaux inflammables loin de toute construction<\/strong>. Les collectivit\u00e9s rappellent que ces mesures, obligatoires dans de nombreuses communes, ralentissent la progression d&rsquo;un feu et prot\u00e8gent les biens comme les habitants.<\/p>\n<p>Un \u00e9l\u00e9ment essentiel : <strong>en cas de d\u00e9part de feu ou de fum\u00e9e suspecte, l&rsquo;alerte doit \u00eatre donn\u00e9e imm\u00e9diatement en composant le 112 ou le 18<\/strong>. La r\u00e9activit\u00e9 et la clart\u00e9 du signalement peuvent sauver des hectares de v\u00e9g\u00e9tation\u2026 et des vies humaines.<\/p>\n<p>Se prot\u00e9ger de la chaleur extr\u00eame : des solutions concr\u00e8tes pour rester en s\u00e9curit\u00e9<\/p>\n<p>La canicule n&rsquo;est pas qu&rsquo;une question de malaise passager. Quand le thermom\u00e8tre d\u00e9passe 38\u00b0C pendant plusieurs jours, le risque de coups de chaleur, de d\u00e9shydratation et de complications cardiaques augmente consid\u00e9rablement \u2013 <strong>les seniors, enfants et personnes fragiles sont les plus expos\u00e9s<\/strong>. Pr\u00e9voir, s&rsquo;adapter et agir \u00e0 chaque niveau devient une routine vitale pour tous.<\/p>\n<p> Adapter ses habitudes et am\u00e9nager son logement pour gagner en fra\u00eecheur<\/p>\n<p>En p\u00e9riode de forte chaleur, chaque d\u00e9tail compte pour pr\u00e9server votre confort :<\/p>\n<ul>\n<li><strong>Gardez portes et fen\u00eatres ferm\u00e9es<\/strong> toute la journ\u00e9e ; n&rsquo;a\u00e9rez qu&rsquo;en soir\u00e9e ou la nuit pour ne pas laisser entrer la chaleur.<\/li>\n<li><strong>Laissez les volets ferm\u00e9s ou utilisez des stores<\/strong> pour filtrer le rayonnement solaire.<\/li>\n<li><strong>Disposez des linges humides devant les fen\u00eatres<\/strong> en journ\u00e9e, utilisez des brumiseurs d&rsquo;eau ou ventilateurs judicieusement (sans aggraver la d\u00e9shydratation).<\/li>\n<li><strong>Buvez tr\u00e8s r\u00e9guli\u00e8rement<\/strong> : privil\u00e9giez l&rsquo;eau, 1 \u00e0 2 litres quotidiens par adulte, m\u00eame sans sensation de soif.<\/li>\n<li><strong>\u00c9vitez les efforts physiques<\/strong> aux heures les plus chaudes, particuli\u00e8rement entre 12h et 18h.<\/li>\n<li><strong>Pr\u00e9f\u00e9rez une alimentation l\u00e9g\u00e8re<\/strong> : crudit\u00e9s, fruits de saison, plats froids.<\/li>\n<\/ul>\n<p>M\u00eame sans climatisation, <strong>ces petits gestes diminuent la temp\u00e9rature int\u00e9rieure de plusieurs degr\u00e9s<\/strong> et font toute la diff\u00e9rence pour supporter l&rsquo;intensit\u00e9 de la chaleur.<\/p>\n<p>Prendre soin des seniors, les plus vuln\u00e9rables face aux fortes temp\u00e9ratures<\/p>\n<p>Avec l&rsquo;\u00e2ge, <strong>le corps r\u00e9siste moins bien \u00e0 la d\u00e9shydratation et \u00e0 la chaleur extr\u00eame<\/strong>. Certains troubles (probl\u00e8mes cardiaques, prise de m\u00e9dicaments diur\u00e9tiques) et la diminution de la sensation de soif augmentent encore le risque. Voici l&rsquo;essentiel \u00e0 surveiller :<\/p>\n<ul>\n<li><strong>Pas d&rsquo;isolation sociale :<\/strong> appelez, rendez visite, v\u00e9rifiez que la personne s&rsquo;hydrate correctement.<\/li>\n<li><strong>Surveillance accrue<\/strong> en cas de perte d&rsquo;app\u00e9tit, fatigue inhabituelle, confusion, chaleur excessive au domicile : ces sympt\u00f4mes sont des signes d&rsquo;alerte.<\/li>\n<li><strong>Aide \u00e0 l&rsquo;organisation du quotidien :<\/strong> livraison de courses, adaptation des horaires de sortie, accompagnement en pharmacie ou chez le m\u00e9decin si besoin.<\/li>\n<\/ul>\n<p>Le <strong>num\u00e9ro vert Canicule info service (0 800 06 66 66)<\/strong> reste actif chaque jour de 8h \u00e0 19h pour toute demande d&rsquo;information ou de conseil.<\/p>\n<p>S&rsquo;informer et agir ensemble : la cl\u00e9 d&rsquo;un \u00e9t\u00e9 sous contr\u00f4le<\/p>\n<p>Pour traverser cette p\u00e9riode caniculaire sous tension, <strong>s&rsquo;informer en temps r\u00e9el devient une bou\u00e9e de sauvetage<\/strong>. Les bulletins m\u00e9t\u00e9orologiques, les alertes pr\u00e9fectorales ou municipales et les messages d&rsquo;alerte SMS sont \u00e0 consulter quotidiennement.<\/p>\n<p> Surveiller les alertes et savoir r\u00e9agir rapidement en cas d&rsquo;incendie<\/p>\n<p>Lorsque le niveau de danger grimpe \u00e0 \u00ab \u00e9lev\u00e9 \u00bb ou \u00ab tr\u00e8s \u00e9lev\u00e9 \u00bb, <strong>toutes les activit\u00e9s \u00e0 risque doivent \u00eatre suspendues<\/strong>. \u00c9vitez les randonn\u00e9es et balades en pleine nature dans les zones foresti\u00e8res sensibles. Accordez une vigilance particuli\u00e8re \u00e0 la moindre odeur de br\u00fbl\u00e9 ou fum\u00e9e suspecte.<\/p>\n<p>En cas d&rsquo;alerte incendie ou d&rsquo;\u00e9v\u00e9nement en cours, <strong>restez \u00e0 l&rsquo;abri, suivez les consignes officielles<\/strong> et aidez vos proches \u00e0 faire de m\u00eame. En cas d&rsquo;\u00e9vacuation, pr\u00e9parez \u00e0 l&rsquo;avance eau, papiers importants, t\u00e9l\u00e9phone charg\u00e9 et trousse de premier secours pour gagner un temps pr\u00e9cieux.<\/p>\n<p> Mobiliser la solidarit\u00e9 locale pour limiter les cons\u00e9quences humaines et environnementales<\/p>\n<p>En p\u00e9riode de canicule et de feux de for\u00eat, <strong>l&rsquo;entraide entre voisins, familles et associations fait la diff\u00e9rence<\/strong>. Signalez toute personne isol\u00e9e, relayez les instructions des autorit\u00e9s locales. Les collectivit\u00e9s organisent souvent des points de fra\u00eecheur (mairies, salles municipales) et des \u00e9quipes mobiles pour venir en aide aux plus vuln\u00e9rables.<\/p>\n<p><strong>Les p\u00e9riodes de crise mettent \u00e0 l&rsquo;\u00e9preuve la coh\u00e9sion de nos territoires<\/strong> : collectivement, nous pouvons limiter les drames et prot\u00e9ger l&rsquo;environnement, le patrimoine comme le tissu social. Pr\u00e9venir, surveiller et agir sans attendre constitue une responsabilit\u00e9 partag\u00e9e aux effets imm\u00e9diats.<\/p>\n<p>S&rsquo;organiser d\u00e8s aujourd&rsquo;hui, c&rsquo;est rester ma\u00eetre de son \u00e9t\u00e9 malgr\u00e9 les menaces<\/p>\n<p>Face \u00e0 une canicule historique et \u00e0 des risques d&rsquo;incendies in\u00e9dits, la vigilance s&rsquo;impose comme la meilleure des protections. Cet \u00e9t\u00e9, sur le pourtour m\u00e9diterran\u00e9en, <strong>adopter chaque jour les bons gestes permet de pr\u00e9server la sant\u00e9 des plus fragiles et d&rsquo;\u00e9viter le pire pour notre environnement<\/strong>. La question n&rsquo;est plus de savoir si le risque existe : il est l\u00e0, bien pr\u00e9sent et amplifi\u00e9 par les conditions m\u00e9t\u00e9orologiques exceptionnelles de 2025. Mais c&rsquo;est collectivement, en s&rsquo;informant et en agissant avec rigueur, que chacun peut garder la main sur son quotidien.<\/p>\n<p>Ces \u00e9preuves nous rappellent l&rsquo;importance cruciale de notre capacit\u00e9 d&rsquo;adaptation face \u00e0 une r\u00e9alit\u00e9 climatique de plus en plus extr\u00eame. L&rsquo;enjeu actuel est de concilier plaisir estival, s\u00e9curit\u00e9 et solidarit\u00e9 face aux bouleversements du climat, un d\u00e9fi que nous devons relever ensemble.<\/p>\n","protected":false},"excerpt":{"rendered":"Le mercure grimpe, les cigales chantent, mais l&rsquo;insouciance n&rsquo;est plus de mise. Depuis le 8 ao\u00fbt, la M\u00e9diterran\u00e9e&hellip;\n","protected":false},"author":2,"featured_media":326384,"comment_status":"","ping_status":"","sticky":false,"template":"","format":"standard","meta":{"footnotes":""},"categories":[2],"tags":[11,1011,27,2487,12,56,25,5426],"class_list":{"0":"post-326383","1":"post","2":"type-post","3":"status-publish","4":"format-standard","5":"has-post-thumbnail","7":"category-actualites","8":"tag-actualites","9":"tag-fr","10":"tag-france","11":"tag-meteo","12":"tag-news","13":"tag-push","14":"tag-republique-francaise","15":"tag-temps"},"share_on_mastodon":{"url":"https:\/\/pubeurope.com\/@fr\/115048214960845944","error":""},"_links":{"self":[{"href":"https:\/\/www.europesays.com\/fr\/wp-json\/wp\/v2\/posts\/326383","targetHints":{"allow":["GET"]}}],"collection":[{"href":"https:\/\/www.europesays.com\/fr\/wp-json\/wp\/v2\/posts"}],"about":[{"href":"https:\/\/www.europesays.com\/fr\/wp-json\/wp\/v2\/types\/post"}],"author":[{"embeddable":true,"href":"https:\/\/www.europesays.com\/fr\/wp-json\/wp\/v2\/users\/2"}],"replies":[{"embeddable":true,"href":"https:\/\/www.europesays.com\/fr\/wp-json\/wp\/v2\/comments?post=326383"}],"version-history":[{"count":0,"href":"https:\/\/www.europesays.com\/fr\/wp-json\/wp\/v2\/posts\/326383\/revisions"}],"wp:featuredmedia":[{"embeddable":true,"href":"https:\/\/www.europesays.com\/fr\/wp-json\/wp\/v2\/media\/326384"}],"wp:attachment":[{"href":"https:\/\/www.europesays.com\/fr\/wp-json\/wp\/v2\/media?parent=326383"}],"wp:term":[{"taxonomy":"category","embeddable":true,"href":"https:\/\/www.europesays.com\/fr\/wp-json\/wp\/v2\/categories?post=326383"},{"taxonomy":"post_tag","embeddable":true,"href":"https:\/\/www.europesays.com\/fr\/wp-json\/wp\/v2\/tags?post=326383"}],"curies":[{"name":"wp","href":"https:\/\/api.w.org\/{rel}","templated":true}]}}