{"id":326390,"date":"2025-08-18T05:57:10","date_gmt":"2025-08-18T05:57:10","guid":{"rendered":"https:\/\/www.europesays.com\/fr\/326390\/"},"modified":"2025-08-18T05:57:10","modified_gmt":"2025-08-18T05:57:10","slug":"a-la-decouverte-du-monde-de-nikoloz-narmania-le-nouveau-pilier-du-rct","status":"publish","type":"post","link":"https:\/\/www.europesays.com\/fr\/326390\/","title":{"rendered":"\u00c0 la d\u00e9couverte du monde de Nikoloz Narmania, le nouveau pilier du RCT"},"content":{"rendered":"<p>Curiosit\u00e9 du recrutement toulonnais, Nikoloz Narmania (24 ans) est de ces joueurs \u00e0 la trajectoire singuli\u00e8re. \u00ab\u00a0C\u2019est s\u00fbr que j\u2019ai un parcours atypique\u00a0\u00bb, se marre le natif de\u2026 Moscou!<\/p>\n<p>Car s\u2019il est pr\u00e9sent\u00e9 (\u00e0 juste titre) comme un pilier g\u00e9orgien, c\u2019est bien dans la capitale russe que \u00ab\u00a0Naro\u00a0\u00bb a pouss\u00e9 ses premiers cris, le 13 septembre 2000.<\/p>\n<p>\u00ab\u00a0En 1992, alors qu\u2019il y avait la guerre en G\u00e9orgie, mes parents n\u2019ont eu d\u2019autre choix que de quitter le pays. Ils avaient des amis en Russie, alors ils ont d\u00e9cid\u00e9 de s\u2019installer \u00e0 Moscou.\u00a0\u00bb <\/p>\n<p>Huit ans plus tard, Irakli et Maia (d\u00e9sormais \u00e2g\u00e9s de 47 ans) donnent naissance au premier de leurs quatre enfants: le petit Nikoloz.<\/p>\n<p>\u00ab\u00a0\u00c0 Moscou, mon papa avait un garage automobile et ma m\u00e8re \u00e9tait coiffeuse. J\u2019ai peu de souvenirs, si ce n\u2019est que la ville \u00e9tait g\u00e9ante.\u00a0\u00bb Des souvenirs \u00ab\u00a0plut\u00f4t heureux\u00a0\u00bb mais assez brefs.<\/p>\n<p>Alors qu\u2019il n\u2019a que 6 ans, ses parents rebroussent chemin: direction Tbilissi.<\/p>\n<p>\u00ab\u00a0Mon p\u00e8re aurait aim\u00e9 que je fasse du lancer de disque\u00a0\u00bb<\/p>\n<p>\u00ab\u00a0Ils auraient aim\u00e9 revenir plus t\u00f4t, mais dans les ann\u00e9es 90 la situation de la G\u00e9orgie n\u2019\u00e9tait pas stable, personne ne mangeait \u00e0 sa faim. Et ce n\u2019est qu\u2019en 2006 qu\u2019ils ont retrouv\u00e9 la G\u00e9orgie de leur enfance. Un pays o\u00f9 il fait bon vivre, o\u00f9 les gens sont g\u00e9n\u00e9reux, accueillants. On venait pour les vacances, et finalement on n\u2019est jamais repartis.\u00a0\u00bb <\/p>\n<p>De retour aupr\u00e8s de leur famille, les Narmania investissent dans un appartement en plein c\u0153ur de Tbilissi, \u00ab\u00a0achet\u00e9 gr\u00e2ce \u00e0 l\u2019argent que mes parents avaient \u00e9conomis\u00e9 en Russie. Bon, il fallait tout refaire, alors au d\u00e9but on dormait sur le sol, c\u2019\u00e9tait rigolo. Le seul d\u00e9faut de cet appartement, c\u2019est qu\u2019il \u00e9tait au 14 \u00e9tage\u00a0\u00bb, se marre le solide droitier (1,85m, 122kg).<\/p>\n<p>Et quelques semaines seulement apr\u00e8s leur d\u00e9m\u00e9nagement, Maia (devenue esth\u00e9ticienne) et Irakli (qui a mont\u00e9 son entreprise pour \u00e9caler des noisettes) inscrivent leur a\u00een\u00e9 au rugby.<\/p>\n<p>\u00ab\u00a0J\u2019\u00e9tais hyperactif, alors mes parents m\u2019ont fait essayer la lutte, le judo, le water-polo. Mon p\u00e8re aurait aim\u00e9 que je fasse du lancer de disque comme lui, mais seul le rugby est parvenu \u00e0 me canaliser.\u00a0\u00bb <\/p>\n<p>Ce qu\u2019il aime dans ce sport? \u00ab\u00a0Quand je regardais les pros, je me disais \u201ca, c\u2019est de vrais hommes, des guerriers. Je veux \u00eatre comme eux\u00a0\u00bb.\u00a0\u00bb<\/p>\n<p> Et plus pr\u00e9cis\u00e9ment \u00ab\u00a0comme Mamuka Gorgodze\u00a0\u00bb, [son] \u00ab\u00a0idole\u00a0\u00bb. \u00ab\u00a0En m\u00eame temps, comment pouvait-il en \u00eatre autrement (rires)?\u00a0\u00bb D\u00e8s lors, \u00ab\u00a0Naro\u00a0\u00bb n\u2019entretient qu\u2019un seul r\u00eave: \u00ab\u00a0jouer en Top 14\u00a0\u00bb.<\/p>\n<p>Un objectif qui le m\u00e8ne de Raindebi, son club de quartier (de ses 6 \u00e0 ses 13 ans), jusqu\u2019\u00e0 Tsikara (13-15 ans), puis Samta (15-16 ans), avant de rejoindre \u00e0 16 ans l\u2019acad\u00e9mie d\u2019Armazi, club qui \u00e9volue en premi\u00e8re division, et au sein duquel il fait ses d\u00e9buts en \u00e9quipe une quelques jours seulement apr\u00e8s ses 18 ans.<\/p>\n<p>\u00ab\u00a0Je ne parlais pas un seul mot de fran\u00e7ais\u00a0\u00bb<\/p>\n<p>\u00ab\u00a0Mais si je voulais me d\u00e9marquer, jouer en premi\u00e8re division ne suffisait pas: il fallait que je sois appel\u00e9 en s\u00e9lections jeunes.\u00a0\u00bb Ce qu\u2019il parvient \u00e0 faire d\u00e8s 2019, quand int\u00e8gre la s\u00e9lection U19 puis U20g\u00e9orgienne.<\/p>\n<p>Et s\u2019il ne peut se mettre en lumi\u00e8re lors du mondial U20 2020 (annul\u00e9 \u00e0 cause de la Covid), Nikoloz Narmania profite d\u2019un amical face \u00e0 l\u2019Afrique du Sud pour se montrer.<\/p>\n<p>Quelques heures plus tard, il re\u00e7oit un coup de fil venu de France. Et plus pr\u00e9cis\u00e9ment de Carcassonne, qu\u2019il rejoint \u00e0 l\u2019aube de la saison 2020-2021.<\/p>\n<p>La marche la plus importante de son ascension vers le Top 14. Mais aussi un v\u00e9ritable d\u00e9fi pour un m\u00f4me de 19 ans, envoy\u00e9 \u00e0 4.500km de ses amis, de sa famille, de son quotidien. \u00ab\u00a0C\u2019\u00e9tait loin, je ne parlais pas un seul mot de fran\u00e7ais, je ne comprenais rien dans les magasins\u2026 Si on ajoute qu\u2019on \u00e9tait en 2020, que les stades \u00e9taient \u00e0 huis clos, que je jouais en Espoirs et que le chemin vers l\u2019\u00e9quipe pro me semblait interminable\u2026 C\u2019\u00e9tait vraiment compliqu\u00e9 au d\u00e9but.\u00a0\u00bb Mais comme toujours, le temps finit par faire son effet.<\/p>\n<p>D\u2019abord, pour ce qui est de la communication, \u00ab\u00a0Naro\u00a0\u00bb (d\u00e9sormais compl\u00e8tement bilingue) parvient \u00e0 ma\u00eetriser les rudiments du fran\u00e7ais apr\u00e8s seulement quatre-cinq mois dans l\u2019Hexagone.<\/p>\n<p>Mais surtout, apr\u00e8s des mois \u00e0 ferrailler avec les Espoirs, Nikoloz Narmania touche (enfin) du doigt le monde professionnel, en faisant sa premi\u00e8re apparition en \u00e9quipe une le 13 janvier 2023.<\/p>\n<p>En passe de r\u00e9aliser son \u00ab\u00a0r\u00eave de gosse\u00a0\u00bb<\/p>\n<p>Et comme tester \u00ab\u00a0Naro\u00a0\u00bb c\u2019est l\u2019adopter, le G\u00e9orgien devient finalement titulaire avec Carcassonne en 2023-2024. Une saison pleine en Nationale plus tard, le solide G\u00e9orgien est appel\u00e9 par Biarritz (2024-2025), puis finit par rejoindre Toulon en juin dernier.<\/p>\n<p>Nikoloz Narmania n\u2019a donc pas eu le parcours d\u2019un surdou\u00e9 propuls\u00e9 sur le devant de la sc\u00e8ne \u00e0 18 ou 19 ans, bien au contraire. Mais en croyant en sa destin\u00e9e, et en s\u2019accrochant \u00e0 son profond d\u00e9sir de rugby professionnel, celui qui soufflera bient\u00f4t sa 25e bougie s\u2019appr\u00eate \u00e0 r\u00e9aliser son \u00ab\u00a0r\u00eave de gosse\u00a0\u00bb: d\u00e9couvrir le Top 14.<\/p>\n<p>Une nouvelle \u00e9tape dans l\u2019odyss\u00e9e de \u00ab\u00a0Naro\u00a0\u00bb? Pas la moins sinueuse, certes, mais Nikoloz Narmania le besogneux est pr\u00eat \u00e0 relever ce nouveau d\u00e9fi. Gonfl\u00e9 \u00e0 la t\u00e9nacit\u00e9. Et convaincu que le travail et la d\u00e9termination permettent de soulever n\u2019importe quelle montagne.<\/p>\n","protected":false},"excerpt":{"rendered":"Curiosit\u00e9 du recrutement toulonnais, Nikoloz Narmania (24 ans) est de ces joueurs \u00e0 la trajectoire singuli\u00e8re. \u00ab\u00a0C\u2019est s\u00fbr&hellip;\n","protected":false},"author":2,"featured_media":326391,"comment_status":"","ping_status":"","sticky":false,"template":"","format":"standard","meta":{"footnotes":""},"categories":[1416],"tags":[1011,27,479,1468,60],"class_list":{"0":"post-326390","1":"post","2":"type-post","3":"status-publish","4":"format-standard","5":"has-post-thumbnail","7":"category-rugby","8":"tag-fr","9":"tag-france","10":"tag-rugby","11":"tag-rugby-football","12":"tag-sports"},"share_on_mastodon":{"url":"https:\/\/pubeurope.com\/@fr\/115048234562678714","error":""},"_links":{"self":[{"href":"https:\/\/www.europesays.com\/fr\/wp-json\/wp\/v2\/posts\/326390","targetHints":{"allow":["GET"]}}],"collection":[{"href":"https:\/\/www.europesays.com\/fr\/wp-json\/wp\/v2\/posts"}],"about":[{"href":"https:\/\/www.europesays.com\/fr\/wp-json\/wp\/v2\/types\/post"}],"author":[{"embeddable":true,"href":"https:\/\/www.europesays.com\/fr\/wp-json\/wp\/v2\/users\/2"}],"replies":[{"embeddable":true,"href":"https:\/\/www.europesays.com\/fr\/wp-json\/wp\/v2\/comments?post=326390"}],"version-history":[{"count":0,"href":"https:\/\/www.europesays.com\/fr\/wp-json\/wp\/v2\/posts\/326390\/revisions"}],"wp:featuredmedia":[{"embeddable":true,"href":"https:\/\/www.europesays.com\/fr\/wp-json\/wp\/v2\/media\/326391"}],"wp:attachment":[{"href":"https:\/\/www.europesays.com\/fr\/wp-json\/wp\/v2\/media?parent=326390"}],"wp:term":[{"taxonomy":"category","embeddable":true,"href":"https:\/\/www.europesays.com\/fr\/wp-json\/wp\/v2\/categories?post=326390"},{"taxonomy":"post_tag","embeddable":true,"href":"https:\/\/www.europesays.com\/fr\/wp-json\/wp\/v2\/tags?post=326390"}],"curies":[{"name":"wp","href":"https:\/\/api.w.org\/{rel}","templated":true}]}}