{"id":326392,"date":"2025-08-18T05:58:16","date_gmt":"2025-08-18T05:58:16","guid":{"rendered":"https:\/\/www.europesays.com\/fr\/326392\/"},"modified":"2025-08-18T05:58:16","modified_gmt":"2025-08-18T05:58:16","slug":"sabalenka-et-gauff-sarretent-en-quarts-zverev-rejoint-alcaraz-en-demies-a-cincinnati","status":"publish","type":"post","link":"https:\/\/www.europesays.com\/fr\/326392\/","title":{"rendered":"Sabalenka et Gauff s&rsquo;arr\u00eatent en quarts, Zverev rejoint Alcaraz en demies \u00e0 Cincinnati"},"content":{"rendered":"<p>Coco Gauff et Aryna Sabalenka, num\u00e9ro 2 et num\u00e9ro 1 mondiales, ont \u00e9t\u00e9 \u00e9limin\u00e9es ce vendredi d\u00e8s les quarts de finale. Chez les hommes, Zverev a rejoint Alcaraz dans le dernier carr\u00e9.<\/p>\n<p class=\"fig-paragraph\">Les N.1 et 2 mondiales Aryna Sabalenka et Coco Gauff ont \u00e9t\u00e9 \u00e9limin\u00e9es d\u00e8s les quarts de finale du WTA 1000 de Cincinnati vendredi, \u00e0 l&rsquo;inverse d&rsquo;Alexander Zverev et de Carlos Alcaraz qui disputeront leur premier duel de 2025 en demies. Malgr\u00e9 le gain du premier set, l&rsquo;Am\u00e9ricaine Coco Gauff s&rsquo;est inclin\u00e9e face \u00e0 l&rsquo;Italienne Jasmine Paolini (11e mondiale) 2-6, 6-4, 6-3.<\/p>\n<p class=\"fig-paragraph\">\u00abC&rsquo;\u00e9tait tr\u00e8s difficile au d\u00e9but, je courais et j&rsquo;essayais de mettre la balle dans le court, a d\u00e9clar\u00e9 Paolini. Puis j&rsquo;ai commenc\u00e9 \u00e0 mieux sentir la balle.\u00bb Titr\u00e9e \u00e0 Roland-Garros cette saison, Gauff a commis davantage d&rsquo;erreurs dans les deux derniers sets, conc\u00e9dant sa mise en jeu \u00e0 six reprises. Paolini affrontera en demies la Russe Veronika Kudermetova (36e), exp\u00e9ditive face \u00e0 la Fran\u00e7aise Varvara Gracheva (103e) 6-1, 6-2.<\/p>\n<p>                                    <a class=\"fig-a11y-skip a11y-hidden\" href=\"#fig-a11y-skip-main-inarticle\"><br \/>\n        Passer la publicit\u00e9<br \/>\n    <\/a><\/p>\n<p class=\"fig-paragraph\">Tenante du titre \u00e0 Cincinnati, la B\u00e9larusse Aryna Sabalenka s&rsquo;est \u00e9galement arr\u00eat\u00e9e en quarts, sans solutions face \u00e0 Elena Rybakina, victorieuse 6-1, 6-4. Signant notamment 11 aces, contre quatre pour Sabalenka, la Kazakhstanaise a profit\u00e9 du manque de mordant de sa rivale pour remporter le premier set rapidement, avant d&rsquo;effacer les quatre balles de break de la N.1 mondiale dans la deuxi\u00e8me manche.<\/p>\n<p class=\"fig-paragraph\">Laur\u00e9ate de Wimbledon en 2022, Rybakina affrontera en demies la N.3 mondiale Iga Swiatek, titr\u00e9e au All England Club il y a un mois. La Polonaise a nettement domin\u00e9 la Russe Anna Kalinskaya (34e), 6-3, 6-4, en quarts et s&rsquo;est d\u00e9j\u00e0 impos\u00e9e \u00e0 trois reprises face \u00e0 Rybakina cette saison.<\/p>\n<p>Zverev balaye Shelton<\/p>\n<p class=\"fig-paragraph\">Titr\u00e9 la semaine derni\u00e8re au Masters 1000 de Toronto, Ben Shelton (6e) a \u00e9t\u00e9 priv\u00e9 d&rsquo;un dixi\u00e8me match remport\u00e9 cons\u00e9cutivement par Alexander Zverev (3e). D\u00e9j\u00e0 demi-finaliste au Canada, l&rsquo;Allemand s&rsquo;est impos\u00e9 6-2, 6-2, profitant des nombreuses fautes directes de l&rsquo;Am\u00e9ricain et malgr\u00e9 une baisse physique dans le deuxi\u00e8me set.<\/p>\n<p class=\"fig-paragraph\">\u00abJe ne me sens pas tr\u00e8s bien l\u00e0, mais j&rsquo;ai une journ\u00e9e pour me remettre en forme. J&rsquo;esp\u00e8re \u00eatre \u00e0 100%\u00bb, a d\u00e9clar\u00e9 Zverev qui d\u00e9fiera en demies l&rsquo;Espagnol\u00a0<a href=\"http:\/\/www.lefigaro.fr\/sports\/tennis\/tennis-alcaraz-au-rendez-vous-des-demi-finales-a-cincinnati-20250816\" data-fig-type=\"NewsFlash\" data-gtm-custom-categorie=\"navigation\" data-gtm-custom-action=\"crossclick\" data-gtm-custom-label=\"Contextuel\" data-gtm-event=\"customEventSPE\" data-fig-domain=\"LEFIGARO\" target=\"_blank\" rel=\"noopener\">Carlos Alcaraz<\/a>.<\/p>\n<p class=\"fig-paragraph\">Le N.2 mondial a lui d\u00fb s&#8217;employer pour \u00e9carter Andrey Rublev (11e), 6-3, 4-6, 7-5. Le Russe a longtemps tenu t\u00eate \u00e0 Alcaraz, mais a craqu\u00e9 dans le dernier jeu commettant deux doubles fautes, dont une sur la balle de match, et une grosse erreur de revers.<\/p>\n<p>                                    <a class=\"fig-a11y-skip a11y-hidden\" href=\"#fig-a11y-skip-main-inarticle_mtf\"><br \/>\n        Passer la publicit\u00e9<br \/>\n    <\/a><\/p>\n<p class=\"fig-paragraph\">\u00abJ&rsquo;ai gard\u00e9 une attitude positive, m\u00eame si j&rsquo;ai un peu perdu ma concentration dans le deuxi\u00e8me set\u00bb, a reconnu le Murcien, qui compte cinq titres \u00e0 son actif cette ann\u00e9e, dont Roland-Garros et les Masters 1000 de Monte-Carlo et Rome. Zverev et Alcaraz vont s&rsquo;affronter pour la premi\u00e8re fois cette saison et l&rsquo;Allemand, vainqueur de leur derni\u00e8re opposition aux Finales ATP, m\u00e8ne 6 \u00e0 5 dans leurs confrontations.<\/p>\n<p class=\"fig-paragraph\">La premi\u00e8re demi-finale opposera samedi le Fran\u00e7ais T\u00e9rence Atmane (136e), \u00e9norme surprise du tournoi, au N.1 mondial, l&rsquo;Italien Jannik Sinner, tenant du titre.<\/p>\n","protected":false},"excerpt":{"rendered":"Coco Gauff et Aryna Sabalenka, num\u00e9ro 2 et num\u00e9ro 1 mondiales, ont \u00e9t\u00e9 \u00e9limin\u00e9es ce vendredi d\u00e8s les&hellip;\n","protected":false},"author":2,"featured_media":326393,"comment_status":"","ping_status":"","sticky":false,"template":"","format":"standard","meta":{"footnotes":""},"categories":[1415],"tags":[5827,7779,20863,1011,27,60,1467],"class_list":{"0":"post-326392","1":"post","2":"type-post","3":"status-publish","4":"format-standard","5":"has-post-thumbnail","7":"category-tennis","8":"tag-alexander-zverev","9":"tag-carlos-alcaraz","10":"tag-coco-gauff","11":"tag-fr","12":"tag-france","13":"tag-sports","14":"tag-tennis"},"share_on_mastodon":{"url":"https:\/\/pubeurope.com\/@fr\/115048238436180569","error":""},"_links":{"self":[{"href":"https:\/\/www.europesays.com\/fr\/wp-json\/wp\/v2\/posts\/326392","targetHints":{"allow":["GET"]}}],"collection":[{"href":"https:\/\/www.europesays.com\/fr\/wp-json\/wp\/v2\/posts"}],"about":[{"href":"https:\/\/www.europesays.com\/fr\/wp-json\/wp\/v2\/types\/post"}],"author":[{"embeddable":true,"href":"https:\/\/www.europesays.com\/fr\/wp-json\/wp\/v2\/users\/2"}],"replies":[{"embeddable":true,"href":"https:\/\/www.europesays.com\/fr\/wp-json\/wp\/v2\/comments?post=326392"}],"version-history":[{"count":0,"href":"https:\/\/www.europesays.com\/fr\/wp-json\/wp\/v2\/posts\/326392\/revisions"}],"wp:featuredmedia":[{"embeddable":true,"href":"https:\/\/www.europesays.com\/fr\/wp-json\/wp\/v2\/media\/326393"}],"wp:attachment":[{"href":"https:\/\/www.europesays.com\/fr\/wp-json\/wp\/v2\/media?parent=326392"}],"wp:term":[{"taxonomy":"category","embeddable":true,"href":"https:\/\/www.europesays.com\/fr\/wp-json\/wp\/v2\/categories?post=326392"},{"taxonomy":"post_tag","embeddable":true,"href":"https:\/\/www.europesays.com\/fr\/wp-json\/wp\/v2\/tags?post=326392"}],"curies":[{"name":"wp","href":"https:\/\/api.w.org\/{rel}","templated":true}]}}