{"id":326400,"date":"2025-08-18T06:03:10","date_gmt":"2025-08-18T06:03:10","guid":{"rendered":"https:\/\/www.europesays.com\/fr\/326400\/"},"modified":"2025-08-18T06:03:10","modified_gmt":"2025-08-18T06:03:10","slug":"direct-nantes-psg-ligue-1-2025-2026-en-direct-lequipe","status":"publish","type":"post","link":"https:\/\/www.europesays.com\/fr\/326400\/","title":{"rendered":"DIRECT. Nantes-PSG (Ligue 1 2025-2026) en direct &#8211; L&#039;\u00c9quipe"},"content":{"rendered":"<ol>\n<li><a href=\"https:\/\/news.google.com\/rss\/articles\/CBMilAFBVV95cUxOZnJDUEc3eVdKb3dlV2F1YkpvbWJhc3N2ZGtpN01FeTZkcDdRMzB5dWJFZHJpMUV0TnR6RDBPVUJKSHVXZ01IUllsb19CZHFtX20xRmFvbzkzLW84VDVjTjQ2UloyVWFhcWY0ZVgzcDJxMFA2NlVDdy00dFMxdEQyV0dQZWN3RU5IRTZsRGppbkVMdFlG?oc=5\" target=\"_blank\" rel=\"nofollow noopener\">DIRECT. Nantes-PSG (Ligue 1 2025-2026) en direct<\/a>&nbsp;&nbsp;L&rsquo;\u00c9quipe<\/li>\n<li><a href=\"https:\/\/news.google.com\/rss\/articles\/CBMiiwJBVV95cUxNdlNWenBHV1QySTRGeDZRYUFwMkhyb3dZOTdCYnp0Nm5SMlJuX3hUN0ZZcUl4bXNWSVdYZm5vR0ZCZm5KdTlVUXQ5aFd6NmZ6ZVRITjlIZy1TR0xCV3dXVU9Ub1dwbG1EUmd3V05nekdveDlELTV3cW9kcmEyOXhfMlB2MjMxa1VvM1IxVk5LODFIWHo0bFJFM1h3NzdzSWJhbGpQVlF0bUx3U3BkLVZCMGJCTG1yelptd2RNSkFVa0I2Q3dfazNlRWpTTV9wSXNaNVZraGl0d3AxSU1LbUFNZ0lSUkpmenIzSHJpbF9VTFlzai1sWFdMZW1ZSEViTVZEVkFiczh2alJMcEk?oc=5\" target=\"_blank\" rel=\"nofollow noopener\">\u00ab\u00a0On ne va pas se casser la t\u00eate\u00a0\u00bb : Paris, la reprise sans forcer<\/a>&nbsp;&nbsp;Eurosport<\/li>\n<li><a href=\"https:\/\/news.google.com\/rss\/articles\/CBMi0gFBVV95cUxQN3RjOW0teU1wZ3pRZ2J1YlBFUkQ0b3pkWllCcW91ejVMUW01aXI5bjRXbkYxS0hVd2dkcmxOaFpKc1V2UndTZTluTHY1Qk9uLXFZczhHdkR5SnMtSVkwT0FyTWg2UWxoTHQ2LVU2UHhLVzM1VWIteFlMUDVIMjRlY0VQcG5KX2Jhclk1aFgyRjUyWUxfcUJ5UmpSLVVqT0JTdFdjMmJ5aUR3S1VITUw2WHEwS2gxWC1WNUdER3FvZjVDT3VieVRCMnFCMWxuT3ZqTFE?oc=5\" target=\"_blank\" rel=\"nofollow noopener\">D\u00e9j\u00e0 vainqueur et pas inqui\u00e9t\u00e9 : le PSG sauv\u00e9 par l&rsquo;entr\u00e9e de ses hommes forts<\/a>&nbsp;&nbsp;L&rsquo;\u00c9quipe<\/li>\n<li><a href=\"https:\/\/news.google.com\/rss\/articles\/CBMirgFBVV95cUxPSU5VYjBCcFQ4VWVkMXZzZ3JWa0lPZ09xM2FQeDFhX1hRaFFFd2NlbHI0bnZiQUlFM3lreGNVQ2R5VGN0eVU1VWlxam5hZU12ZEZkTHpoRWE3NXhwcXN3T1lvTGh6QmNVUGpDNUYxTnlYQnU4bTFCUkpfNmc0Mms3aXRncnAxMTlDalpaNXc0NS1GVF9IUE83NGd0MUdMUlh3cVNfTC1UR1IwTUk3N2c?oc=5\" target=\"_blank\" rel=\"nofollow noopener\">Nantes : le d\u00e9rapage raciste de Kita en direct \u00e0 la t\u00e9l\u00e9vision<\/a>&nbsp;&nbsp;Foot Mercato<\/li>\n<li><a href=\"https:\/\/news.google.com\/rss\/articles\/CBMi8wFBVV95cUxNRS1SMGxZMHZGOVR2LVk5UnBVVWdPTkNYSUl5U1ZSX1FBcHVLMXVUN1I1UVBkR29yd1hSY3hIRC1RYVpYVGdKUmpKRFJnX0ZnWldpR1U2UDcxbGpuUWxsX0t2dVlaNmVXU0ZyOHVBTk9LWHJUOGtubGZiSFF4SjdnamZJUTV2ZXRyZHhOaDlzYmdYNzBfOG9CSFdPbkJSWWFVQzR0YkNkaV9DN2ZQV3RWM1JCMWdwRGpQVkxfSG9MNUhYYXR6ay1nXzRkT3dobXlCaEVBQ0syNE41QmRDTW9MTHh2dk9SeU9rQ1FiSExMZm9JS3c?oc=5\" target=\"_blank\" rel=\"nofollow noopener\">Ligue 1 : le PSG assure une courte victoire \u00e0 Nantes, Olivier Giroud marque mais Lille conc\u00e8de le nul<\/a>&nbsp;&nbsp;Le Monde.fr<\/li>\n<\/ol>\n","protected":false},"excerpt":{"rendered":"DIRECT. Nantes-PSG (Ligue 1 2025-2026) en direct&nbsp;&nbsp;L&rsquo;\u00c9quipe \u00ab\u00a0On ne va pas se casser la t\u00eate\u00a0\u00bb : Paris, la&hellip;\n","protected":false},"author":2,"featured_media":326401,"comment_status":"","ping_status":"","sticky":false,"template":"","format":"standard","meta":{"footnotes":""},"categories":[1410],"tags":[63,1011,27,60],"class_list":{"0":"post-326400","1":"post","2":"type-post","3":"status-publish","4":"format-standard","5":"has-post-thumbnail","7":"category-football","8":"tag-football","9":"tag-fr","10":"tag-france","11":"tag-sports"},"share_on_mastodon":{"url":"https:\/\/pubeurope.com\/@fr\/115048258202792565","error":""},"_links":{"self":[{"href":"https:\/\/www.europesays.com\/fr\/wp-json\/wp\/v2\/posts\/326400","targetHints":{"allow":["GET"]}}],"collection":[{"href":"https:\/\/www.europesays.com\/fr\/wp-json\/wp\/v2\/posts"}],"about":[{"href":"https:\/\/www.europesays.com\/fr\/wp-json\/wp\/v2\/types\/post"}],"author":[{"embeddable":true,"href":"https:\/\/www.europesays.com\/fr\/wp-json\/wp\/v2\/users\/2"}],"replies":[{"embeddable":true,"href":"https:\/\/www.europesays.com\/fr\/wp-json\/wp\/v2\/comments?post=326400"}],"version-history":[{"count":0,"href":"https:\/\/www.europesays.com\/fr\/wp-json\/wp\/v2\/posts\/326400\/revisions"}],"wp:featuredmedia":[{"embeddable":true,"href":"https:\/\/www.europesays.com\/fr\/wp-json\/wp\/v2\/media\/326401"}],"wp:attachment":[{"href":"https:\/\/www.europesays.com\/fr\/wp-json\/wp\/v2\/media?parent=326400"}],"wp:term":[{"taxonomy":"category","embeddable":true,"href":"https:\/\/www.europesays.com\/fr\/wp-json\/wp\/v2\/categories?post=326400"},{"taxonomy":"post_tag","embeddable":true,"href":"https:\/\/www.europesays.com\/fr\/wp-json\/wp\/v2\/tags?post=326400"}],"curies":[{"name":"wp","href":"https:\/\/api.w.org\/{rel}","templated":true}]}}