{"id":326402,"date":"2025-08-18T06:04:11","date_gmt":"2025-08-18T06:04:11","guid":{"rendered":"https:\/\/www.europesays.com\/fr\/326402\/"},"modified":"2025-08-18T06:04:11","modified_gmt":"2025-08-18T06:04:11","slug":"il-a-une-vie-tres-confortable","status":"publish","type":"post","link":"https:\/\/www.europesays.com\/fr\/326402\/","title":{"rendered":"Il a une vie tr\u00e8s confortable"},"content":{"rendered":"<p>Michel-Edouard Leclerc a marqu\u00e9 les esprits depuis qu\u2019il est \u00e0<br \/>\nla t\u00eate de l\u2019empire familial. Depuis qu\u2019il a rejoint les rangs de<br \/>\nE.Leclerc, le businessman a su insuffler une \u00e9nergie nouvelle \u00e0<br \/>\nl\u2019entreprise. Sous son impulsion, l\u2019enseigne s\u2019est diversifi\u00e9e,<br \/>\nlan\u00e7ant des services innovants comme les voyages ou encore la<br \/>\nbijouterie. Et ce, tout en gardant la philosophie qui fait le<br \/>\nsucc\u00e8s de l\u2019entreprise, celle du bas prix. Une nouvelle \u00e9nergie qui<br \/>\nlui a permis d\u2019\u00eatre \u00e9lu patron pr\u00e9f\u00e9r\u00e9 des Fran\u00e7ais en 2021 par le<br \/>\nmagazine Forbes. Mais en plus d\u2019\u00eatre un grand homme d\u00a0\u00bbaffaires, le<br \/>\nseptuag\u00e9naire est \u00e9galement un homme tr\u00e8s engag\u00e9.<\/p>\n<p>Un engagement culturel non n\u00e9gligeable<\/p>\n<p>Michel-Edouard Leclerc est un adepte des plateaux de t\u00e9l\u00e9vision.<br \/>\nEn effet, <a href=\"https:\/\/www.melty.fr\/divers\/le-patron-de-leclerc-annonce-une-mauvaise-nouvelle-les-francais-bientot-confrontes-a-de-nouvelles-hausses-2227470.html\" rel=\"nofollow noopener\" target=\"_blank\"><br \/>\nce dernier ne manque pas une occasion de s\u2019exprimer sur un sujet<br \/>\npr\u00e9cis<\/a>. D\u2019ailleurs, lors de son passage sur le plateau de<br \/>\nfranceinfo, ce dernier n\u2019avait pas manqu\u00e9 de revenir sur le<br \/>\nlancement depuis de nombreuses ann\u00e9es du <strong>Fonds H\u00e9l\u00e8ne &amp;<br \/>\n\u00c9douard Leclerc pour la culture (FHEL)<\/strong>. Un projet mis sur<br \/>\npied avec pour objectif de soutenir et promouvoir les initiatives<br \/>\nculturelles collectives. Et ce, afin de mieux faire conna\u00eetre, mais<br \/>\naussi diffuser la cr\u00e9ation contemporaine aupr\u00e8s du grand<br \/>\npublic.<\/p>\n<p>Pour montrer son engagement, <strong>Michel-Edouard Leclerc a<br \/>\ncr\u00e9\u00e9 une exposition de grande envergure<\/strong>. En plus de cela,<br \/>\nle patron de l\u2019entreprise E. Leclerc a mis \u00e0 disposition des<br \/>\nFran\u00e7ais le manoir familial. \u201cCe lieu que j\u2019aime, et que j\u2019ai<br \/>\nenvie de prot\u00e9ger, pourrait devenir un parc de sculptures ouvert au<br \/>\npublic, qui ferait le lien entre nature et culture\u201d,<br \/>\nconfiait-il dans les colonnes du Point de vue. Avant d\u2019ajouter :<br \/>\n\u201c<strong>Bon nombre de collectionneurs et d\u2019institutions<br \/>\nposs\u00e8dent des \u0153uvres qu\u2019elles ne peuvent exposer faute de<br \/>\nplace.<\/strong> Nous les accueillerons volontiers.\u201d<\/p>\n<p>L\u2019homme d\u2019affaires sans d\u00e9tour sur son incroyable fortune<\/p>\n<p>Aujourd\u2019hui, Michel-Edouard Leclerc est \u00e0 la retraite. Du coup,<br \/>\nson r\u00f4le dans la firme n\u2019est plus que symbolique. Mais, ce dernier<br \/>\ncontinue de toucher un salaire impressionnant. Toujours lors de son<br \/>\nentretien sur le plateau de franceinfo, le septuag\u00e9naire n\u2019a pas<br \/>\nmanqu\u00e9 de se livrer sur sa r\u00e9mun\u00e9ration. \u201cJ<strong>e ne suis<br \/>\nplus salari\u00e9, donc c\u2019est plus des dividendes de mes entreprises que<br \/>\nje touche.<\/strong> Je rappelle que les centres Leclerc ne<br \/>\nm\u2019appartiennent pas. Sur les cinq derni\u00e8res ann\u00e9es, j\u2019ai pay\u00e9 en<br \/>\nmoyenne 39 000 euros d\u2019imp\u00f4t sur la fortune immobili\u00e8re et 270 000<br \/>\neuros d\u2019imp\u00f4t sur le revenu\u201d, avait-il confi\u00e9.<\/p>\n<p>Toutefois, m\u00eame si le fils du fondateur de l\u2019enseigne Leclerc<br \/>\nreconna\u00eet qu\u2019il est riche, il a tenu \u00e0 pr\u00e9ciser qu\u2019il ne faisait<br \/>\npas partie des \u201c1000 Fran\u00e7ais\u201d les plus fortun\u00e9s. \u201c<strong>Je<br \/>\ngagne quelques centaines de milliers d\u2019euros par an<\/strong>, ce<br \/>\nqui est beaucoup par rapport au commun des mortels et ce qui me<br \/>\npermet de faire des choses int\u00e9ressantes sur le plan<br \/>\nculturel\u201d, avait-il expliqu\u00e9.<\/p>\n<p>Michel-Edouard Leclerc r\u00e9v\u00e8le le<br \/>\nmontant pharaonique de ses imp\u00f4ts<\/p>\n<p>La fortune de Michel-Edouard Leclerc ne fait plus aucun doute.<br \/>\nD\u2019ailleurs, lors d\u2019un entretien avec Le Parisien, C\u00e9dric Ducrocq,<br \/>\ndirecteur de la soci\u00e9t\u00e9 de conseil Diamart, n\u2019avait pas h\u00e9sit\u00e9 \u00e0 se<br \/>\nconfier sur le sujet. \u201c<strong>Il est riche, mais par rapport \u00e0<br \/>\nla notori\u00e9t\u00e9 de la marque que sa famille a fond\u00e9e, ce n\u2019est<br \/>\nrien<\/strong>\u201d, avait-il confi\u00e9. D\u2019apr\u00e8s ce dernier, l\u2019homme<br \/>\nd&rsquo;affaires \u00e9volue plus dans un r\u00f4le de \u201csuper-consultant\u201d. Mais<br \/>\navec une telle r\u00e9mun\u00e9ration, Michel-Edouard Leclerc doit<br \/>\ns\u2019acquitter d\u2019imp\u00f4ts \u00e0 la hauteur de ses revenus. \u201c<strong>Il<br \/>\npr\u00e9cise acquitter entre 200.000 et 250.000 euros d\u2019imp\u00f4t sur le<br \/>\nrevenu par an<\/strong>\u201d, r\u00e9v\u00e9lait C\u00e9dric Ducrocq.<\/p>\n<p>Le directeur n\u2019a pas \u00e9t\u00e9 le seul \u00e0 \u00e9voquer la fortune du patron<br \/>\ndes <a href=\"https:\/\/www.melty.fr\/divers\/cette-enseigne-propose-des-salaires-a-6-chiffres-et-ne-demande-pas-de-diplome-2171943.html\" rel=\"nofollow noopener\" target=\"_blank\"><br \/>\nenseignes qui proposent des salaires comp\u00e9titifs sans dipl\u00f4me<\/a>.<br \/>\nEn effet, Magali Picard, auteur d\u2019un livre d\u2019enqu\u00eate sur la<br \/>\nr\u00e9mun\u00e9ration de septuag\u00e9naire, s\u2019\u00e9tait \u00e9galement exprim\u00e9e sur le<br \/>\nsujet. \u201c<strong>Son argent lui a permis d\u2019investir dans<br \/>\nl\u2019art<\/strong> et la bande-dessin\u00e9e, ses deux v\u00e9ritables<br \/>\npassions\u201d, avait-elle r\u00e9v\u00e9l\u00e9. Avant d\u2019ajouter : \u201cC\u2019est le<br \/>\npremier collectionneur priv\u00e9 de BD en France. Il n\u2019est pas dans<br \/>\nl\u2019affichage ostentatoire. Il a une vie tr\u00e8s confortable et<br \/>\nn\u2019h\u00e9sitera pas \u00e0 louer un jet pour traverser la France et se<br \/>\nrassurera en mettant en avant les milliers d\u2019arbres plant\u00e9s dans sa<br \/>\npropri\u00e9t\u00e9 bretonne.\u201d<\/p>\n","protected":false},"excerpt":{"rendered":"Michel-Edouard Leclerc a marqu\u00e9 les esprits depuis qu\u2019il est \u00e0 la t\u00eate de l\u2019empire familial. Depuis qu\u2019il a&hellip;\n","protected":false},"author":2,"featured_media":326403,"comment_status":"","ping_status":"","sticky":false,"template":"","format":"standard","meta":{"footnotes":""},"categories":[1359],"tags":[58,59,1011,27,973],"class_list":{"0":"post-326402","1":"post","2":"type-post","3":"status-publish","4":"format-standard","5":"has-post-thumbnail","7":"category-people","8":"tag-divertissement","9":"tag-entertainment","10":"tag-fr","11":"tag-france","12":"tag-people"},"share_on_mastodon":{"url":"https:\/\/pubeurope.com\/@fr\/115048262229152004","error":""},"_links":{"self":[{"href":"https:\/\/www.europesays.com\/fr\/wp-json\/wp\/v2\/posts\/326402","targetHints":{"allow":["GET"]}}],"collection":[{"href":"https:\/\/www.europesays.com\/fr\/wp-json\/wp\/v2\/posts"}],"about":[{"href":"https:\/\/www.europesays.com\/fr\/wp-json\/wp\/v2\/types\/post"}],"author":[{"embeddable":true,"href":"https:\/\/www.europesays.com\/fr\/wp-json\/wp\/v2\/users\/2"}],"replies":[{"embeddable":true,"href":"https:\/\/www.europesays.com\/fr\/wp-json\/wp\/v2\/comments?post=326402"}],"version-history":[{"count":0,"href":"https:\/\/www.europesays.com\/fr\/wp-json\/wp\/v2\/posts\/326402\/revisions"}],"wp:featuredmedia":[{"embeddable":true,"href":"https:\/\/www.europesays.com\/fr\/wp-json\/wp\/v2\/media\/326403"}],"wp:attachment":[{"href":"https:\/\/www.europesays.com\/fr\/wp-json\/wp\/v2\/media?parent=326402"}],"wp:term":[{"taxonomy":"category","embeddable":true,"href":"https:\/\/www.europesays.com\/fr\/wp-json\/wp\/v2\/categories?post=326402"},{"taxonomy":"post_tag","embeddable":true,"href":"https:\/\/www.europesays.com\/fr\/wp-json\/wp\/v2\/tags?post=326402"}],"curies":[{"name":"wp","href":"https:\/\/api.w.org\/{rel}","templated":true}]}}