{"id":326406,"date":"2025-08-18T06:06:09","date_gmt":"2025-08-18T06:06:09","guid":{"rendered":"https:\/\/www.europesays.com\/fr\/326406\/"},"modified":"2025-08-18T06:06:09","modified_gmt":"2025-08-18T06:06:09","slug":"livre-les-troubles-dys-expliques-aux-enfants-et-aux-parents","status":"publish","type":"post","link":"https:\/\/www.europesays.com\/fr\/326406\/","title":{"rendered":"Livre\u00a0: les troubles dys expliqu\u00e9s aux enfants et aux parents"},"content":{"rendered":"<p>Dans chaque classe, un \u00e0 trois \u00e9l\u00e8ves sont concern\u00e9s par un trouble dys (de l\u2019apprentissage, de la coordination du langage oral et de l\u2019attention). Pour permettre \u00e0 ces enfants de mieux comprendre leur quotidien, Nad\u00e8ge Larcher, psychologue et Marie Dormoy, journaliste, proposent un nouveau livre. Sa lecture y est simplifi\u00e9e par une typographie sp\u00e9cifique et claire. L\u2019espace entre les lignes, les lettres et les mots sont adapt\u00e9s aux troubles dys. Des encadr\u00e9s \u00ab\u00a0C\u2019est comme si tu\u00a0\u00bb permettent \u00e9galement aux enfants qui ne souffrent pas de troubles dys, de se mettre \u00e0 leur place de leurs camarades.<\/p>\n<p>Les jeunes lecteurs pourront se reconna\u00eetre en Nora, Chlo\u00e9, Idriss, Sacha ou Ma\u00ebl, qui traversent des situations du quotidien, parfois inconfortables et handicapantes, tr\u00e8s clairement illustr\u00e9es par Auriane Bui. Conseils pratiques et simples, exemples concrets, et pages r\u00e9serv\u00e9es aux adultes, font de ce livre un v\u00e9ritable objet p\u00e9dagogique.<\/p>\n<p class=\"note\">\u00ab\u00a0Le petit livre pour bien grandir avec un trouble DYS\u00a0\u00bb, sortie pr\u00e9vue le 20 octobre 2025. Aux \u00e9ditions Bayard Jeunesse, \u00e0 partir de 7 ans, 56 p., 10,90 \u20ac.<\/p>\n","protected":false},"excerpt":{"rendered":"Dans chaque classe, un \u00e0 trois \u00e9l\u00e8ves sont concern\u00e9s par un trouble dys (de l\u2019apprentissage, de la coordination&hellip;\n","protected":false},"author":2,"featured_media":326407,"comment_status":"","ping_status":"","sticky":false,"template":"","format":"standard","meta":{"footnotes":""},"categories":[1357],"tags":[1379,872,58,59,1011,27,1380,71],"class_list":{"0":"post-326406","1":"post","2":"type-post","3":"status-publish","4":"format-standard","5":"has-post-thumbnail","7":"category-livres","8":"tag-books","9":"tag-culture-et-loisirs","10":"tag-divertissement","11":"tag-entertainment","12":"tag-fr","13":"tag-france","14":"tag-livres","15":"tag-sante"},"share_on_mastodon":{"url":"https:\/\/pubeurope.com\/@fr\/115048269956375219","error":""},"_links":{"self":[{"href":"https:\/\/www.europesays.com\/fr\/wp-json\/wp\/v2\/posts\/326406","targetHints":{"allow":["GET"]}}],"collection":[{"href":"https:\/\/www.europesays.com\/fr\/wp-json\/wp\/v2\/posts"}],"about":[{"href":"https:\/\/www.europesays.com\/fr\/wp-json\/wp\/v2\/types\/post"}],"author":[{"embeddable":true,"href":"https:\/\/www.europesays.com\/fr\/wp-json\/wp\/v2\/users\/2"}],"replies":[{"embeddable":true,"href":"https:\/\/www.europesays.com\/fr\/wp-json\/wp\/v2\/comments?post=326406"}],"version-history":[{"count":0,"href":"https:\/\/www.europesays.com\/fr\/wp-json\/wp\/v2\/posts\/326406\/revisions"}],"wp:featuredmedia":[{"embeddable":true,"href":"https:\/\/www.europesays.com\/fr\/wp-json\/wp\/v2\/media\/326407"}],"wp:attachment":[{"href":"https:\/\/www.europesays.com\/fr\/wp-json\/wp\/v2\/media?parent=326406"}],"wp:term":[{"taxonomy":"category","embeddable":true,"href":"https:\/\/www.europesays.com\/fr\/wp-json\/wp\/v2\/categories?post=326406"},{"taxonomy":"post_tag","embeddable":true,"href":"https:\/\/www.europesays.com\/fr\/wp-json\/wp\/v2\/tags?post=326406"}],"curies":[{"name":"wp","href":"https:\/\/api.w.org\/{rel}","templated":true}]}}