{"id":326412,"date":"2025-08-18T06:09:10","date_gmt":"2025-08-18T06:09:10","guid":{"rendered":"https:\/\/www.europesays.com\/fr\/326412\/"},"modified":"2025-08-18T06:09:10","modified_gmt":"2025-08-18T06:09:10","slug":"un-documentaire-delon-douchy-presente-ce-lundi-les-habitants-racontent-lhomme-pas-la-star-confie-la-realisatrice","status":"publish","type":"post","link":"https:\/\/www.europesays.com\/fr\/326412\/","title":{"rendered":"Un documentaire \u00ab\u00a0Delon-Douchy\u00a0\u00bb pr\u00e9sent\u00e9 ce lundi\u00a0: \u00ab\u00a0Les habitants racontent l&rsquo;homme, pas la star\u00a0\u00bb confie la r\u00e9alisatrice"},"content":{"rendered":"<p>Un an apr\u00e8s la mort d&rsquo;Alain Delon, un film documentaire sera projet\u00e9 ce lundi soir \u00e0 Montcorbon, commune associ\u00e9e \u00e0 Douchy, le village du Loiret o\u00f9 a v\u00e9cu et o\u00f9 repose l&rsquo;acteur. \u00ab\u00a0Delon-Douchy\u00a0\u00bb donne la parole aux villageois qui ont c\u00f4toy\u00e9 Alain Delon pendant plus de cinquante ans.<\/p>\n<p>C&rsquo;\u00e9tait il y a un an, le 18 ao\u00fbt 2024,\u00a0<a class=\"IciLink ici-link IciArticleLink g-ici-body-regular-1 underline brand svelte-lu7k6w\" href=\"https:\/\/www.francebleu.fr\/infos\/medias-people\/alain-delon-legende-du-cinema-francais-est-mort-a-l-age-de-88-ans-5971740\" rel=\"nofollow noopener\" target=\"_blank\">d\u00e9c\u00e9dait Alain Delon \u00e0 l&rsquo;\u00e2ge de 88 ans<\/a>. L&rsquo;immense star du cin\u00e9ma repose chez lui, dans la propri\u00e9t\u00e9 qu&rsquo;il avait acquise en 1971 \u00e0 Douchy, dans le Loiret, le domaine de La Br\u00fblerie. Dans le cadre de la\u00a0<a class=\"IciLink ici-link IciArticleLink g-ici-body-regular-1 underline brand svelte-lu7k6w\" href=\"https:\/\/www.francebleu.fr\/infos\/societe\/premier-anniversaire-de-la-mort-d-alain-delon-une-ceremonie-en-hommage-a-l-acteur-prevu-a-douchy-2663401\" rel=\"nofollow noopener\" target=\"_blank\">journ\u00e9e d&rsquo;hommage organis\u00e9e ce lundi par la commune<\/a>, qui va donner le nom de l&rsquo;acteur au stade municipal, un film documentaire intitul\u00e9 \u00ab\u00a0Delon-Douchy\u00a0\u00bb sera projet\u00e9 \u00e0 la salle des f\u00eates de Montcorbon, commune associ\u00e9e \u00e0 Douchy. Entretien avec la r\u00e9alisatrice, Ghislaine Graillet, qui sera pr\u00e9sente lors de la projection, et qui r\u00e9alise des documentaires depuis 1995 (\u00ab\u00a0Femmes en Bourgogne\u00a0\u00bb, \u00ab\u00a0Retour au village d&rsquo;un jeune bonze laotien\u00a0\u00bb, \u00ab\u00a0Cuba, la m\u00e9moire lib\u00e9r\u00e9e\u00a0\u00bb, etc.).<\/p>\n<p><strong>Comment est n\u00e9e l&rsquo;id\u00e9e de ce documentaire \u00ab\u00a0Delon-Douchy\u00a0\u00bb ?<\/strong><\/p>\n<p><strong>Ghislaine GRAILLET<\/strong>\u00a0: J&rsquo;ai toujours \u00e9t\u00e9 une grande fan d&rsquo;Alain Delon\u00a0! Et puis un jour, j&rsquo;ai pris connaissance de sa vie priv\u00e9e, et j&rsquo;ai \u00e9t\u00e9 touch\u00e9e. Je souhaitais le rencontrer pour r\u00e9aliser un documentaire sur cet aspect-l\u00e0, j&rsquo;ai essay\u00e9 \u00e0 plusieurs reprises\u00a0: je lui ai envoy\u00e9 des lettres, je me suis adress\u00e9e \u00e0 son agent, \u00e0 son fils Anthony, et je n&rsquo;y suis pas parvenue. Mais \u00e7a ne m&rsquo;a pas emp\u00each\u00e9e d&rsquo;avoir envie de passer par l&rsquo;interm\u00e9diaire des habitants de Douchy pour justement me rapprocher diff\u00e9remment d&rsquo;Alain Delon, avec cette id\u00e9e d&rsquo;aller \u00e0 la rencontre non pas de l&rsquo;acteur, mais de l&rsquo;homme.<\/p>\n<p><strong>Vous vous \u00eates donc rendue plusieurs fois \u00e0 Douchy&#8230;<\/strong><\/p>\n<p>Exactement, je suis venue une premi\u00e8re fois en rep\u00e9rage, en novembre 2023. Je suis all\u00e9e au cimeti\u00e8re, pour rencontrer des personnes \u00e2g\u00e9es qui d\u00e9posaient des fleurs sur les tombes de leur famille, et c&rsquo;est comme cela que j&rsquo;ai nou\u00e9 les premiers contacts avec ceux qui ont eu l&rsquo;occasion de c\u00f4toyer Alain Delon dans la vie de tous les jours, ou qui ont eu l&rsquo;occasion d&rsquo;aller chez lui. Je suis venue \u00e9galement le jour de l&rsquo;annonce du d\u00e9c\u00e8s d&rsquo;Alain Delon, puis quelques semaines apr\u00e8s pour tourner les interviews des habitants qui ont bien voulu t\u00e9moigner des liens tiss\u00e9s par Alain Delon au fil des ans avec cette commune de 1.400 habitants.<\/p>\n<p>\u00ab\u00a0C&rsquo;est une sorte de d\u00e9mystification de la star\u00a0: les villageois parlent d&rsquo;un homme simple, agr\u00e9able, gentil.\u00a0\u00bb<img loading=\"lazy\" decoding=\"async\" class=\"VisualPreview svelte-1rldrkz\" src=\"data:image\/jpeg;base64,\/9j\/2wBDACgcHiMeGSgjISMtKygwPGRBPDc3PHtYXUlkkYCZlo+AjIqgtObDoKrarYqMyP\/L2u71\/\/\/\/m8H\/\/\/\/6\/+b9\/\/j\/2wBDASstLTw1PHZBQXb4pYyl+Pj4+Pj4+Pj4+Pj4+Pj4+Pj4+Pj4+Pj4+Pj4+Pj4+Pj4+Pj4+Pj4+Pj4+Pj4+Pj4+Pj\/wAARCAAjACoDASIAAhEBAxEB\/8QAFwAAAwEAAAAAAAAAAAAAAAAAAAIDAf\/EABkQAQEBAQEBAAAAAAAAAAAAAAABAhEDIf\/EABYBAQEBAAAAAAAAAAAAAAAAAAIAAf\/EABYRAQEBAAAAAAAAAAAAAAAAAAABEf\/aAAwDAQACEQMRAD8Ap1nS2stAjWktZdF6kKUw4xilT1T6R3WxC6ZNJ2tzSxL5+n4nhYa0ukNgKCjpuQDS\/muAFKP\/2Q==\" alt=\"La r\u00e9alisatrice Ghislaine Graillet\" width=\"600\" height=\"505\"\/>  La r\u00e9alisatrice Ghislaine Graillet  &#8211; DR<\/p>\n<p><strong>Que ressort-il de ces t\u00e9moignages\u00a0?<\/strong><\/p>\n<p>Franchement, j&rsquo;ai vraiment ressenti qu&rsquo;il y avait un grand respect des villageois pour Alain Delon. Il a pu de temps en temps faire des gestes pour la commune. Il a fait des dons pour des nourrissons, pour les enfants du club de foot, par exemple. Mais au-del\u00e0 de cela, les habitants d\u00e9crivent un homme simple, agr\u00e9able, gentil, abordable. Sa notori\u00e9t\u00e9 ne perturbait pas la vie du village, j&rsquo;ai pos\u00e9 la question\u00a0: \u00ab\u00a0mais tout de m\u00eame, lorsqu&rsquo;il recevait du monde, il devait y avoir un passage cons\u00e9quent de voitures, du va-et-vient\u00a0?\u00a0\u00bb, mais m\u00eame pas, personne ne m&rsquo;a parl\u00e9 d&rsquo;\u00e9ventuelles nuisances. En fait, j&rsquo;ai assist\u00e9 \u00e0 une sorte de d\u00e9mystification de la star. J&rsquo;entends parfois qu&rsquo;Alain Delon n&rsquo;avait pas une bonne image, ce documentaire va contribuer \u00e0 le rendre plus aimable.<\/p>\n<p><strong>Au fil de ces 45 minutes de film, on ressent m\u00eame une certaine \u00e9motion\u00a0?<\/strong><\/p>\n<p>Oui, c&rsquo;est touchant, en fait. Parmi les t\u00e9moignages que j&rsquo;ai recueillis, il y en a deux qui sont particuli\u00e8rement \u00e9mouvants. Celui de Reine Deshayes, qui \u00e9tait une figure locale et qui est d\u00e9c\u00e9d\u00e9e \u00e0 l&rsquo;\u00e9t\u00e9 2024, quelques semaines avant Alain Delon. L\u00e0, elle raconte comment Alain Delon a d\u00e9couvert le domaine de La Br\u00fblerie, comment Mireille Darc l&rsquo;a invit\u00e9e \u00e0 prendre le th\u00e9 chez eux, comment ils se sont vus \u00e0 plusieurs reprises avec une grande simplicit\u00e9. Et puis il y a aussi Agn\u00e8s Bourgoin, la fleuriste, qui a assist\u00e9 \u00e0 toutes les \u00e9tapes de la vie d&rsquo;Alain Delon. Elle raconte quel client il \u00e9tait quand il venait dans sa boutique. Et elle d\u00e9crit bien l&rsquo;homme, un homme comme tout le monde, finalement.<\/p>\n<p><img loading=\"lazy\" decoding=\"async\" class=\"VisualPreview svelte-1rldrkz\" src=\"data:image\/jpeg;base64,\/9j\/2wBDACgcHiMeGSgjISMtKygwPGRBPDc3PHtYXUlkkYCZlo+AjIqgtObDoKrarYqMyP\/L2u71\/\/\/\/m8H\/\/\/\/6\/+b9\/\/j\/2wBDASstLTw1PHZBQXb4pYyl+Pj4+Pj4+Pj4+Pj4+Pj4+Pj4+Pj4+Pj4+Pj4+Pj4+Pj4+Pj4+Pj4+Pj4+Pj4+Pj4+Pj\/wAARCAAqAB0DASIAAhEBAxEB\/8QAFwAAAwEAAAAAAAAAAAAAAAAAAQIDAP\/EABcQAQEBAQAAAAAAAAAAAAAAAAEAEQL\/xAAVAQEBAAAAAAAAAAAAAAAAAAAAAf\/EABQRAQAAAAAAAAAAAAAAAAAAAAD\/2gAMAwEAAhEDEQA\/AGtkxHKKkkqVUlSChGUtsGZGKyLBQYLYg0A6aazdSMV\/\/9k=\" alt=\"L'affiche annon\u00e7ant l'\u00e9v\u00e9nement de ce lundi soir \u00e0 Montcorbon, la commune associ\u00e9e \u00e0 Douchy\" width=\"600\" height=\"848\"\/>  L&rsquo;affiche annon\u00e7ant l&rsquo;\u00e9v\u00e9nement de ce lundi soir \u00e0 Montcorbon, la commune associ\u00e9e \u00e0 Douchy  <\/p>\n<p><strong>\u00c0 NOTER<\/strong>\u00a0:\u00a0\u00a0<strong>\u00ab\u00a0Delon &#8211; Douchy\u00a0\u00bb<\/strong>\u00a0sera projet\u00e9 \u00e0 18h \u00e0 la salle des f\u00eates de Montcorbon. L&rsquo;entr\u00e9e co\u00fbte cinq euros pour les adultes, trois euros pour les moins de 15 ans. Les b\u00e9n\u00e9fices seront revers\u00e9s \u00e0 l&rsquo;association \u00ab\u00a0Le colibri\u00a0\u00bb, qui accompagne les enfants pris en charge par l&rsquo;aide sociale \u00e0 l&rsquo;enfance. <strong>R\u00e9servation obligatoire<\/strong> (en adressant un mail \u00e0 ghislaine.graillet@orange.fr et sous r\u00e9serve des places disponibles).<\/p>\n","protected":false},"excerpt":{"rendered":"Un an apr\u00e8s la mort d&rsquo;Alain Delon, un film documentaire sera projet\u00e9 ce lundi soir \u00e0 Montcorbon, commune&hellip;\n","protected":false},"author":2,"featured_media":326413,"comment_status":"","ping_status":"","sticky":false,"template":"","format":"standard","meta":{"footnotes":""},"categories":[1354],"tags":[58,59,1346,1011,27,1360],"class_list":{"0":"post-326412","1":"post","2":"type-post","3":"status-publish","4":"format-standard","5":"has-post-thumbnail","7":"category-films","8":"tag-divertissement","9":"tag-entertainment","10":"tag-films","11":"tag-fr","12":"tag-france","13":"tag-movies"},"share_on_mastodon":{"url":"https:\/\/pubeurope.com\/@fr\/115048281841442803","error":""},"_links":{"self":[{"href":"https:\/\/www.europesays.com\/fr\/wp-json\/wp\/v2\/posts\/326412","targetHints":{"allow":["GET"]}}],"collection":[{"href":"https:\/\/www.europesays.com\/fr\/wp-json\/wp\/v2\/posts"}],"about":[{"href":"https:\/\/www.europesays.com\/fr\/wp-json\/wp\/v2\/types\/post"}],"author":[{"embeddable":true,"href":"https:\/\/www.europesays.com\/fr\/wp-json\/wp\/v2\/users\/2"}],"replies":[{"embeddable":true,"href":"https:\/\/www.europesays.com\/fr\/wp-json\/wp\/v2\/comments?post=326412"}],"version-history":[{"count":0,"href":"https:\/\/www.europesays.com\/fr\/wp-json\/wp\/v2\/posts\/326412\/revisions"}],"wp:featuredmedia":[{"embeddable":true,"href":"https:\/\/www.europesays.com\/fr\/wp-json\/wp\/v2\/media\/326413"}],"wp:attachment":[{"href":"https:\/\/www.europesays.com\/fr\/wp-json\/wp\/v2\/media?parent=326412"}],"wp:term":[{"taxonomy":"category","embeddable":true,"href":"https:\/\/www.europesays.com\/fr\/wp-json\/wp\/v2\/categories?post=326412"},{"taxonomy":"post_tag","embeddable":true,"href":"https:\/\/www.europesays.com\/fr\/wp-json\/wp\/v2\/tags?post=326412"}],"curies":[{"name":"wp","href":"https:\/\/api.w.org\/{rel}","templated":true}]}}