{"id":326414,"date":"2025-08-18T06:10:11","date_gmt":"2025-08-18T06:10:11","guid":{"rendered":"https:\/\/www.europesays.com\/fr\/326414\/"},"modified":"2025-08-18T06:10:11","modified_gmt":"2025-08-18T06:10:11","slug":"virus-du-nil-occidental-en-ile-de-france-craignez-vous-une-epidemie-actualites","status":"publish","type":"post","link":"https:\/\/www.europesays.com\/fr\/326414\/","title":{"rendered":"Virus du Nil occidental en \u00cele-de-France : craignez-vous une \u00e9pid\u00e9mie ? : Actualit\u00e9s"},"content":{"rendered":"<p class=\"lead \"><strong>Apr\u00e8s l\u2019apparition des premiers cas dans la r\u00e9gion PACA, c\u2019est en \u00cele-de-France que le virus \u00ab\u00a0West Nile\u00a0\u00bb a fait son apparition mercredi 13 ao\u00fbt avec deux cas autochtones, ce qui laisse craindre une prolif\u00e9ration du virus. De votre c\u00f4t\u00e9, craignez-vous une \u00e9pid\u00e9mie ?<\/strong><\/p>\n<p class=\"lead \">La crainte d\u2019une \u00e9pid\u00e9mie ne cesse de cro\u00eetre. Apr\u00e8s l\u2019apparition du virus du Nil dans la r\u00e9gion Provence-Alpes-C\u00f4te d\u2019Azur, c\u2019est l\u2019<a href=\"https:\/\/actu.orange.fr\/societe\/sante\/seine-saint-denis-deux-cas-autochtones-du-virus-du-nil-occidental-detectes-magic-CNT000002kb9mJ.html\" rel=\"nofollow noopener\" target=\"_blank\">\u00cele-de-France qui a \u00e9t\u00e9 touch\u00e9e \u00e0 son tour avec deux cas autochtones recens\u00e9s en Seine-Saint-Denis<\/a>, a annonc\u00e9 l&rsquo;<a href=\"https:\/\/www.iledefrance.ars.sante.fr\/virus-du-nil-occidental-west-nile-deux-cas-autochtones-confirmes-en-ile-de-france\" target=\"_blank\" rel=\"nofollow noopener\">Agence R\u00e9gionale de Sant\u00e9<\/a>. \u00ab\u00a0Il s\u2019agit des premi\u00e8res identifications de transmission locale vectorielle du virus West Nile en \u00cele-de-France\u00a0\u00bb, indique l\u2019ARS de la r\u00e9gion.<\/p>\n<p class=\"lead \">Il s\u2019agit l\u00e0 des quatri\u00e8me et cinqui\u00e8me cas autochtones (ce qui signifie qu\u2019ils ont \u00e9t\u00e9 contamin\u00e9s sur place) enregistr\u00e9s depuis l\u2019apparition du virus dans l\u2019Hexagone \u00e0 Hy\u00e8res (Var). Sa pr\u00e9sence avait \u00e9galement suscit\u00e9 l\u2019inqui\u00e9tude l\u2019an dernier avec pr\u00e8s d\u2019une quarantaine de cas recens\u00e9s, mais qui \u00e9taient principalement rest\u00e9s dans la moiti\u00e9 sud de la France.<\/p>\n<p>                                                                                                13 d\u00e9c\u00e8s li\u00e9s au virus du Nil en Italie depuis le d\u00e9but de l\u2019\u00e9t\u00e9<\/p>\n<p class=\"lead \">Transmis par des moustiques du genre \u00ab\u00a0Culex\u00a0\u00bb, le virus du Nil passe g\u00e9n\u00e9ralement inaper\u00e7u, mais pour 20 % des cas, il peut s\u2019apparenter \u00e0 une grippe, qui peut parfois mener au d\u00e9c\u00e8s pour les personnes les plus vuln\u00e9rables. Face \u00e0 cette situation, l\u2019ARS invite les malades souffrant de fi\u00e8vre brutale, de maux de t\u00eate ou de troubles du comportement \u00e0 consulter un m\u00e9decin. Pour \u00e9viter toute contamination, l\u2019agence rappelle l\u2019importance de \u00ab\u00a0porter des v\u00eatements couvrants et amples, surtout en soir\u00e9e. Utiliser des r\u00e9pulsifs adapt\u00e9s. Installer des moustiquaires aux portes et aux fen\u00eatres. Et enfin, utiliser des diffuseurs \u00e9lectriques \u00e0 l\u2019int\u00e9rieur et des serpentins insecticides uniquement \u00e0 l\u2019ext\u00e9rieur\u00a0\u00bb.<\/p>\n<p class=\"lead \">De l\u2019autre c\u00f4t\u00e9 des Alpes, l\u2019Italie a d\u00e9j\u00e0 enregistr\u00e9 depuis le d\u00e9but de l\u2019\u00e9t\u00e9 <a href=\"https:\/\/actu.orange.fr\/france\/virus-west-nile-13-morts-recenses-en-italie-la-france-risque-t-elle-d-etre-touchee-magic-CNT000002jXnXS.html\" rel=\"nofollow noopener\" target=\"_blank\">13 d\u00e9c\u00e8s li\u00e9s au virus du Nil<\/a>, qui s\u2019est install\u00e9 durablement sur le territoire depuis 2008.<\/p>\n<p class=\"small font-weight-bold text-gray3 \"> publi\u00e9 le 18 ao\u00fbt \u00e0 07h00, Marin Paulay, 6M\u00e9dias<\/p>\n<p>                             Partager<\/p>\n","protected":false},"excerpt":{"rendered":"Apr\u00e8s l\u2019apparition des premiers cas dans la r\u00e9gion PACA, c\u2019est en \u00cele-de-France que le virus \u00ab\u00a0West Nile\u00a0\u00bb a&hellip;\n","protected":false},"author":2,"featured_media":326415,"comment_status":"","ping_status":"","sticky":false,"template":"","format":"standard","meta":{"footnotes":""},"categories":[10],"tags":[1011,27,72,71],"class_list":{"0":"post-326414","1":"post","2":"type-post","3":"status-publish","4":"format-standard","5":"has-post-thumbnail","7":"category-sante","8":"tag-fr","9":"tag-france","10":"tag-health","11":"tag-sante"},"share_on_mastodon":{"url":"https:\/\/pubeurope.com\/@fr\/115048285627046200","error":""},"_links":{"self":[{"href":"https:\/\/www.europesays.com\/fr\/wp-json\/wp\/v2\/posts\/326414","targetHints":{"allow":["GET"]}}],"collection":[{"href":"https:\/\/www.europesays.com\/fr\/wp-json\/wp\/v2\/posts"}],"about":[{"href":"https:\/\/www.europesays.com\/fr\/wp-json\/wp\/v2\/types\/post"}],"author":[{"embeddable":true,"href":"https:\/\/www.europesays.com\/fr\/wp-json\/wp\/v2\/users\/2"}],"replies":[{"embeddable":true,"href":"https:\/\/www.europesays.com\/fr\/wp-json\/wp\/v2\/comments?post=326414"}],"version-history":[{"count":0,"href":"https:\/\/www.europesays.com\/fr\/wp-json\/wp\/v2\/posts\/326414\/revisions"}],"wp:featuredmedia":[{"embeddable":true,"href":"https:\/\/www.europesays.com\/fr\/wp-json\/wp\/v2\/media\/326415"}],"wp:attachment":[{"href":"https:\/\/www.europesays.com\/fr\/wp-json\/wp\/v2\/media?parent=326414"}],"wp:term":[{"taxonomy":"category","embeddable":true,"href":"https:\/\/www.europesays.com\/fr\/wp-json\/wp\/v2\/categories?post=326414"},{"taxonomy":"post_tag","embeddable":true,"href":"https:\/\/www.europesays.com\/fr\/wp-json\/wp\/v2\/tags?post=326414"}],"curies":[{"name":"wp","href":"https:\/\/api.w.org\/{rel}","templated":true}]}}