{"id":326422,"date":"2025-08-18T06:14:07","date_gmt":"2025-08-18T06:14:07","guid":{"rendered":"https:\/\/www.europesays.com\/fr\/326422\/"},"modified":"2025-08-18T06:14:07","modified_gmt":"2025-08-18T06:14:07","slug":"preparez-vous-au-froid-brutal-la-russie-coupe-le-gaz-mondial-apres-une-decouverte-blanche-siderante-en-siberie-et-affole-la-planete-enviro2b","status":"publish","type":"post","link":"https:\/\/www.europesays.com\/fr\/326422\/","title":{"rendered":"\u00ab Pr\u00e9parez-vous au froid brutal \u00bb : la Russie coupe le gaz mondial apr\u00e8s une d\u00e9couverte blanche sid\u00e9rante en Sib\u00e9rie et affole la plan\u00e8te &#8211; Enviro2B"},"content":{"rendered":"<ol>\n<li><a href=\"https:\/\/news.google.com\/rss\/articles\/CBMi_AFBVV95cUxNdE9RUTREWWc4dEdtMUhCWHV5Z09zbTlINzNsSncyb2QyYnhETGhxaFJHS2JzeVdrNVpUVFlPQlhjSHdnXzRieUJOdVJlOVdvcnR4bENCVFZsOUxYTFJMNEhkYXBmZG9iWnBhQnZMaDlwWW9iNHIwZmJ6VVdpc3Ywd0R6QkkxNUNnV0hFakdUNWxPOHF2MjIzOGtHSzZ2RFFwMGhXQVVJQ2ZRN3lvNjNUNGQ3RzR3VHVUQWc4cFdrSjFFaUJKM2FKbGFMRmpaR3cxdFdudFU5bGJhYjdIdkxxSHhMTkJRR3ZHVVZJNlFSOEpYZ0JIY0p0dG44bWo?oc=5\" target=\"_blank\" rel=\"nofollow noopener\">\u00ab Pr\u00e9parez-vous au froid brutal \u00bb : la Russie coupe le gaz mondial apr\u00e8s une d\u00e9couverte blanche sid\u00e9rante en Sib\u00e9rie et affole la plan\u00e8te<\/a>&nbsp;&nbsp;Enviro2B<\/li>\n<li><a href=\"https:\/\/news.google.com\/rss\/articles\/CBMizgFBVV95cUxNVTAtSDdvbkwtbkhySlctdnU1Nkdtd3NjNDl0UXVpQ0JJTnkzaE15b0dHN1o5dXg1bUZHRXdDT3ZNRnFHbVBwSEFnZG5rd3E5RjdnSVVLRk1WWkVCTEZfdk1MZHdad3N4RTE4Nml4Slp3M3R6dUwwRHAwbGtrekpJaTNnWXhtNDNnQ3BoZWdSVVJiRmowU1RHRGF3V2xwU0FJZHZEaWc1NjdhdmRBeGJwcWo3UXEtSkZfQ29ldGc2cGdLS1F5bUs3M0w3c2NYdw?oc=5\" target=\"_blank\" rel=\"nofollow noopener\">La mer Noire, th\u00e9\u00e2tre des relations troubles entre la Russie et la Turquie<\/a>&nbsp;&nbsp;Les Echos<\/li>\n<li><a href=\"https:\/\/news.google.com\/rss\/articles\/CBMi6gFBVV95cUxNNHVYQjVrbnBiTDFtRG82YzFsNkZOa1YtYUFTakpDd1lIRVV6dGd1TGhHMm5zSkdpX3NnR3VKSE1GYkxGbDhwTkI2dy1EN1FpUkc1b2xabDk2U3VWWXRxd1lMRFUwc0ZCanM0NjRFQnBYY0VNckhRSm1fNVVCM0FJNnhlMHBiakdueVUwQ1ZVQnVWSmdxX3Z5U2pqYTFKTzlnNG5WNENaZld3eE8zVWRDdVpYOXB3c3RpSzF3c0pGRnZaMG5WVzZGT1ZSblZHc2ZBV0ZVOTd6b0g4cVEySDhsZjVyRnpXY0NNbmc?oc=5\" target=\"_blank\" rel=\"nofollow noopener\">\u00ab Personne ne l\u2019avait vu venir \u00bb : l\u2019explosion des exportations de gaz russe via ce pays fracasse le march\u00e9 \u00e9nerg\u00e9tique europ\u00e9en<\/a>&nbsp;&nbsp;le-gaz.fr<\/li>\n<li><a href=\"https:\/\/news.google.com\/rss\/articles\/CBMijAJBVV95cUxNY0hqQWRRN29oYUFiNzY0NTBwNkZuTFpveFNiVTFpMEFMYm9QUm5xcUoza2RTODhOSWl3YXlCbUE2M0doZFREV2JCUW90Skl0Q2VVYlVlUHozeFNPUW5TQkU2dG9HaEExdVcxWVZORlV0SkFqNS1Bd1hnMDQzZDZDeTZKMEk0Mnc4akpJNnc2WjcxanN6UVhyaWlhOVMtQ09zY0pSamt6bkNaVThBRS01NWFSX2lVYXVBc09JblhYcVEtS0trRnM0eG5IZmZqaC1sdlVlSUFUeW8yT0k2Z1VTa1pZTnFYcU14ZHBKczVBOG8zZ0EwUFpoNVNsdkxmVW03ZndhdlVjWERXcGxY?oc=5\" target=\"_blank\" rel=\"nofollow noopener\">La Sib\u00e9rie r\u00e9v\u00e8le un crat\u00e8re en flammes spectaculaire : Moscou stoppe brutalement ses exportations de gaz apr\u00e8s cette d\u00e9couverte alarmante<\/a>&nbsp;&nbsp;greenworks.lu<\/li>\n<li><a href=\"https:\/\/news.google.com\/rss\/articles\/CBMilAFBVV95cUxNcjlRcHQ5X0JmcE9RcmJNQ0owNFg0U2c2aE96YkdKRjcyLV9NS3lJSDZHSmc2amFZR3Y3d2xBd1F5WEdObURFRHVMVHVBZDZKY3ZKaFhJcEQ5MFRLSEVtbkNXZ25ybE5mTzRIOGwzdS1UeXloZjRaUVFla0UyOUNrRU4xZTFHMVQ5Yk5aa2g4eTR1cFlH?oc=5\" target=\"_blank\" rel=\"nofollow noopener\">Le gaz russe revient: Turkish Stream, le pipeline un peu fant\u00f4me<\/a>&nbsp;&nbsp;Trends-Tendances<\/li>\n<\/ol>\n","protected":false},"excerpt":{"rendered":"\u00ab Pr\u00e9parez-vous au froid brutal \u00bb : la Russie coupe le gaz mondial apr\u00e8s une d\u00e9couverte blanche sid\u00e9rante&hellip;\n","protected":false},"author":2,"featured_media":1445,"comment_status":"","ping_status":"","sticky":false,"template":"","format":"standard","meta":{"footnotes":""},"categories":[6],"tags":[35,33,34,1011,27],"class_list":{"0":"post-326422","1":"post","2":"type-post","3":"status-publish","4":"format-standard","5":"has-post-thumbnail","7":"category-economie","8":"tag-business","9":"tag-economie","10":"tag-economy","11":"tag-fr","12":"tag-france"},"share_on_mastodon":{"url":"https:\/\/pubeurope.com\/@fr\/115048301452438502","error":""},"_links":{"self":[{"href":"https:\/\/www.europesays.com\/fr\/wp-json\/wp\/v2\/posts\/326422","targetHints":{"allow":["GET"]}}],"collection":[{"href":"https:\/\/www.europesays.com\/fr\/wp-json\/wp\/v2\/posts"}],"about":[{"href":"https:\/\/www.europesays.com\/fr\/wp-json\/wp\/v2\/types\/post"}],"author":[{"embeddable":true,"href":"https:\/\/www.europesays.com\/fr\/wp-json\/wp\/v2\/users\/2"}],"replies":[{"embeddable":true,"href":"https:\/\/www.europesays.com\/fr\/wp-json\/wp\/v2\/comments?post=326422"}],"version-history":[{"count":0,"href":"https:\/\/www.europesays.com\/fr\/wp-json\/wp\/v2\/posts\/326422\/revisions"}],"wp:featuredmedia":[{"embeddable":true,"href":"https:\/\/www.europesays.com\/fr\/wp-json\/wp\/v2\/media\/1445"}],"wp:attachment":[{"href":"https:\/\/www.europesays.com\/fr\/wp-json\/wp\/v2\/media?parent=326422"}],"wp:term":[{"taxonomy":"category","embeddable":true,"href":"https:\/\/www.europesays.com\/fr\/wp-json\/wp\/v2\/categories?post=326422"},{"taxonomy":"post_tag","embeddable":true,"href":"https:\/\/www.europesays.com\/fr\/wp-json\/wp\/v2\/tags?post=326422"}],"curies":[{"name":"wp","href":"https:\/\/api.w.org\/{rel}","templated":true}]}}