{"id":326428,"date":"2025-08-18T06:18:09","date_gmt":"2025-08-18T06:18:09","guid":{"rendered":"https:\/\/www.europesays.com\/fr\/326428\/"},"modified":"2025-08-18T06:18:09","modified_gmt":"2025-08-18T06:18:09","slug":"saint-etienne-cest-un-ancien-puits-de-mine-qui-sest-affaisse-sous-la-rn-88-a-hauteur-de-monthieu","status":"publish","type":"post","link":"https:\/\/www.europesays.com\/fr\/326428\/","title":{"rendered":"Saint-\u00c9tienne\u00a0: c&rsquo;est un ancien puits de mine qui s&rsquo;est affaiss\u00e9 sous la RN 88 \u00e0 hauteur de Monthieu"},"content":{"rendered":"<p>La RN 88 sera ferm\u00e9e la nuit lundi soir et jeudi soir entre 20h30 et 5h dans le secteur de Monthieu. La route s&rsquo;est affaiss\u00e9e, \u00e0 cause d&rsquo;un ancien puits de mine qui se trouve juste en dessous. Il faut sonder pour comprendre l&rsquo;\u00e9tendue du probl\u00e8me.\n<\/p>\n<p>Comprendre l&rsquo;\u00e9tendue du probl\u00e8me pour pouvoir le traiter. C&rsquo;est l&rsquo;objectif des travaux qui vont \u00eatre men\u00e9s la nuit de lundi 18 \u00e0 mardi 19 ao\u00fbt et la nuit de jeudi 21 \u00e0 vendredi 22 ao\u00fbt. La RN 88 sera ferm\u00e9e \u00e0 la circulation entre 20h30 et 5h dans le secteur de Monthieu, en provenance de Saint-Chamond.\u00a0C&rsquo;est ici que vous roulez d\u00e9j\u00e0 sur une seule voie depuis le 31 juillet.\u00a0La route s&rsquo;est affaiss\u00e9e, \u00e0 cause d&rsquo;un ancien puits de mine qui se trouve juste en dessous. Il faut donc\u00a0 sonder le sol avant de traiter.<\/p>\n<p>\u00ab\u00a0On fait des trous pour voir \u00e0 peu pr\u00e8s l&rsquo;ampleur de cette d\u00e9gradation explique Christophe Polge chef de l&rsquo;unit\u00e9 d\u00e9partementale Loire\/Haute-Loire de la Dreal. Le service de l&rsquo;Etat qui g\u00e8re notamment tout ce qui qui \u00e0 trait aux d\u00e9sordres miniers. Pour l&rsquo;instant, on sait qu&rsquo;il y a eu un affaissement qui est localis\u00e9 sur la structure de la chauss\u00e9e et les services autoroutiers sont intervenus pour remettre en \u00e9tat. Mais on se rend compte que cet affaissement bouge encore. On est rapidement intervenus pour savoir quel \u00e9tait l&rsquo;origine de cet abaissement et on s&rsquo;est rendus compte que c&rsquo;\u00e9tait une origine mini\u00e8re. C&rsquo;est \u00e0 dire que, aux alentours, il y a un puits de mine de charbon qui a \u00e9t\u00e9 remblay\u00e9 qui s&rsquo;appelait le puits de la machine anglaise. C&rsquo;est un puits qui est assez profond, 211 m\u00e8tres. C&rsquo;est un peu comme dans toutes les zones mini\u00e8res, c&rsquo;est \u00e0 dire qu&rsquo;en fait les puits et les anciennes galeries ont \u00e9t\u00e9 remblay\u00e9s et s\u00e9curis\u00e9s, mais \u00e7a bouge toujours. C&rsquo;est du terrain naturel, donc \u00e7a peut \u00e9voluer et bouger. On a souvent ce genre de choses dans les zones mini\u00e8res, au niveau de la ville, notamment de Saint Etienne, on a pas mal de d\u00e9sordres. Environs tous les deux mois dans le bassin st\u00e9phanois\u00a0\u00bb.<\/p>\n<p>Sauf que cette fois-ci, l&rsquo;affaissement situ\u00e9 sous une autoroute perturbe le quotidiens des habitants.\u00a0<a class=\"IciLink ici-link IciArticleLink g-ici-body-regular-1 underline brand svelte-lu7k6w\" href=\"https:\/\/www.francebleu.fr\/infos\/transports\/saint-etienne-monthieu-la-circulation-reduite-a-une-seule-voie-sur-la-rn-88-suite-a-un-affaissement-de-chaussee-5787169\" rel=\"nofollow noopener\" target=\"_blank\">Depuis le 31 juillet, la voie de droite est neutralis\u00e9e et ce jusqu&rsquo;au 30 septembre.<\/a>\u00a0Et\u00a0on sait d&rsquo;ores et d\u00e9j\u00e0 qu&rsquo;il y aura des embouteillages \u00e0 la rentr\u00e9e dans ce secteur.<\/p>\n","protected":false},"excerpt":{"rendered":"La RN 88 sera ferm\u00e9e la nuit lundi soir et jeudi soir entre 20h30 et 5h dans le&hellip;\n","protected":false},"author":2,"featured_media":326429,"comment_status":"","ping_status":"","sticky":false,"template":"","format":"standard","meta":{"footnotes":""},"categories":[9653],"tags":[1111,11,2430,1777,674,1011,27,12,25,4001],"class_list":{"0":"post-326428","1":"post","2":"type-post","3":"status-publish","4":"format-standard","5":"has-post-thumbnail","7":"category-saint-etienne","8":"tag-actu","9":"tag-actualites","10":"tag-auvergne-rhone-alpes","11":"tag-eu","12":"tag-europe","13":"tag-fr","14":"tag-france","15":"tag-news","16":"tag-republique-francaise","17":"tag-saint-etienne"},"share_on_mastodon":{"url":"https:\/\/pubeurope.com\/@fr\/115048317228730930","error":""},"_links":{"self":[{"href":"https:\/\/www.europesays.com\/fr\/wp-json\/wp\/v2\/posts\/326428","targetHints":{"allow":["GET"]}}],"collection":[{"href":"https:\/\/www.europesays.com\/fr\/wp-json\/wp\/v2\/posts"}],"about":[{"href":"https:\/\/www.europesays.com\/fr\/wp-json\/wp\/v2\/types\/post"}],"author":[{"embeddable":true,"href":"https:\/\/www.europesays.com\/fr\/wp-json\/wp\/v2\/users\/2"}],"replies":[{"embeddable":true,"href":"https:\/\/www.europesays.com\/fr\/wp-json\/wp\/v2\/comments?post=326428"}],"version-history":[{"count":0,"href":"https:\/\/www.europesays.com\/fr\/wp-json\/wp\/v2\/posts\/326428\/revisions"}],"wp:featuredmedia":[{"embeddable":true,"href":"https:\/\/www.europesays.com\/fr\/wp-json\/wp\/v2\/media\/326429"}],"wp:attachment":[{"href":"https:\/\/www.europesays.com\/fr\/wp-json\/wp\/v2\/media?parent=326428"}],"wp:term":[{"taxonomy":"category","embeddable":true,"href":"https:\/\/www.europesays.com\/fr\/wp-json\/wp\/v2\/categories?post=326428"},{"taxonomy":"post_tag","embeddable":true,"href":"https:\/\/www.europesays.com\/fr\/wp-json\/wp\/v2\/tags?post=326428"}],"curies":[{"name":"wp","href":"https:\/\/api.w.org\/{rel}","templated":true}]}}