{"id":326434,"date":"2025-08-18T06:24:12","date_gmt":"2025-08-18T06:24:12","guid":{"rendered":"https:\/\/www.europesays.com\/fr\/326434\/"},"modified":"2025-08-18T06:24:12","modified_gmt":"2025-08-18T06:24:12","slug":"cest-un-travail-rigoureux-pour-lequel-il-faut-savoir-etre-polyvalent-dans-les-coulisses-du-metier-decogarde-dans-la-metropole-toulonnaise","status":"publish","type":"post","link":"https:\/\/www.europesays.com\/fr\/326434\/","title":{"rendered":"\u00ab\u00a0C\u2019est un travail rigoureux pour lequel il faut savoir \u00eatre polyvalent\u00a0\u00bb: dans les coulisses du m\u00e9tier d&rsquo;\u00e9cogarde dans la m\u00e9tropole toulonnaise"},"content":{"rendered":"<p>Entre le Faron, le cap Sici\u00e9, le massif de la Colle Noire ou encore les Salins d\u2019Hy\u00e8res, les alentours de la m\u00e9tropole toulonnaise ne manquent pas d\u2019espaces naturels.<\/p>\n<p>Pour les prot\u00e9ger et les entretenir, il existe tout un r\u00e9seau de partenaires institutionnels: l\u2019Office national des for\u00eats, le Conservatoire du littoral, la R\u00e9gion, le D\u00e9partement\u2026 La M\u00e9tropole Toulon Provence M\u00e9diterran\u00e9e a quant \u00e0 elle mandat\u00e9 des \u00e9quipes d\u2019\u00e9cogardes, cr\u00e9\u00e9es depuis maintenant plus de vingt ans.<\/p>\n<p>Judith et Fred sont affect\u00e9s au domaine de Fabr\u00e9gas, \u00e0 La Seyne. Tous les jours ils parcourent les 70 hectares du domaine et s\u2019assurent de son maintien.<\/p>\n<p>\u00ab\u00a0On a la chance d\u2019\u00eatre en pleine nature toute la journ\u00e9e dans une r\u00e9gion magnifique\u00a0\u00bb, raconte Judith.<\/p>\n<p>              <img ci-src=\"https:\/\/www.varmatin.com\/environnement\/protec\/DATA_ART_16091240-0y74hUia.jpg?vh=0a9290&amp;ci_seal=872016f0fd\" alt=\"\"\/><br \/>\n         <strong>Photo Frank Muller.<\/strong> <\/p>\n<p>Dipl\u00f4m\u00e9e d\u2019un master, elle s\u2019est d\u2019abord form\u00e9e dans les calanques en tant que saisonni\u00e8re sur des missions de sensibilisation et p\u00e9dagogie.<\/p>\n<p>Voil\u00e0 un an qu\u2019elle est arriv\u00e9e au domaine de Fabregas.<\/p>\n<p>Mais comme Fred l\u2019explique, \u00ab\u00a0tous les parcours sont diff\u00e9rents, chaque \u00e9cogarde poss\u00e8de un socle de comp\u00e9tences communes et ses particularit\u00e9s issues de sa formation\u00a0\u00bb.<\/p>\n<p>Pour sa part, il \u00e9tait policier de l\u2019environnement asserment\u00e9 dans les Alpes-Maritimes, avant de devenir \u00e9cogarde.<\/p>\n<p>\u00ab\u00a0Un m\u00e9tier passionnant et usant\u00a0\u00bb<\/p>\n<p>Pour Judith et Fred, chaque jour ne se ressemble pas. \u00ab\u00a0On n\u2019arrive jamais au bout de notre boulot, on a toujours quelque chose de nouveau.\u00a0\u00bb En effet, les missions des \u00e9cogardes sont vastes: surveiller, afin d\u2019identifier les<\/p>\n<p>risques, g\u00e9rer l\u2019entretien comme le d\u00e9broussaillage et le balisage des sentiers, ainsi qu\u2019informer et sensibiliser les visiteurs sur l\u2019espace naturel.<\/p>\n<p>\u00ab\u00a0\u00catre \u00e9cogarde, ce n\u2019est pas seulement se balader dans la nature, c\u2019est un travail rigoureux pour lequel il faut savoir \u00eatre polyvalent\u00a0\u00bb, explique Olivier Le Neannec, directeur des espaces naturels et biodiversit\u00e9.<\/p>\n<p>Le d\u00e9fi de l\u2019\u00e9t\u00e9: pr\u00e9venir les incendies<\/p>\n<p>\u00ab\u00a0\u00c9cogarde, c\u2019est un m\u00e9tier qui \u00e9volue \u00e9norm\u00e9ment au fil des saisons, elles ont chacune leur probl\u00e9matique sp\u00e9cifique\u00a0\u00bb, analyse Fanny Sitz. En \u00e9t\u00e9, bien \u00e9videmment, le danger c\u2019est le feu. Chaque jour le risque incendie est \u00e9valu\u00e9 et les \u00e9cogardes se chargent de l\u2019afficher au grand public.<\/p>\n<p>Depuis quelques mois, un nouveau panneau est d\u00e9velopp\u00e9, permettant de changer facilement les diff\u00e9rents niveaux d\u2019alerte. Pour les jours rouges (interdiction totale d\u2019acc\u00e8s \u00e0 l\u2019espace naturel), la sanction est affich\u00e9e clairement: 135 euros d\u2019amende.<\/p>\n<p>Lors des p\u00e9riodes o\u00f9 la menace incendie p\u00e8se, la sensibilisation est primordiale. \u00ab\u00a0On fait des patrouilles et on \u00e9change avec les gens pour bien leur expliquer qu\u2019il est interdit de fumer, de faire du bivouac, de laisser tra\u00eener des d\u00e9chets et pourquoi\u00a0\u00bb, rapporte Judith.<\/p>\n<p>Les \u00e9cogardes participent aussi \u00e0 des actions de sensibilisation en amont. Pour la saison \u00e0 venir, ils pr\u00e9voient de participer \u00e0 Gaffofeu \u00e0 La Seyne, un \u00e9v\u00e8nement accueillant des coll\u00e9giens pour leur apprendre les bons comportements face au risque incendie. Selon Judith \u00ab\u00a0c\u2019est important d\u2019adapter nos messages, de faire comprendre aux gens que c\u2019est pour leur bien et qu\u2019on ne dit pas juste non pour le plaisir\u00a0\u00bb.<\/p>\n<p>Une mission qui varie selon les secteurs<\/p>\n<p>Le travail plus technique est effectu\u00e9 plus t\u00f4t dans la saison. En hiver, une grande part de d\u00e9broussaillage est effectu\u00e9e, afin de s\u2019assurer qu\u2019en cas de catastrophe les pompiers puissent circuler en toute s\u00e9curit\u00e9.<\/p>\n<p>Certains \u00e9cogardes travaillent sur des secteurs recevant un afflux important de touristes en juillet et ao\u00fbt, comme la presqu&rsquo;\u00eele de Giens.<\/p>\n<p>\u00ab\u00a0Nous, on arrive encore \u00e0 g\u00e9rer, la route du cap Sici\u00e9 est ferm\u00e9e aux voitures, le nombre de visiteurs reste raisonnable\u00a0\u00bb, souffle Judith. Pour Fred, \u00ab\u00a0\u00e0 Fabregas, il y a moins de monde \u00e0 g\u00e9rer, car il n\u2019y a pas d\u2019activit\u00e9 \u00e9conomique et touristique\u00a0\u00bb.<\/p>\n","protected":false},"excerpt":{"rendered":"Entre le Faron, le cap Sici\u00e9, le massif de la Colle Noire ou encore les Salins d\u2019Hy\u00e8res, les&hellip;\n","protected":false},"author":2,"featured_media":326435,"comment_status":"","ping_status":"","sticky":false,"template":"","format":"standard","meta":{"footnotes":""},"categories":[9619],"tags":[1111,11,436,1777,674,1011,27,12,882,25,2310],"class_list":{"0":"post-326434","1":"post","2":"type-post","3":"status-publish","4":"format-standard","5":"has-post-thumbnail","7":"category-toulon","8":"tag-actu","9":"tag-actualites","10":"tag-environnement","11":"tag-eu","12":"tag-europe","13":"tag-fr","14":"tag-france","15":"tag-news","16":"tag-provence-alpes-cote-dazur","17":"tag-republique-francaise","18":"tag-toulon"},"share_on_mastodon":{"url":"https:\/\/pubeurope.com\/@fr\/115048340775159648","error":""},"_links":{"self":[{"href":"https:\/\/www.europesays.com\/fr\/wp-json\/wp\/v2\/posts\/326434","targetHints":{"allow":["GET"]}}],"collection":[{"href":"https:\/\/www.europesays.com\/fr\/wp-json\/wp\/v2\/posts"}],"about":[{"href":"https:\/\/www.europesays.com\/fr\/wp-json\/wp\/v2\/types\/post"}],"author":[{"embeddable":true,"href":"https:\/\/www.europesays.com\/fr\/wp-json\/wp\/v2\/users\/2"}],"replies":[{"embeddable":true,"href":"https:\/\/www.europesays.com\/fr\/wp-json\/wp\/v2\/comments?post=326434"}],"version-history":[{"count":0,"href":"https:\/\/www.europesays.com\/fr\/wp-json\/wp\/v2\/posts\/326434\/revisions"}],"wp:featuredmedia":[{"embeddable":true,"href":"https:\/\/www.europesays.com\/fr\/wp-json\/wp\/v2\/media\/326435"}],"wp:attachment":[{"href":"https:\/\/www.europesays.com\/fr\/wp-json\/wp\/v2\/media?parent=326434"}],"wp:term":[{"taxonomy":"category","embeddable":true,"href":"https:\/\/www.europesays.com\/fr\/wp-json\/wp\/v2\/categories?post=326434"},{"taxonomy":"post_tag","embeddable":true,"href":"https:\/\/www.europesays.com\/fr\/wp-json\/wp\/v2\/tags?post=326434"}],"curies":[{"name":"wp","href":"https:\/\/api.w.org\/{rel}","templated":true}]}}