{"id":326442,"date":"2025-08-18T06:34:17","date_gmt":"2025-08-18T06:34:17","guid":{"rendered":"https:\/\/www.europesays.com\/fr\/326442\/"},"modified":"2025-08-18T06:34:17","modified_gmt":"2025-08-18T06:34:17","slug":"avant-gf38-laval-gaetan-paquiez-on-a-besoin-de-notre-public-pour-faire-une-bonne-saison","status":"publish","type":"post","link":"https:\/\/www.europesays.com\/fr\/326442\/","title":{"rendered":"Avant GF38 \u2013 Laval. Ga\u00ebtan Paquiez\u00a0: \u00ab On a besoin de notre public pour faire une bonne saison\u00a0\u00bb"},"content":{"rendered":"<p style=\"font-size:20px\"><strong>Le capitaine du GF38 Ga\u00ebtan Paquiez, absent lors de la premi\u00e8re journ\u00e9e, a fait son retour dans le groupe qui pr\u00e9pare la r\u00e9ception du Stade Lavallois ce vendredi au Stade des Alpes. Il s\u2019est exprim\u00e9 avant la rencontre.\u00a0<\/strong><\/p>\n<p>\u00ab\u00a0Je suis un peu en avance sur les temps qu\u2019on m\u2019avait annonc\u00e9. Pour l\u2019instant je me sens bien, j\u2019esp\u00e8re que je pourrais aussi dire \u00e7a la semaine prochaine. De toute fa\u00e7on si dans ma carri\u00e8re je n\u2019avais jou\u00e9 que quand je n\u2019avais pas mal quelque part je n\u2019aurais pas beaucoup jou\u00e9 (sourire). L\u00e0 c\u2019est la premi\u00e8re fois que je me fais le genou mais sur les p\u00e9pins musculaires je suis toujours arriv\u00e9 \u00e0 revenir plus t\u00f4t que pr\u00e9vu. En tout cas je n\u2019ai pas d\u2019appr\u00e9hension. J\u2019ai fait une semaine assez l\u00e9g\u00e8re quand m\u00eame, avec une s\u00e9ance compl\u00e8te hier (mercredi). Ce qui m\u2019anime et qui me plait, c\u2019est la comp\u00e9tition. Malheureusement, je n\u2019ai pas pu \u00eatre l\u00e0 la semaine derni\u00e8re, j\u2019\u00e9tais frustr\u00e9 l\u00e0-dessus.<\/p>\n<p>Sur ce match \u00e0 Troyes, on est tous conscients qu\u2019on loupe compl\u00e8tement notre d\u00e9but de rencontre. Apr\u00e8s on fait des choses int\u00e9ressantes et c\u2019est ce carton rouge qui nous met dedans. Au final oui il y a la d\u00e9faite mais tout n\u2019est pas \u00e0 jeter.<\/p>\n<p>Je commence \u00e0 conna\u00eetre ce public. Les r\u00e9sultats c\u2019est important mais ce qu\u2019ils veulent, ce sont des joueurs qui mouillent le maillot. c\u2019est ce qu\u2019on va faire et c\u2019est ce que je vais essayer d\u2019amener moi aussi pour que les autres joueurs le fassent \u00e9galement. C\u2019est important sur les matchs \u00e0 domicile d\u2019\u00eatre soutenus, d\u2019\u00eatre support\u00e9s. On a besoin d\u2019eux pour faire une bonne saison.<\/p>\n<p>Laval va \u00eatre un match compliqu\u00e9. C\u2019est une \u00e9quipe qui connait bien la Ligue 2, qui finit ces derni\u00e8res saisons tr\u00e8s proche du Top 5. On s\u2019attend \u00e0 un match tr\u00e8s dur mais quand regarde le calendrier on sait qu\u2019on n\u2019a pas le choix\u00a0: il va falloir prendre des points, montrer qu\u2019on est l\u00e0. On n\u2019est pas dans l\u2019urgence mais pour se d\u00e9placer \u00e0 Clermont puis Saint-Etienne la t\u00eate plus tranquille, il nous faudra les trois points ce vendredi.\u00a0\u00bb<\/p>\n","protected":false},"excerpt":{"rendered":"Le capitaine du GF38 Ga\u00ebtan Paquiez, absent lors de la premi\u00e8re journ\u00e9e, a fait son retour dans le&hellip;\n","protected":false},"author":2,"featured_media":326443,"comment_status":"","ping_status":"","sticky":false,"template":"","format":"standard","meta":{"footnotes":""},"categories":[9566],"tags":[1111,11,2430,1777,674,1011,27,2731,12,25],"class_list":{"0":"post-326442","1":"post","2":"type-post","3":"status-publish","4":"format-standard","5":"has-post-thumbnail","7":"category-grenoble","8":"tag-actu","9":"tag-actualites","10":"tag-auvergne-rhone-alpes","11":"tag-eu","12":"tag-europe","13":"tag-fr","14":"tag-france","15":"tag-grenoble","16":"tag-news","17":"tag-republique-francaise"},"share_on_mastodon":{"url":"https:\/\/pubeurope.com\/@fr\/115048380099979789","error":""},"_links":{"self":[{"href":"https:\/\/www.europesays.com\/fr\/wp-json\/wp\/v2\/posts\/326442","targetHints":{"allow":["GET"]}}],"collection":[{"href":"https:\/\/www.europesays.com\/fr\/wp-json\/wp\/v2\/posts"}],"about":[{"href":"https:\/\/www.europesays.com\/fr\/wp-json\/wp\/v2\/types\/post"}],"author":[{"embeddable":true,"href":"https:\/\/www.europesays.com\/fr\/wp-json\/wp\/v2\/users\/2"}],"replies":[{"embeddable":true,"href":"https:\/\/www.europesays.com\/fr\/wp-json\/wp\/v2\/comments?post=326442"}],"version-history":[{"count":0,"href":"https:\/\/www.europesays.com\/fr\/wp-json\/wp\/v2\/posts\/326442\/revisions"}],"wp:featuredmedia":[{"embeddable":true,"href":"https:\/\/www.europesays.com\/fr\/wp-json\/wp\/v2\/media\/326443"}],"wp:attachment":[{"href":"https:\/\/www.europesays.com\/fr\/wp-json\/wp\/v2\/media?parent=326442"}],"wp:term":[{"taxonomy":"category","embeddable":true,"href":"https:\/\/www.europesays.com\/fr\/wp-json\/wp\/v2\/categories?post=326442"},{"taxonomy":"post_tag","embeddable":true,"href":"https:\/\/www.europesays.com\/fr\/wp-json\/wp\/v2\/tags?post=326442"}],"curies":[{"name":"wp","href":"https:\/\/api.w.org\/{rel}","templated":true}]}}