{"id":326444,"date":"2025-08-18T06:40:32","date_gmt":"2025-08-18T06:40:32","guid":{"rendered":"https:\/\/www.europesays.com\/fr\/326444\/"},"modified":"2025-08-18T06:40:32","modified_gmt":"2025-08-18T06:40:32","slug":"rennes-sur-la-piste-dun-attaquant-du-sporting-portugal-pour-remplacer-kalimuendo","status":"publish","type":"post","link":"https:\/\/www.europesays.com\/fr\/326444\/","title":{"rendered":"Rennes sur la piste d\u2019un attaquant du Sporting Portugal pour remplacer Kalimuendo"},"content":{"rendered":"<p>Apr\u00e8s le d\u00e9part de Kalimuendo vers la Premier League dans les prochaines heures, Rennes piste d\u00e9sormais Conrad Harder, attaquant du Sporting Portugal.<\/p>\n<p class=\"fig-paragraph\">Nouvel international danois depuis le 23 mars dernier,\u00a0<a href=\"http:\/\/www.lefigaro.fr\/sports\/football\/foot-apres-le-championnat-le-sporting-s-adjuge-la-coupe-du-portugal-face-a-benfica-20250525\" data-fig-type=\"NewsFlash\" data-gtm-custom-categorie=\"navigation\" data-gtm-custom-action=\"crossclick\" data-gtm-custom-label=\"Contextuel\" data-gtm-event=\"customEventSPE\" data-fig-domain=\"LEFIGARO\" rel=\"nofollow noopener\" target=\"_blank\">Conrad Harder<\/a>\u00a0est sur les tablettes de Rennes. Selon les informations de\u00a0<a href=\"https:\/\/www.lequipe.fr\/Football\/Actualites\/Mercato-rennes-cible-conrad-harder-l-attaquant-du-sporting-cp\/1585746\" target=\"_blank\" rel=\"sponsored noopener nofollow\" data-gtm-custom-categorie=\"navigation\" data-gtm-custom-action=\"crossclick\" data-gtm-custom-label=\"Contextuel\" data-gtm-event=\"customEventSPE\">l\u2019\u00c9quipe<\/a>, il viendrait remplace Kalimuendo sur le d\u00e9part vers Nottingham Forest. Alors qu\u2019il avait rejoint le club lisbo\u00e8te, son contrat se terminera en 2029.<\/p>\n<p class=\"fig-paragraph\">Joueur de 20 ans, il a inscrit 11 buts en 47 matches, toutes comp\u00e9titions confondues, avec le club portugais lors de la saison pass\u00e9e.<\/p>\n","protected":false},"excerpt":{"rendered":"Apr\u00e8s le d\u00e9part de Kalimuendo vers la Premier League dans les prochaines heures, Rennes piste d\u00e9sormais Conrad Harder,&hellip;\n","protected":false},"author":2,"featured_media":326445,"comment_status":"","ping_status":"","sticky":false,"template":"","format":"standard","meta":{"footnotes":""},"categories":[2821],"tags":[1111,11,829,1777,674,1011,27,1434,12,584,25,3087],"class_list":{"0":"post-326444","1":"post","2":"type-post","3":"status-publish","4":"format-standard","5":"has-post-thumbnail","7":"category-rennes","8":"tag-actu","9":"tag-actualites","10":"tag-bretagne","11":"tag-eu","12":"tag-europe","13":"tag-fr","14":"tag-france","15":"tag-mercato","16":"tag-news","17":"tag-rennes","18":"tag-republique-francaise","19":"tag-stade-rennais"},"share_on_mastodon":{"url":"https:\/\/pubeurope.com\/@fr\/115048403718585931","error":""},"_links":{"self":[{"href":"https:\/\/www.europesays.com\/fr\/wp-json\/wp\/v2\/posts\/326444","targetHints":{"allow":["GET"]}}],"collection":[{"href":"https:\/\/www.europesays.com\/fr\/wp-json\/wp\/v2\/posts"}],"about":[{"href":"https:\/\/www.europesays.com\/fr\/wp-json\/wp\/v2\/types\/post"}],"author":[{"embeddable":true,"href":"https:\/\/www.europesays.com\/fr\/wp-json\/wp\/v2\/users\/2"}],"replies":[{"embeddable":true,"href":"https:\/\/www.europesays.com\/fr\/wp-json\/wp\/v2\/comments?post=326444"}],"version-history":[{"count":0,"href":"https:\/\/www.europesays.com\/fr\/wp-json\/wp\/v2\/posts\/326444\/revisions"}],"wp:featuredmedia":[{"embeddable":true,"href":"https:\/\/www.europesays.com\/fr\/wp-json\/wp\/v2\/media\/326445"}],"wp:attachment":[{"href":"https:\/\/www.europesays.com\/fr\/wp-json\/wp\/v2\/media?parent=326444"}],"wp:term":[{"taxonomy":"category","embeddable":true,"href":"https:\/\/www.europesays.com\/fr\/wp-json\/wp\/v2\/categories?post=326444"},{"taxonomy":"post_tag","embeddable":true,"href":"https:\/\/www.europesays.com\/fr\/wp-json\/wp\/v2\/tags?post=326444"}],"curies":[{"name":"wp","href":"https:\/\/api.w.org\/{rel}","templated":true}]}}